{"id":12611,"date":"2020-12-01T11:46:26","date_gmt":"2020-12-01T10:46:26","guid":{"rendered":"https:\/\/wp.muchomaas.com\/article-sandrine-rousseau-il-peut-y-avoir-un-enthousiasme-pour-une-femme-presidente-de\/"},"modified":"2023-06-24T00:06:53","modified_gmt":"2023-06-23T22:06:53","slug":"article-sandrine-rousseau-il-peut-y-avoir-un-enthousiasme-pour-une-femme-presidente-de","status":"publish","type":"post","link":"https:\/\/archives.regards.fr\/?p=12611","title":{"rendered":"Sandrine Rousseau : \u00ab Il peut y avoir un enthousiasme pour une femme pr\u00e9sidente de la R\u00e9publique \u00bb"},"content":{"rendered":"<p class=\"post_excerpt\">Premier accroc dans la primaire \u00e9cologiste apr\u00e8s que Yannick Jadot a d\u00e9clar\u00e9 que <em>\u00ab si la primaire \u00e9cologiste devait \u00eatre une machine \u00e0 perdre, il prendrait ses responsabilit\u00e9s \u00bb<\/em>. Sandrine Rousseau, \u00e9conomiste et candidate \u00e0 la primaire des \u00e9cologistes, est l\u2019invit\u00e9e de #LaMidinale.<\/p>\n<h2>UNE MIDINALE \u00c0 VOIR&#8230;<\/h2>\n<p><iframe loading=\"lazy\" width=\"490\" height=\"276\" src=\"https:\/\/www.youtube.com\/embed\/EFKIqQcsHA8\" frameborder=\"0\" allow=\"accelerometer; autoplay; clipboard-write; encrypted-media; gyroscope; picture-in-picture\" allowfullscreen><\/iframe><\/p>\n<p>&nbsp;<\/p>\n<p><h2>ET \u00c0 LIRE&#8230;<\/h2>\n<p><em>\u00a0<strong>Sur le combat contre les violences sexuelles<\/em>\u00a0<\/strong><br \/>\n\u00ab\u00a0Avec un bagage d\u2019\u00e9conomie, de chercheuse depuis plus de 20 ans, mais aussi mon exp\u00e9rience politique et \u00e0 l\u2019universit\u00e9, on me renvoie toujours au combat contre les violences sexuelles.\u00a0\u00bb<br \/>\n\u00ab\u00a0C\u2019est une \u00e9norme force. On a \u00e9t\u00e9 parmi les premi\u00e8res \u00e0 en parler, un an avant #MeToo.\u00a0C\u2019\u00e9tait pas facile de parler des violences sexuelles au sein de notre parti. \u00bb<br \/>\n\u00ab\u00a0EELV devrait \u00eatre extr\u00eamement fi\u00e8re d\u2019\u00eatre le seul parti \u00e0 avoir r\u00e9ellement pris la mesure de ce qu\u2019il s\u2019\u00e9tait pass\u00e9 et devrait m\u00eame \u00eatre extr\u00eamement fi\u00e8re de soutenir \u00e0 l\u2019\u00e9lection pr\u00e9sidentielle une candidate qui a incarn\u00e9 d\u2019une certaine mani\u00e8re le mouvement #MeToo.\u00a0\u00bb<br \/>\n\u00ab\u00a0Ce combat est un combat d\u2019\u00e9galit\u00e9 entre les femmes et les hommes, un combat universel.\u00a0\u00bb<\/p>\n<p><em>\u00a0<strong>Sur une femme pr\u00e9sidente de la R\u00e9publique\u00a0<\/em>\u00a0<\/strong><br \/>\n\u00ab\u00a0Je pense qu\u2019on arrive \u00e0 la fin d\u2019un syst\u00e8me politique avec une tr\u00e8s forte personnification du pouvoir et des hommes qui d\u00e9cident \u00e0 huit clos.\u00a0\u00bb<br \/>\n\u00ab\u00a0Ce dont les Fran\u00e7ais ont besoin c\u2019est d\u2019une rupture dans sa repr\u00e9sentation.\u00a0\u00bb<br \/>\n\u00ab\u00a0Il peut y avoir un enthousiasme\u00a0pour une femme pr\u00e9sidente de la R\u00e9publique.\u00a0\u00bb<\/p>\n<p><em>\u00a0<strong>Sur la ligne politique de Sandrine Rousseau\u00a0<\/em>\u00a0<\/strong><br \/>\n\u00ab\u00a0Ma ligne sur la primaire c\u2019est d\u2019assumer une radicalit\u00e9 environnementale. On ne peut pas continuer comme \u00e7a et on doit prendre des mesures qui ne sont pas justes un am\u00e9nagement de ce qui existe. Il faut changer profond\u00e9ment notre syst\u00e8me.\u00a0\u00bb<br \/>\n\u00ab\u00a0On doit revoir notre contrat social. On doit recentrer nos besoins essentiels sur le contrat social.\u00a0\u00bb<br \/>\n\u00ab\u00a0Il faut revoir notre d\u00e9mocratie parce qu\u2019elle n\u2019est pas repr\u00e9sentative.\u00a0\u00bb<br \/>\n\u00ab\u00a0Les deux mouvements de domination des hommes sur la nature et des hommes sur les femmes sont \u00e0 d\u00e9construire.\u00a0\u00bb<\/p>\n<p><em>\u00a0<strong>Sur ce qui la distingue de Piolle et de Jadot\u00a0<\/em>\u00a0<\/strong><br \/>\n\u00ab\u00a0On a une partie commune et c\u2019est heureux.\u00a0\u00bb<br \/>\n\u00ab\u00a0Il y a des diff\u00e9rences de positionnement politique. On en porte pas toutes et tous la m\u00eame chose, comme la question de la radicalit\u00e9.\u00a0\u00bb<br \/>\n\u00ab\u00a0Le moment n\u2019est pas \u00e0 avoir un homme providentiel. Le moment est tout au contraire de transformer les codes politiques et il y aura un enthousiasme derri\u00e8re \u00e7a et j\u2019esp\u00e8re bien le porter.\u00a0\u00bb<\/p>\n<p><em>\u00a0<strong>Sur la d\u00e9claration de Yannick Jadot sur la primaire \u00e9cologiste<\/em>\u00a0<\/strong><br \/>\n\u00ab\u00a0C\u2019est une menace ou un avertissement. Et quand on menace ou qu\u2019on avertit, on n\u2019est pas dans la co-construction.\u00a0\u00bb<br \/>\n\u00ab\u00a0Les militants d\u2019un parti donnent beaucoup de leur temps et ils se doivent d\u2019\u00eatre respect\u00e9s.\u00a0\u00bb<br \/>\n\u00ab\u00a0Yannick Jadot a un comportement politique d\u2019homme providentiel. Il n\u2019a pas un comportement d\u2019homme politique qui co-construit.\u00a0\u00bb<\/p>\n<p><em>\u00a0<strong>Sur les partenaires de gauche<\/em>\u00a0<\/strong><br \/>\n\u00ab\u00a0Je tendrai la main aux partenaires de gauche dans la seconde m\u00eame [si elle \u00e9tait \u00e9lue candidate pour les \u00e9cologistes]. L\u2019important est de cr\u00e9er du collectif.\u00a0\u00bb<br \/>\n\u00ab\u00a0Je discuterai des conditions d\u2019un rassemblement au sein de la famille \u00e9cologiste et au-del\u00e0 de la famille \u00e9cologiste.\u00a0\u00bb<br \/>\n\u00ab\u00a0La question du rassemblement doit \u00eatre mise sur la table sur la base des valeurs que l\u2019on d\u00e9fend et non sur des pr\u00e9suppos\u00e9s des valeurs que d\u00e9fendent les autres.\u00a0\u00bb<br \/>\n\u00ab\u00a0La question de la croissance doit \u00eatre remise en cause.\u00a0L\u2019infini n\u2019est pas sur cette terre. \u00bb<br \/>\n\u00ab\u00a0Je revendique les valeurs de la gauche.\u00a0\u00bb<br \/>\n\u00ab\u00a0Nous devons repenser ce qui donne notre pens\u00e9e \u00e0 gauche.\u00a0\u00bb<br \/>\n\u00ab\u00a0Jean-Luc M\u00e9lenchon a une r\u00e9flexion extr\u00eamement construite sur la situation politique et notre soci\u00e9t\u00e9.\u00a0Et m\u00eame si on ne partage pas l\u2019int\u00e9gralit\u00e9 de ce qu\u2019il porte, \u00e9videmment qu\u2019on doit discuter avec lui sans aucune esp\u00e8ce d\u2019h\u00e9sitation.\u00a0\u00bb<\/p>\n<p><em>\u00a0<strong>Sur la police\u00a0<\/em>\u00a0<\/strong><br \/>\n\u00ab\u00a0Il y a un syst\u00e8me qui organise la violence vis-\u00e0-vis des plus faibles et des plus vuln\u00e9rables.\u00a0\u00bb<br \/>\n\u00ab\u00a0Si on veut une police qui soit digne, et qui soit respect\u00e9e par les citoyens, il faut qu\u2019elle-m\u00eame les respecte. \u00bb<br \/>\n\u00ab\u00a0On perd le contr\u00f4le sur ce qui est sens\u00e9 garantir notre s\u00e9curit\u00e9.\u00a0\u00bb<div id='gallery-1' class='gallery galleryid-12611 gallery-columns-3 gallery-size-thumbnail'><figure class='gallery-item'>\n\t\t\t<div class='gallery-icon landscape'>\n\t\t\t\t<a href='https:\/\/archives.regards.fr\/wp-content\/uploads\/2020\/12\/capture_d_e_cran_2020-12-01_a_11-79e.41.05.png'><img loading=\"lazy\" decoding=\"async\" width=\"150\" height=\"150\" src=\"https:\/\/archives.regards.fr\/wp-content\/uploads\/2020\/12\/capture_d_e_cran_2020-12-01_a_11-79e.41.05-150x150.png\" class=\"attachment-thumbnail size-thumbnail\" alt=\"capture_d_e_cran_2020-12-01_a_11.41.05.png\" \/><\/a>\n\t\t\t<\/div><\/figure>\n\t\t<\/div>\n<\/p>\n","protected":false},"excerpt":{"rendered":"<p>Premier accroc dans la primaire \u00e9cologiste apr\u00e8s que Yannick Jadot a d\u00e9clar\u00e9 que <em>\u00ab si la primaire \u00e9cologiste devait \u00eatre une machine \u00e0 perdre, il prendrait ses responsabilit\u00e9s \u00bb<\/em>. Sandrine Rousseau, \u00e9conomiste et candidate \u00e0 la primaire des \u00e9cologistes, est l\u2019invit\u00e9e de #LaMidinale.<\/p>\n","protected":false},"author":1204,"featured_media":29978,"comment_status":"open","ping_status":"open","sticky":false,"template":"","format":"standard","meta":{"_themeisle_gutenberg_block_has_review":false,"footnotes":""},"categories":[238],"tags":[293],"class_list":["post-12611","post","type-post","status-publish","format-standard","has-post-thumbnail","hentry","category-la-midinale","tag-entretien"],"_links":{"self":[{"href":"https:\/\/archives.regards.fr\/index.php?rest_route=\/wp\/v2\/posts\/12611","targetHints":{"allow":["GET"]}}],"collection":[{"href":"https:\/\/archives.regards.fr\/index.php?rest_route=\/wp\/v2\/posts"}],"about":[{"href":"https:\/\/archives.regards.fr\/index.php?rest_route=\/wp\/v2\/types\/post"}],"author":[{"embeddable":true,"href":"https:\/\/archives.regards.fr\/index.php?rest_route=\/wp\/v2\/users\/1204"}],"replies":[{"embeddable":true,"href":"https:\/\/archives.regards.fr\/index.php?rest_route=%2Fwp%2Fv2%2Fcomments&post=12611"}],"version-history":[{"count":0,"href":"https:\/\/archives.regards.fr\/index.php?rest_route=\/wp\/v2\/posts\/12611\/revisions"}],"wp:featuredmedia":[{"embeddable":true,"href":"https:\/\/archives.regards.fr\/index.php?rest_route=\/wp\/v2\/media\/29978"}],"wp:attachment":[{"href":"https:\/\/archives.regards.fr\/index.php?rest_route=%2Fwp%2Fv2%2Fmedia&parent=12611"}],"wp:term":[{"taxonomy":"category","embeddable":true,"href":"https:\/\/archives.regards.fr\/index.php?rest_route=%2Fwp%2Fv2%2Fcategories&post=12611"},{"taxonomy":"post_tag","embeddable":true,"href":"https:\/\/archives.regards.fr\/index.php?rest_route=%2Fwp%2Fv2%2Ftags&post=12611"}],"curies":[{"name":"wp","href":"https:\/\/api.w.org\/{rel}","templated":true}]}}