{"id":12609,"date":"2020-11-30T13:50:33","date_gmt":"2020-11-30T12:50:33","guid":{"rendered":"https:\/\/wp.muchomaas.com\/article-aurelien-beaucamp-il-y-a-une-discrimination-institutionnalisee-des-personnes\/"},"modified":"2023-06-24T00:06:50","modified_gmt":"2023-06-23T22:06:50","slug":"article-aurelien-beaucamp-il-y-a-une-discrimination-institutionnalisee-des-personnes","status":"publish","type":"post","link":"https:\/\/archives.regards.fr\/?p=12609","title":{"rendered":"Aur\u00e9lien Beaucamp : \u00ab Il y a une discrimination institutionnalis\u00e9e des personnes porteuses du VIH \u00bb"},"content":{"rendered":"<p class=\"post_excerpt\">Demain 1er d\u00e9cembre, c\u2019est la journ\u00e9e de lutte contre le Sida. En pleine crise sanitaire du Covid, o\u00f9 en est la lutte contre le VIH ? Aur\u00e9lien Beaucamp, pr\u00e9sident de l\u2019association AIDES, est l\u2019invit\u00e9 de #LaMidinale.<\/p>\n<h2>UNE MIDINALE \u00c0 VOIR&#8230;<\/h2>\n<p><iframe loading=\"lazy\" width=\"490\" height=\"276\" src=\"https:\/\/www.youtube.com\/embed\/gHnHX58ddMA\" frameborder=\"0\" allow=\"accelerometer; autoplay; clipboard-write; encrypted-media; gyroscope; picture-in-picture\" allowfullscreen><\/iframe><\/p>\n<p>&nbsp;<\/p>\n<p><h2>ET \u00c0 LIRE&#8230;<\/h2>\n<p><em>\u00a0<strong>Sur l\u2019\u00e9volution du VIH<\/em>\u00a0<\/strong><br \/>\n\u00ab\u00a0On est \u00e0 un moment o\u00f9 on sait qu\u2019on peut mettre fin \u00e0 l\u2019\u00e9pid\u00e9mie d\u2019ici 2030 m\u00eame si on aura pas de vaccin.\u00a0\u00bb<br \/>\n\u00ab\u00a0On a des traitements qui sont tr\u00e8s efficaces aujourd\u2019hui.\u00a0\u00bb<br \/>\n\u00ab\u00a0Si demain on d\u00e9piste toutes les personnes qui ignorent leur statut s\u00e9rologique et qu\u2019on les met toutes sous traitement, on va arriver \u00e0 la fin de l\u2019\u00e9pid\u00e9mie.\u00a0\u00bb<br \/>\n\u00ab\u00a0On a tard\u00e9 \u00e0 agir en cons\u00e9quence.\u00a0\u00bb<br \/>\n\u00ab\u00a0La lutte contre l\u2019\u00e9pid\u00e9mie est devenu un combat politique.\u00a0\u00bb<br \/>\n\u00ab\u00a0Une personne qui vit aujourd\u2019hui avec le VIH ne transmet plus la maladie \u00e0 partir du moment o\u00f9 elle a un traitement.\u00a0\u00bb<br \/>\n\u00ab\u00a0700.000 personnes dans le monde meurent chaque ann\u00e9e des suites d\u2019une complication li\u00e9e au VIH.\u00a0\u00bb<br \/>\n\u00ab\u00a0Il y a 6200 contaminations chaque ann\u00e9e en France.\u00a0\u00bb<\/p>\n<p><em>\u00a0<strong>Sur la PrEP<\/em>\u00a0<\/strong><br \/>\n\u00ab\u00a0La PrEP est arriv\u00e9 en 2016 et \u00e7a a \u00e9t\u00e9 un de mes premiers combats lorsque je suis devenu pr\u00e9sident d\u2019AIDES.\u00a0\u00bb<br \/>\n\u00ab\u00a0Il s\u2019agit de prendre un traitement, sous forme de pilules, avant d\u2019\u00eatre expos\u00e9 aux risques : \u00e7a r\u00e9volutionne la palette d\u2019outils de pr\u00e9vention qu\u2019on a \u00e0 notre disposition avec le d\u00e9pistage, le pr\u00e9servatif, le traitement.\u00a0\u00bb<br \/>\n\u00ab\u00a0Au d\u00e9part, c\u2019\u00e9tait r\u00e9serv\u00e9 aux populations les plus vuln\u00e9rables.\u00a0\u00bb<br \/>\n\u00ab\u00a0Le d\u00e9ploiement de la PrEP ne s\u2019est pas fait \u00e0 la hauteur.\u00a0\u00bb<br \/>\n\u00ab\u00a0Aujourd\u2019hui, apr\u00e8s quatre ans d\u2019existence, on traine encore la patte avec seulement 25.000 ou 30.000 personnes sous PrEP et 95% de personnes gays ou bi.\u00a0\u00bb<br \/>\n\u00ab\u00a0Il faut qu\u2019on arrive \u00e0 toucher d\u2019autres populations, notamment les plus vuln\u00e9rables, comme les migrants par exemple.\u00a0\u00bb<br \/>\n\u00ab\u00a0On n\u2019a pas eu de campagne nationale pour parler de la PrEP ou de l\u2019ind\u00e9tectabilit\u00e9.\u00a0\u00bb<br \/>\n\u00ab\u00a0Il faut que l\u2019Etat prenne ses responsabilit\u00e9s et qu\u2019il continue de mani\u00e8re plus poussive ses messages de pr\u00e9vention.\u00a0\u00bb<\/p>\n<p><em>\u00a0<strong>Sur VIH et Covid<\/em>\u00a0<\/strong><br \/>\n\u00ab\u00a0Pour le Covid, on a fait comme si rien n\u2019avait exist\u00e9. On n\u2019a pas pris en compte l\u2019exp\u00e9rience des diff\u00e9rentes pathologies et \u00e9pid\u00e9mies qu\u2019on a pu avoir auparavant &#8211; m\u00eame si on se rappelle de ce qu\u2019il s\u2019est pass\u00e9.\u00a0\u00bb<br \/>\n\u00ab\u00a0Les populations qui ne vont pas bien \u00e0 la base, vont encore moins bien aujourd\u2019hui. On rajoute de la discrimination \u00e0 la discrimination et de la pr\u00e9carit\u00e9 \u00e0 la pr\u00e9carit\u00e9.\u00a0\u00bb<\/p>\n<p><em>\u00a0<strong>Sur les discriminations et la s\u00e9rophobie<\/em>\u00a0<\/strong><br \/>\n\u00ab\u00a0Quand on traite de VIH ou d\u2019h\u00e9patites, il faut aussi traiter de la lutte contre les discriminations.\u00a0\u00bb<br \/>\n\u00ab\u00a0Les migrants, les travailleurs du sexe ou les usagers de drogue se trouvent aujourd\u2019hui plus encore mis au ban de la soci\u00e9t\u00e9.\u00a0\u00bb<br \/>\n\u00ab\u00a0Il y a un syst\u00e8me de discrimination en France qui est presque institutionnalis\u00e9.\u00a0\u00bb<br \/>\n\u00ab\u00a0Autant le VIH n\u2019est plus une maladie mortelle, c\u2019est une pathologie chronique, autant la vision d\u2019une personne qui vit avec le VIH n\u2019a pas chang\u00e9 : il y a une culpabilisation.\u00a0\u00bb<br \/>\n\u00ab\u00a0La s\u00e9rophobie est pr\u00e9sente dans la famille ou au travail. Certains m\u00e9tiers sont ferm\u00e9s aux personnes qui vivent avev le VIH : les m\u00e9tiers de l\u2019arm\u00e9e, les pompiers. Beaucoup des m\u00e9tiers de la fonction publique.\u00a0\u00bb<br \/>\n\u00ab\u00a0Quand vous avez le VIH vous avez des surcotes dans les assurances ou les emprunts. C\u2019est une discrimination institutionnalis\u00e9e.\u00a0\u00bb<div id='gallery-1' class='gallery galleryid-12609 gallery-columns-3 gallery-size-thumbnail'><figure class='gallery-item'>\n\t\t\t<div class='gallery-icon landscape'>\n\t\t\t\t<a href='https:\/\/archives.regards.fr\/wp-content\/uploads\/2020\/11\/capture_d_e_cran_2020-11-30_a_13-ddb.46.58.png'><img loading=\"lazy\" decoding=\"async\" width=\"150\" height=\"150\" src=\"https:\/\/archives.regards.fr\/wp-content\/uploads\/2020\/11\/capture_d_e_cran_2020-11-30_a_13-ddb.46.58-150x150.png\" class=\"attachment-thumbnail size-thumbnail\" alt=\"capture_d_e_cran_2020-11-30_a_13.46.58.png\" \/><\/a>\n\t\t\t<\/div><\/figure>\n\t\t<\/div>\n<\/p>\n","protected":false},"excerpt":{"rendered":"<p>Demain 1er d\u00e9cembre, c\u2019est la journ\u00e9e de lutte contre le Sida. En pleine crise sanitaire du Covid, o\u00f9 en est la lutte contre le VIH ? Aur\u00e9lien Beaucamp, pr\u00e9sident de l\u2019association AIDES, est l\u2019invit\u00e9 de #LaMidinale.<\/p>\n","protected":false},"author":1204,"featured_media":29974,"comment_status":"open","ping_status":"open","sticky":false,"template":"","format":"standard","meta":{"_themeisle_gutenberg_block_has_review":false,"footnotes":""},"categories":[238],"tags":[293],"class_list":["post-12609","post","type-post","status-publish","format-standard","has-post-thumbnail","hentry","category-la-midinale","tag-entretien"],"_links":{"self":[{"href":"https:\/\/archives.regards.fr\/index.php?rest_route=\/wp\/v2\/posts\/12609","targetHints":{"allow":["GET"]}}],"collection":[{"href":"https:\/\/archives.regards.fr\/index.php?rest_route=\/wp\/v2\/posts"}],"about":[{"href":"https:\/\/archives.regards.fr\/index.php?rest_route=\/wp\/v2\/types\/post"}],"author":[{"embeddable":true,"href":"https:\/\/archives.regards.fr\/index.php?rest_route=\/wp\/v2\/users\/1204"}],"replies":[{"embeddable":true,"href":"https:\/\/archives.regards.fr\/index.php?rest_route=%2Fwp%2Fv2%2Fcomments&post=12609"}],"version-history":[{"count":0,"href":"https:\/\/archives.regards.fr\/index.php?rest_route=\/wp\/v2\/posts\/12609\/revisions"}],"wp:featuredmedia":[{"embeddable":true,"href":"https:\/\/archives.regards.fr\/index.php?rest_route=\/wp\/v2\/media\/29974"}],"wp:attachment":[{"href":"https:\/\/archives.regards.fr\/index.php?rest_route=%2Fwp%2Fv2%2Fmedia&parent=12609"}],"wp:term":[{"taxonomy":"category","embeddable":true,"href":"https:\/\/archives.regards.fr\/index.php?rest_route=%2Fwp%2Fv2%2Fcategories&post=12609"},{"taxonomy":"post_tag","embeddable":true,"href":"https:\/\/archives.regards.fr\/index.php?rest_route=%2Fwp%2Fv2%2Ftags&post=12609"}],"curies":[{"name":"wp","href":"https:\/\/api.w.org\/{rel}","templated":true}]}}