{"id":12605,"date":"2020-11-27T12:39:15","date_gmt":"2020-11-27T11:39:15","guid":{"rendered":"https:\/\/wp.muchomaas.com\/article-gerard-miller-comme-petain-en-1940-ce-que-l-on-nous-dit-aujourd-hui-c-est-fini\/"},"modified":"2023-06-24T00:06:36","modified_gmt":"2023-06-23T22:06:36","slug":"article-gerard-miller-comme-petain-en-1940-ce-que-l-on-nous-dit-aujourd-hui-c-est-fini","status":"publish","type":"post","link":"https:\/\/archives.regards.fr\/?p=12605","title":{"rendered":"G\u00e9rard Miller : \u00ab Comme P\u00e9tain en 1940, ce que l\u2019on nous dit aujourd\u2019hui, c\u2019est : fini de jouir \u00bb"},"content":{"rendered":"<p class=\"post_excerpt\">Selon une \u00e9tude, 21% des Fran\u00e7ais seraient en \u00e9tat d\u00e9pressif, soit deux fois plus que fin septembre, selon CoviPrev, une enqu\u00eate nationale de Sant\u00e9 publique France. L\u2019\u00e9tat psychique des Fran\u00e7ais est-il pris au s\u00e9rieux ? G\u00e9rard Miller, psychanalyste, est l\u2019invit\u00e9 de #LaMidinale.<\/p>\n<h2>UNE MIDINALE \u00c0 VOIR&#8230;<\/h2>\n<p><iframe loading=\"lazy\" width=\"490\" height=\"276\" src=\"https:\/\/www.youtube.com\/embed\/S-ix5OmtRIQ\" frameborder=\"0\" allow=\"accelerometer; autoplay; clipboard-write; encrypted-media; gyroscope; picture-in-picture\" allowfullscreen><\/iframe><\/p>\n<p>&nbsp;<\/p>\n<p><h2>ET \u00c0 LIRE&#8230;<\/h2>\n<p><em>\u00a0<strong>Sur l\u2019\u00e9tat d\u00e9pressif de la soci\u00e9t\u00e9 fran\u00e7aise<\/em>\u00a0<\/strong>\u00a0<br \/>\n\u00ab\u00a0Le confinement 1 et le confinement 2 n\u2019ont rien \u00e0 voir.\u00a0\u00bb<br \/>\n\u00ab\u00a0Dans le confinement 1, il y a eu beaucoup des souffrances et nul ne saurait les minimiser.\u00a0Mais pour des millions de personnes, aussi paradoxal que \u00e7a a pu appara\u00eetre, \u00e9tait plut\u00f4t un moment agr\u00e9able d\u2019un point de vue psychologique. \u00bb<br \/>\n\u00ab\u00a0Dans le confinement 1, pour l\u2019immense majorit\u00e9 des patients que j\u2019avais au t\u00e9l\u00e9phone, j\u2019\u00e9tais frapp\u00e9 de voir que les gens \u00e9taient plut\u00f4t heureux. Et surtout ils pensaient au monde d\u2019apr\u00e8s, comme un monde meilleur o\u00f9 on tirerait les le\u00e7ons de cette pand\u00e9mie et du reste : produire plus pr\u00e8s, avoir des m\u00e9dicaments sans les faire venir de Chine, travailler moins\u2026\u00a0\u00bb<br \/>\n\u00ab\u00a0Ce confinement num\u00e9ro 2 est totalement diff\u00e9rent. Je vois les gens \u2013 y compris sur le divan \u2013 \u00eatre beaucoup plus malheureux psychologiquement avec un sentiment d\u2019avenir bouch\u00e9. Et je crois que le gouvernent contribue \u00e0 \u00e7a.\u00a0\u00bb<br \/>\n\u00ab\u00a0Il s\u2019agit d\u2019abord d\u2019une d\u00e9tresse individuelle, d\u2019abord. Les gens ont le sentiment d\u2019\u00eatre abandonn\u00e9s.\u00a0\u00bb<br \/>\n\u00ab\u00a0Nous sommes l\u00e2ch\u00e9s par nos id\u00e9aux.\u00a0\u00bb<br \/>\n\u00ab\u00a0C\u2019est une p\u00e9riode psychologiquement d\u00e9pressive parce qu\u2019il n\u2019y a plus la possibilit\u00e9 de croire que l\u2019exp\u00e9rience douloureuse que nous traversons sera un temps soit peu prometteuse.\u00a0\u00bb<br \/>\n\u00ab\u00a0Cette p\u00e9riode psychologiquement d\u00e9pressive me rappelle la p\u00e9riode de 1940. En 1940, au moment de la d\u00e9faite, les fran\u00e7ais ont eu le sentiment qu\u2019ils \u00e9taient l\u00e2ch\u00e9s de toute part (\u2026).\u00a0P\u00e9tain consid\u00e9rait que les souffrances qu\u2019enduraient les Fran\u00e7ais \u00e9taient essentiellement dues qu\u2019on avait pris trop de plaisir. P\u00e9tain \u00e9tait celui qui disait : fini de jouir. Est-ce que vous n\u2019\u00eates pas sensible au fait que c\u2019est exactement \u00e7a qu\u2019on nous dit aujourd\u2019hui. \u00bb<br \/>\n\u00ab\u00a0Comme en 1940 on nous explique qu\u2019il y a une culpabilit\u00e9 de notre part. Il y a quelque chose qui va dans le sens de la d\u00e9pression.\u00a0\u00bb<\/p>\n<p><strong>\u00a0<em>Sur les cons\u00e9quences \u00e9conomiques, sociales et culturelles de la crise sanitaire<\/em> <\/strong>\u00a0\u00a0<br \/>\n\u00ab\u00a0Pour un certain nombre de gens, cette crise est une aubaine.\u00a0Il y a un enrichissement insens\u00e9 d\u2019une poign\u00e9e d\u2019individus. \u00bb<br \/>\n\u00ab\u00a0La d\u00e9pression que nous connaissons aujourd\u2019hui n\u2019est pas seulement li\u00e9e \u00e0 la situation \u00e9conomique m\u00eame si elle est une donn\u00e9e essentielle.\u00a0\u00bb<br \/>\n\u00ab\u00a0Les \u00e9tudiants sont par exemple \u00e0 bout de souffle parce qu\u2019ils vivent dans des conditions pr\u00e9caires, qu\u2019ils n\u2019ont plus la possibilit\u00e9 d\u2019avoir ce rapport au savoir qui est un soutien dans l\u2019existence : nous apprenons aussi pour aller mieux, pas seulement pour aller au boulot.\u00a0\u00bb<br \/>\n\u00ab\u00a0Je comprends la mobilisation des catholiques. Il y a un tel besoin de croire en ce moment, que la religion va faire un bon en avant et les \u00e9glises vont se re-remplir.\u00a0\u00bb<br \/>\n\u00ab\u00a0Dans la p\u00e9riode d\u2019avant le Covid il y avait encore la possibilit\u00e9 de se raccrocher \u00e0 quelques esp\u00e9rances.\u00a0\u00bb\u00a0<br \/>\n\u00ab\u00a0Ce syst\u00e8me s\u2019accroche \u00e0 lui-m\u00eame et il ne faut pas sous estimer la peur des bien-pensants.\u00a0\u00bb<br \/>\n\u00ab\u00a0Tout est fait aujourd\u2019hui pour que nous oublions nos esp\u00e9rances du premier confinement. Que nous oublions le monde d\u2019apr\u00e8s.\u00a0\u00bb<br \/>\n\u00ab\u00a0Je crois \u00e0 l\u2019effet d\u2019aubaine de cette crise : certains de nos gouvernants ont int\u00e9r\u00eat \u00e0 maintenir le plus longtemps possible cet \u00e9tat d\u2019esprit collectif qu\u2019on voudrait qu\u2019on ait : avoir peur et se sentir coupable.\u00a0\u00bb\u00a0<br \/>\n\u00ab\u00a0Le grand slogan du moment c\u2019est : ne bougez pas. Sauf pour aller bosser.\u00a0\u00bb<\/p>\n<p><em>\u00a0<strong>Sur la possibilit\u00e9 d\u2019isoler des cas positifs au Covid<\/em>\u00a0<\/strong><br \/>\n\u00ab\u00a0On nous dit tester, tracer, isoler et comme on n\u2019arrive ni \u00e0 tester ni \u00e0 tracer, on va isoler.\u00a0\u00bb<br \/>\n\u00ab\u00a0L\u2019isolement va dans le sens de ce r\u00eave d\u2019un peuple qui ne sortirait que pour aller bosser.\u00a0\u00bb<br \/>\n\u00ab\u00a0L\u2019isolement c\u2019est faire en sorte qu\u2019il n\u2019y ait plus de collectif.\u00a0On ne peut plus manifester ni mener d\u2019action collective.\u00a0\u00bb<br \/>\n\u00ab\u00a0L\u2019isolement c\u2019est l\u2019ambition profonde de l\u2019id\u00e9ologie dominante c\u2019est-\u00e0-dire de faire de nous des particules \u00e9l\u00e9mentaires s\u00e9par\u00e9es les unes des autres. \u00bb<\/p>\n<p><em>\u00a0<strong>Sur l\u2019absence de prise en compte de la sant\u00e9 psychique des Fran\u00e7ais\u00a0<\/em>\u00a0<\/strong><br \/>\n\u00ab\u00a0Nous vivons dans une soci\u00e9t\u00e9 qui sous estime la sant\u00e9 psychique.\u00a0\u00bb<br \/>\n\u00ab\u00a0On parle de la destruction de l\u2019h\u00f4pital public mais il y a un nombre incroyable de fermetures de services psychiatriques en France.\u00a0\u00bb<br \/>\n\u00ab\u00a0Notre soci\u00e9t\u00e9 consid\u00e8re la sant\u00e9 psychique comme secondaire.\u00a0\u00bb<br \/>\n\u00ab\u00a0Il faut au maximum sortir en respectant les r\u00e8gles mais en \u00e9tant furieux de les respecter.\u00a0\u00bb<br \/>\n\u00ab\u00a0Il faut garder en soi le sentiment de r\u00e9volte.\u00a0\u00bb<\/p>\n<p><em>\u00a0<strong>Sur l\u2019alternative possible en 2022<\/em>\u00a0<\/strong><br \/>\n\u00ab\u00a0Je crains de ne pas pouvoir dire que la cons\u00e9quence de cette gestion malheureuse ou complexe de la crise et plus g\u00e9n\u00e9ralement la fa\u00e7on dont ce gouvernement se conduit, c\u2019est-\u00e0-dire liberticide, que \u00e7a aura comme cons\u00e9quence que nous allons changer.\u00a0\u00bb<br \/>\n\u00ab\u00a0Je reste attach\u00e9 \u00e0 ce que disait Coluche : si les \u00e9lections permettaient effectivement de changer vraiment les choses, elles seraient interdites.\u00a0\u00bb<br \/>\n\u00ab\u00a0Je peux esp\u00e9rais quand m\u00eame que du c\u00f4t\u00e9 de la gauche il y aura suffisamment de capacit\u00e9 de mobilisation pour qu\u2019on aille vers un changement. Mais je ne suis pas dou\u00e9 l\u00e0-dessus pour faire r\u00eaver.\u00a0\u00bb<\/p>\n<p><em>\u00a0<strong>Sur le boycott de CNEWS par EELV\u00a0<\/em>\u00a0<\/strong><br \/>\n\u00ab\u00a0Chacun se fixe ce qui est supportable pour lui ou pas.\u00a0\u00bb<br \/>\n\u00ab\u00a0Je suis sur LCI qui est une chaine poss\u00e9d\u00e9e par Bouygues et on pourrait consid\u00e9rer que je me compromets avec le grand capital &#8211; au m\u00eame titre que quand je vais au Mc do avec mes enfants ou quand je porte un jeans Levis.\u00a0\u00bb<br \/>\n\u00ab\u00a0J\u2019ai toujours refus\u00e9 les invitations de l\u2019\u00e9mission de Zemmour et Naulleau, ou m\u00eame les invitations de CNEWS. Je ne pouvais pas.\u00a0De la m\u00eame mani\u00e8re que je ne peux pas \u00eatre sur RT. \u00bb<br \/>\n\u00ab\u00a0Pour CNEWS, c\u2019est un cas \u00e0 part. C\u2019est une chaine qui a comme objectif que Marion Mar\u00e9chal Le Pen arrive au pouvoir.\u00a0\u00bb<br \/>\n\u00ab\u00a0Les dirigeants de CNEWS consid\u00e8rent que Marine Le Pen est trop \u00e0 gauche.\u00a0\u00bb<br \/>\n\u00ab\u00a0On peut consid\u00e9rer qu\u2019il y a dans cette chaine quelque chose \u00e0 part m\u00eame s\u2019il y a l\u00e0-dedans des journalistes honn\u00eates qui font leur boulot.\u00a0\u00bb<br \/>\n\u00ab\u00a0Je trouve parfaitement acceptable la d\u00e9cision des Verts et je sais que tout le monde ne pourra pas forc\u00e9ment l\u2019appliquer parce que quand on fait de la politique, on a besoin d\u2019aller dans les m\u00e9dias.\u00a0\u00bb<div id='gallery-1' class='gallery galleryid-12605 gallery-columns-3 gallery-size-thumbnail'><figure class='gallery-item'>\n\t\t\t<div class='gallery-icon landscape'>\n\t\t\t\t<a href='https:\/\/archives.regards.fr\/wp-content\/uploads\/2020\/11\/capture_d_e_cran_2020-11-27_a_12-22e.37.13.png'><img loading=\"lazy\" decoding=\"async\" width=\"150\" height=\"150\" src=\"https:\/\/archives.regards.fr\/wp-content\/uploads\/2020\/11\/capture_d_e_cran_2020-11-27_a_12-22e.37.13-150x150.png\" class=\"attachment-thumbnail size-thumbnail\" alt=\"capture_d_e_cran_2020-11-27_a_12.37.13.png\" \/><\/a>\n\t\t\t<\/div><\/figure>\n\t\t<\/div>\n<\/p>\n","protected":false},"excerpt":{"rendered":"<p>Selon une \u00e9tude, 21% des Fran\u00e7ais seraient en \u00e9tat d\u00e9pressif, soit deux fois plus que fin septembre, selon CoviPrev, une enqu\u00eate nationale de Sant\u00e9 publique France. L\u2019\u00e9tat psychique des Fran\u00e7ais est-il pris au s\u00e9rieux ? G\u00e9rard Miller, psychanalyste, est l\u2019invit\u00e9 de #LaMidinale.<\/p>\n","protected":false},"author":1204,"featured_media":29966,"comment_status":"open","ping_status":"open","sticky":false,"template":"","format":"standard","meta":{"_themeisle_gutenberg_block_has_review":false,"footnotes":""},"categories":[238],"tags":[293],"class_list":["post-12605","post","type-post","status-publish","format-standard","has-post-thumbnail","hentry","category-la-midinale","tag-entretien"],"_links":{"self":[{"href":"https:\/\/archives.regards.fr\/index.php?rest_route=\/wp\/v2\/posts\/12605","targetHints":{"allow":["GET"]}}],"collection":[{"href":"https:\/\/archives.regards.fr\/index.php?rest_route=\/wp\/v2\/posts"}],"about":[{"href":"https:\/\/archives.regards.fr\/index.php?rest_route=\/wp\/v2\/types\/post"}],"author":[{"embeddable":true,"href":"https:\/\/archives.regards.fr\/index.php?rest_route=\/wp\/v2\/users\/1204"}],"replies":[{"embeddable":true,"href":"https:\/\/archives.regards.fr\/index.php?rest_route=%2Fwp%2Fv2%2Fcomments&post=12605"}],"version-history":[{"count":0,"href":"https:\/\/archives.regards.fr\/index.php?rest_route=\/wp\/v2\/posts\/12605\/revisions"}],"wp:featuredmedia":[{"embeddable":true,"href":"https:\/\/archives.regards.fr\/index.php?rest_route=\/wp\/v2\/media\/29966"}],"wp:attachment":[{"href":"https:\/\/archives.regards.fr\/index.php?rest_route=%2Fwp%2Fv2%2Fmedia&parent=12605"}],"wp:term":[{"taxonomy":"category","embeddable":true,"href":"https:\/\/archives.regards.fr\/index.php?rest_route=%2Fwp%2Fv2%2Fcategories&post=12605"},{"taxonomy":"post_tag","embeddable":true,"href":"https:\/\/archives.regards.fr\/index.php?rest_route=%2Fwp%2Fv2%2Ftags&post=12605"}],"curies":[{"name":"wp","href":"https:\/\/api.w.org\/{rel}","templated":true}]}}