{"id":12600,"date":"2020-11-26T12:10:57","date_gmt":"2020-11-26T11:10:57","guid":{"rendered":"https:\/\/wp.muchomaas.com\/article-caroline-de-haas-les-reculs-sur-les-questions-sociales-et-les-libertes-ont-un\/"},"modified":"2023-06-24T00:06:17","modified_gmt":"2023-06-23T22:06:17","slug":"article-caroline-de-haas-les-reculs-sur-les-questions-sociales-et-les-libertes-ont-un","status":"publish","type":"post","link":"https:\/\/archives.regards.fr\/?p=12600","title":{"rendered":"Caroline De Haas : \u00ab Les reculs sur les questions sociales et les libert\u00e9s ont un impact sur les droits des femmes \u00bb"},"content":{"rendered":"<p class=\"post_excerpt\">Lendemain de mobilisation contre les violences faites aux femmes. Le mouvement social plus fort que les pouvoirs publics ? Caroline De Haas, militante f\u00e9ministe, membre de #NousToutes, est l\u2019invit\u00e9e de #LaMidinale.\n<\/p>\n<h2>UNE MIDINALE \u00c0 VOIR&#8230;<\/h2>\n<p><iframe loading=\"lazy\" width=\"490\" height=\"276\" src=\"https:\/\/www.youtube.com\/embed\/HinSS7FC8-E\" frameborder=\"0\" allow=\"accelerometer; autoplay; clipboard-write; encrypted-media; gyroscope; picture-in-picture\" allowfullscreen><\/iframe><\/p>\n<p>&nbsp;<\/p>\n<p><h2>ET \u00c0 LIRE&#8230;<\/h2>\n<p><em>\u00a0<strong>Sur la mort de Diego Maradona et la r\u00e9action de l\u2019Elys\u00e9e<\/em>\u00a0<\/strong><br \/>\n\u00ab\u00a0C\u2019est toujours compliqu\u00e9 quand il y a une ic\u00f4ne d\u2019un sport ou d\u2019un art qui d\u00e9c\u00e8de de parler des violences qu\u2019il a commise. Il y a beaucoup d\u2019\u00e9motion dans la soci\u00e9t\u00e9.\u00a0\u00bb<br \/>\n\u00ab Ce que je trouve int\u00e9ressant c\u2019est \u00e0 quel point ces violences vont \u00eatre oubli\u00e9es quand on va faire l\u2019historique de ces personnes.\u00a0\u00bb<br \/>\n\u00ab\u00a0Le communiqu\u00e9 de presse du pr\u00e9sident de la R\u00e9publique a parl\u00e9 de \u201cceux qui ont n\u00e9goci\u00e9 avec leur compagne pour que leur fils s\u2019appelle Diego\u201c. Je ne sais pas ce que les championnes de foot pensent de ce type de communiqu\u00e9 de presse mais c\u2019est assez symptomatique de la fa\u00e7on dont les femmes en g\u00e9n\u00e9ral et la question des violences qu\u2019elles subissent, sont compl\u00e8tement absentes de l\u2019agenda politique.\u00a0\u00bb<br \/>\n\u00ab\u00a0Le pr\u00e9sident de la R\u00e9publique est \u00e0 des ann\u00e9es lumi\u00e8res de comprendre la probl\u00e9matique d\u2019\u00e9galit\u00e9 entre les femmes et les hommes : \u00e7a ne l\u2019int\u00e9resse pas et il n\u2019est pas sensibilis\u00e9.\u00a0\u00bb<br \/>\n\u00ab\u00a0Pour quelqu\u2019un qui s\u2019est pr\u00e9sent\u00e9 comme un homme moderne, alors que cette question de l\u2019\u00e9galit\u00e9 femmes\/hommes fait partie des grands mouvements sociaux de ces derni\u00e8res ann\u00e9es, le fait que sur ces sujets l\u00e0 il soit compl\u00e8tement en d\u00e9calage, \u00e7a donne un sentiment d\u2019un vieux monsieur. D\u2019un monsieur d\u2019un\u00a0autre si\u00e8cle.\u00a0\u00bb<br \/>\n\u00ab\u00a0Emmanuel Macron ne m\u00e8ne pas une politique de droite sur la question de l\u2019\u00e9galit\u00e9 femmes\/hommes, il ne m\u00e8ne pas de politique.\u00a0\u00bb<\/p>\n<p><em>\u00a0<strong>Sur les violences polici\u00e8res dans les manifestations f\u00e9ministes<\/em>\u00a0<\/strong><br \/>\n\u00ab\u00a0Nous sommes dans un pays dans lequel le pouvoir a laiss\u00e9 la violence s\u2019exprimer parmi les forces de l\u2019ordre sans rien cadrer. Le pr\u00e9fet de police Didier Lallement en est l\u2019incarnation.\u00a0\u00bb<br \/>\n\u00ab\u00a0Les mouvements f\u00e9ministes ont \u00e9t\u00e9 criminalis\u00e9, p\u00e9nalis\u00e9 et victimes de violences que plus tard dans l\u2019historie du pays.\u00a0\u00bb<br \/>\n\u00ab\u00a0Les premi\u00e8res violences polici\u00e8res ont eu lieu d\u2019abord dans les quartiers populaires. Ensuite on les a vues apparaitre dans l\u2019espace public au moment de la loi travail. La question des violences que subissent les mouvements f\u00e9ministes arrivent plus tard.\u00a0\u00bb<br \/>\n\u00ab\u00a0Les premi\u00e8res images choquantes de violences polici\u00e8res qui ont \u00e9merg\u00e9 dans l\u2019espace public ont eu lieu le 8 mars de l\u2019ann\u00e9e derni\u00e8re lors de la manif de nuit.\u00a0\u00bb<br \/>\n\u00ab\u00a0Les violences polici\u00e8res s\u2019\u00e9tendent petit \u00e0 petit \u00e0 toutes les couches de la soci\u00e9t\u00e9 (\u2026). Il y a maintenant des violences polici\u00e8res dans tous les mouvements sociaux, quels qu\u2019ils soient. \u00bb<\/p>\n<p><em>\u00a0<strong>Sur la vid\u00e9o du pr\u00e9sident \u00e0 propos des violences faites aux femmes\u00a0<\/em>\u00a0<\/strong><br \/>\n\u00ab\u00a0Il y a une \u00e9volution sur la question des violences faites aux femmes.\u00a0\u00bb<br \/>\n\u00ab\u00a0Les pouvoirs publics ne sont pas compl\u00e8tement d\u00e9connect\u00e9s de ce qu\u2019il se passe dans la soci\u00e9t\u00e9.\u00a0\u00bb<br \/>\n\u00ab\u00a0Il y a un d\u00e9calage entre le mouvement social, la demande sociale d\u2019\u00e9galit\u00e9s, et l\u2019ampleur des politiques publiques.\u00a0\u00bb<br \/>\n\u00ab\u00a0La vid\u00e9o d\u2019Emmanuel Macron montre \u00e0 quel point il ne comprend rien.\u00a0\u00bb\u00a0<br \/>\n\u00ab\u00a0Emmanuel Macron passe l\u2019ensemble de la vid\u00e9o \u00e0 expliquer aux femmes qu\u2019il faut qu\u2019elles parlent alors qu\u2019elles parlent depuis des d\u00e9cennies quand elles sont victimes de violence. Le probl\u00e8me c\u2019est qu\u2019on ne les entend pas.\u00a0\u00bb<br \/>\n\u00ab\u00a0Cette vid\u00e9o est totalement contre productive parce qu\u2019il explique aux femmes que si elles sont victimes de violences c\u2019est quand m\u00eame un peu de leur faute, c\u2019est qu\u2019elles n\u2019ont pas parl\u00e9 assez fort.\u00a0C\u2019est grave de dire \u00e7a. \u00bb<\/p>\n<p><em>\u00a0<strong>Sur la ligne t\u00e9l\u00e9phonique du 3919\u00a0<\/em>\u00a0<\/strong><br \/>\n\u00ab\u00a0Le 3919 est g\u00e9r\u00e9 par une association qui s\u2019appelle solidarit\u00e9 femmes. La ligne est ouverte tous les jours de 9 \u00e0 21h et l\u2019objectif c\u2019est de la faire passer \u00e0 24h\/24.\u00a0\u00bb<br \/>\n\u00ab\u00a0Les juristes ont expliqu\u00e9 que si le gouvernement voulait passer le service du 3919 \u00e0 24h\/24, \u00e7a ne pouvait plus passer par une subvention \u00e0 une association mais par un appel d\u2019offres, donc une mise en concurrence.\u00a0\u00bb<br \/>\n\u00ab\u00a0On va tirer par le bas la qualit\u00e9 du service public du 3919.\u00a0\u00bb<\/p>\n<p><em>\u00a0<strong>Sur l\u2019inaction du gouvernement en mati\u00e8re de violences faites aux femmes<\/em>\u00a0<\/strong><br \/>\n\u00ab\u00a0C\u2019est difficile de parler d\u2019inaction parce qu\u2019ils existent des actions depuis longtemps.\u00a0\u00bb<br \/>\n\u00ab\u00a0Il y a 3000 femmes qui b\u00e9n\u00e9ficient chaque ann\u00e9e d\u2019une ordonnance de protection. C\u2019est un dispositif qui permet de faire en sorte que le conjoint ne s\u2019approche pas.\u00a0En Espagne, ce dispositif en d\u00e9livre plus de 20000 par an. On ne peut pas parler d\u2019inaction mais d\u2019un manque d\u2019ambition. \u00bb\u00a0<br \/>\n\u00ab\u00a0Il y a des h\u00e9bergements en France pour les femmes victimes. Mais les places disponibles ne permettent pas d\u2019atteindre le seuil minimal d\u00e9finit par l\u2019Union europ\u00e9enne.\u00a0\u00bb<br \/>\n\u00ab\u00a0Ce qu\u2019il se passe n\u2019est pas \u00e0 la hauteur pour en finir avec les violences faites aux femmes. Les politiques publiques ne sont pas efficaces.\u00a0\u00bb<\/p>\n<p><em>\u00a0<strong>Sur la formation des policiers<\/em>\u00a0<\/strong><br \/>\n\u00ab\u00a0Ce qui nous manque en mati\u00e8re de violences c\u2019est beaucoup de donn\u00e9es.\u00a0\u00bb<br \/>\n\u00ab\u00a0Il y a un audit qui a \u00e9t\u00e9 men\u00e9 par le minist\u00e8re de l\u2019Int\u00e9rieur qui nous dit que 90% des femmes sont contentes de l\u2019accueil en commissariat.\u00a0\u00bb<br \/>\n\u00ab\u00a0On voit qu\u2019il y a une augmentation du nombre de plaintes.\u00a0\u00bb<br \/>\n\u00ab\u00a0Aujourd\u2019hui, on ne sait pas mesurer la mani\u00e8re dont les femmes sont accueillies.\u00a0\u00bb<br \/>\n\u00ab\u00a0Il n\u2019y a pas aujourd\u2019hui de formation massive et obligatoire des forces de l\u2019ordre sur l\u2019accueil de la parole.\u00a0\u00c7a n\u2019existe pas. \u00bb<br \/>\n\u00ab\u00a0Pour faire des formations de policiers et de gendarmes, je vois bien qu\u2019on est encore tr\u00e8s loin d\u2019une culture commune, d\u2019une homog\u00e9n\u00e9it\u00e9 dans la prise en charge des victimes et dans la compr\u00e9hension des m\u00e9canismes de la violence.\u00a0\u00bb<\/p>\n<p><em>\u00a0<strong>Sur l\u2019\u00e9volution des droits des femmes<\/em>\u00a0<\/strong><br \/>\n\u00ab\u00a0Dans le monde, on fait face \u00e0 des lobbys tr\u00e8s importants et tr\u00e8s inqui\u00e9tants.\u00a0\u00bb<br \/>\n\u00ab\u00a0Sur la sc\u00e8ne internationale, il y a des tensions tr\u00e8s fortes et des risques de recul des droits dans certains pays. On l\u2019a vu en Pologne avec la question du droit \u00e0 l\u2019avortement.\u00a0\u00bb<br \/>\n\u00ab\u00a0En France, je ne dirais pas que \u00e7a recule sur le droit des femmes. En revanche, comme \u00e7a recule sur les questions sociales et des libert\u00e9s, \u00e7a a forc\u00e9ment un impact sur les droits des femmes.\u00a0\u00bb<br \/>\n\u00ab\u00a0Sur les droits des femmes, \u00e7a ne recule pas mais \u00e7a n\u2019avance pas suffisamment.\u00a0\u00bb<br \/>\n\u00ab\u00a0Les mouvements sociaux que l\u2019on vit en ce moment g\u00e9n\u00e8rent des bouleversent majeurs dans la soci\u00e9t\u00e9 &#8211; m\u00eame quand les pouvoirs publics ne sont pas \u00e0 la hauteur.\u00a0\u00bb<br \/>\n\u00ab\u00a0Les m\u00e9dias sont int\u00e9ressants \u00e0 observer : c\u2019est la premi\u00e8re fois que le Monde fait \u00e7a une sur le crime d\u2019inceste. C\u2019est la premi\u00e8re fois que ce mot, cette expression, est en Une du Monde.\u00a0\u00bb<\/p>\n<p><em>\u00a0<strong>Sur la pr\u00e9sidentielle 2022<\/em>\u00a0<\/strong><br \/>\n\u00ab\u00a0Je suis tr\u00e8s optimiste sur la question de l\u2019\u00e9galit\u00e9 femmes\/hommes, je suis en d\u00e9pression politique sur le reste.\u00a0\u00bb<br \/>\n\u00ab\u00a0Ma conviction c\u2019est que m\u00eame si la gauche, les \u00e9cologistes et les mouvements sociaux r\u00e9ussissent \u00e0 trouver un candidat ou une candidate unique, m\u00eame si on arrivait \u00e0 faire \u00e7a et c\u2019est franchement pas gagn\u00e9, le pays aujourd\u2019hui n\u2019est pas en \u00e9tat id\u00e9ologique pour voter pour un candidat ou une candidate de gauche ou \u00e9cologiste.\u00a0\u00bb<br \/>\n\u00ab\u00a0La gauche devrait s\u2019inspirer de ce que l\u2019on a fait \u00e0 #NousToutes.\u00a0On a mis en place des formations sur Internet sur la question des violences : on a form\u00e9 pr\u00e8s de 50000 personnes \u00e0 d\u00e9tecter les violences, \u00e0 comprendre les m\u00e9canismes des violences. Ces formations ont eu un impact dans la soci\u00e9t\u00e9 sur le niveau de conscience. On a d\u00e9pass\u00e9 le seul champ des militants et des militantes f\u00e9ministes. Et je pense qu\u2019une de nos missions dans les mois et les ann\u00e9es qui viennent, c\u2019est de pr\u00e9parer le pays \u00e0 voter pour quelqu\u2019un de radicalement de gauche et \u00e9cologiste. Et \u00e7a peut passer par des formations. \u00bb<br \/>\n\u00ab\u00a0Il y a eu un abandon de la dimension de formation dans les partis politiques, les syndicats et les mouvements sociaux.\u00a0\u00bb<br \/>\n\u00ab\u00a0Quand vous formez une personne, derri\u00e8re vous touchez cent personnes qui vont \u00eatre plus \u00e0 m\u00eame de changer le monde et de s\u2019engager.\u00a0\u00bb<div id='gallery-1' class='gallery galleryid-12600 gallery-columns-3 gallery-size-thumbnail'><figure class='gallery-item'>\n\t\t\t<div class='gallery-icon landscape'>\n\t\t\t\t<a href='https:\/\/archives.regards.fr\/wp-content\/uploads\/2020\/11\/capture_d_e_cran_2020-11-26_a_12-b25.01.20.png'><img loading=\"lazy\" decoding=\"async\" width=\"150\" height=\"150\" src=\"https:\/\/archives.regards.fr\/wp-content\/uploads\/2020\/11\/capture_d_e_cran_2020-11-26_a_12-b25.01.20-150x150.png\" class=\"attachment-thumbnail size-thumbnail\" alt=\"capture_d_e_cran_2020-11-26_a_12.01.20.png\" \/><\/a>\n\t\t\t<\/div><\/figure>\n\t\t<\/div>\n<\/p>\n","protected":false},"excerpt":{"rendered":"<p>Lendemain de mobilisation contre les violences faites aux femmes. Le mouvement social plus fort que les pouvoirs publics ? Caroline De Haas, militante f\u00e9ministe, membre de #NousToutes, est l\u2019invit\u00e9e de #LaMidinale.<\/p>\n","protected":false},"author":1204,"featured_media":29956,"comment_status":"open","ping_status":"open","sticky":false,"template":"","format":"standard","meta":{"_themeisle_gutenberg_block_has_review":false,"footnotes":""},"categories":[238],"tags":[293],"class_list":["post-12600","post","type-post","status-publish","format-standard","has-post-thumbnail","hentry","category-la-midinale","tag-entretien"],"_links":{"self":[{"href":"https:\/\/archives.regards.fr\/index.php?rest_route=\/wp\/v2\/posts\/12600","targetHints":{"allow":["GET"]}}],"collection":[{"href":"https:\/\/archives.regards.fr\/index.php?rest_route=\/wp\/v2\/posts"}],"about":[{"href":"https:\/\/archives.regards.fr\/index.php?rest_route=\/wp\/v2\/types\/post"}],"author":[{"embeddable":true,"href":"https:\/\/archives.regards.fr\/index.php?rest_route=\/wp\/v2\/users\/1204"}],"replies":[{"embeddable":true,"href":"https:\/\/archives.regards.fr\/index.php?rest_route=%2Fwp%2Fv2%2Fcomments&post=12600"}],"version-history":[{"count":0,"href":"https:\/\/archives.regards.fr\/index.php?rest_route=\/wp\/v2\/posts\/12600\/revisions"}],"wp:featuredmedia":[{"embeddable":true,"href":"https:\/\/archives.regards.fr\/index.php?rest_route=\/wp\/v2\/media\/29956"}],"wp:attachment":[{"href":"https:\/\/archives.regards.fr\/index.php?rest_route=%2Fwp%2Fv2%2Fmedia&parent=12600"}],"wp:term":[{"taxonomy":"category","embeddable":true,"href":"https:\/\/archives.regards.fr\/index.php?rest_route=%2Fwp%2Fv2%2Fcategories&post=12600"},{"taxonomy":"post_tag","embeddable":true,"href":"https:\/\/archives.regards.fr\/index.php?rest_route=%2Fwp%2Fv2%2Ftags&post=12600"}],"curies":[{"name":"wp","href":"https:\/\/api.w.org\/{rel}","templated":true}]}}