{"id":12598,"date":"2020-11-25T13:00:03","date_gmt":"2020-11-25T12:00:03","guid":{"rendered":"https:\/\/wp.muchomaas.com\/article-eric-coquerel-on-a-aujourd-hui-le-programme-de-l-extreme-droite-au-pouvoir-dans\/"},"modified":"2023-06-24T00:06:16","modified_gmt":"2023-06-23T22:06:16","slug":"article-eric-coquerel-on-a-aujourd-hui-le-programme-de-l-extreme-droite-au-pouvoir-dans","status":"publish","type":"post","link":"https:\/\/archives.regards.fr\/?p=12598","title":{"rendered":"\u00c9ric Coquerel : \u00ab On a aujourd\u2019hui le programme de l\u2019extr\u00eame droite au pouvoir dans notre pays \u00bb"},"content":{"rendered":"<p class=\"post_excerpt\">Violences polici\u00e8res, proposition de loi pour une s\u00e9curit\u00e9 globale, accueil des exil\u00e9s : le d\u00e9put\u00e9 La France insoumise \u00c9ric Coquerel, est l&#8217;invit\u00e9 de la Midinale.<\/p>\n<h2>UNE MIDINALE \u00c0 VOIR&#8230;<\/h2>\n<p><iframe loading=\"lazy\" width=\"490\" height=\"276\" src=\"https:\/\/www.youtube.com\/embed\/FiOy2R0P65c\" frameborder=\"0\" allow=\"accelerometer; autoplay; clipboard-write; encrypted-media; gyroscope; picture-in-picture\" allowfullscreen><\/iframe><\/p>\n<p>&nbsp;<\/p>\n<p><h2>ET \u00c0 LIRE&#8230;<\/h2>\n<p><em>\u00a0<strong>Sur le moment politique que l\u2019on vit actuellement<\/em>\u00a0<\/strong><br \/>\n\u00ab\u00a0On a gliss\u00e9 d\u2019un cran vers un r\u00e9gime autoritaire et liberticide.\u00a0\u00bb<br \/>\n\u00ab\u00a0Cela fait deux ans que l\u2019on vit une des gestions des mobilisations sociales la plus r\u00e9pressive en termes de proportionnalit\u00e9 de toute la Cinqui\u00e8me R\u00e9publique ; on a eu des lois de prolongation et d\u2019int\u00e9gration de l\u2019\u00e9tat d\u2019urgence dans les lois communes qui ignorent totalement la question de r\u00e9partition des pouvoirs et de l\u2019Etat de droit ; et maintenant, on a le Covid\u2026 Pour ce dernier, on aurait pu penser que la question de privation des libert\u00e9s publiques \u00e9tait peut-\u00eatre n\u00e9cessaire pour des raisons sanitaires mais ce qui est dramatique, c\u2019est que le gouvernement (et on l\u2019a vu encore hier soir avec l\u2019allocution du Pr\u00e9sident de la R\u00e9publique) n\u2019envisage pas d\u2019autres alternatives au confinement que de continuer les privations de libert\u00e9 et surtout qu\u2019il utilise le moment pour faire passer des lois qui nous font \u00eatre point\u00e9s doigts par toutes les associations et instances internationales attach\u00e9es aux droits de l\u2019homme, y compris l\u2019ONU.\u00a0\u00bb<\/p>\n<p><em>\u00a0<strong>Sur la cote de popularit\u00e9 d\u2019Emmanuel Macron<\/em>\u00a0<\/strong><br \/>\n\u00ab\u00a0Je me m\u00e9fie de ce genre de sondage : Fran\u00e7ois Hollande avait aussi des sondages qui lui donnait une cote de popularit\u00e9 importante au moment des affaires de terrorisme, ce qui ne l\u2019a pas emp\u00each\u00e9 de ne m\u00eame pas pouvoir se repr\u00e9senter tellement les gens \u00e9taient d\u00e9\u00e7us par sa politique.\u00a0\u00bb<br \/>\n\u00ab\u00a0Dans une situation comme celle que nous vivons actuellement, d\u2019angoisse et de stress, de repli sur son propre sort (ce qui est normal quand on a affaire \u00e0 une \u00e9pid\u00e9mie de ce type), les ressors font que l\u2019on essaie de se raccrocher \u00e0 ce qui peut repr\u00e9senter l\u2019autorit\u00e9.\u00a0\u00bb<br \/>\n\u00ab\u00a0Les professions, les unes apr\u00e8s les autres &#8211; et cela commence \u00e0 faire beaucoup de monde -, sont de plus en plus col\u00e8re, des gens qui versent dans la pauvret\u00e9 sont en col\u00e8re, les salari\u00e9s qui sont oblig\u00e9s d\u2019aller travailler dans des conditions sanitaires anormales sont en col\u00e8re, les enseignants en col\u00e8re\u2026 Additionn\u00e9s, je trouve cela bizarre qu\u2019\u00e0 la fin, cela fasse des sondages de popularit\u00e9 de la sorte.\u00a0\u00bb<\/p>\n<p><em>\u00a0<strong>Sur la proposition de loi \u00ab\u00a0pour une s\u00e9curit\u00e9 globale\u00a0\u00bb<\/em>\u00a0<\/strong><br \/>\n\u00ab\u00a0Avec Emmanuel Macron, de mani\u00e8re caricaturale, les droits du Parlement sont contourn\u00e9s et ignor\u00e9s avec une majorit\u00e9 qui semble plus encline \u00e0 applaudir \u00e0 tout rompre qu\u2019\u00e0 r\u00e9fl\u00e9chir.\u00a0\u00bb<br \/>\n\u00ab\u00a0La majorit\u00e9 a fait une mistoufle : ils ont profit\u00e9 d\u2019une proposition de loi de la majorit\u00e9 pour y mettre tout ce qu\u2019ils voulaient y ajouter, ce qui leur a \u00e9vit\u00e9 une \u00e9tude d\u2019impact, l\u2019avis en amont du Conseil d\u2019Etat, et le d\u00e9bat parlementaire normal pour une loi de cette importance.\u00a0\u00bb<br \/>\n\u00ab\u00a0Politiquement, on assiste \u00e0 une alliance de l\u2019extr\u00eame droite \u00e0 En Marche en passant par Les R\u00e9publicains. La majorit\u00e9, en r\u00e9alit\u00e9, r\u00e9cite la le\u00e7on de l\u2019extr\u00eame droite, jusque dans le vocabulaire et la fa\u00e7on de r\u00e9agir.\u00a0\u00bb<br \/>\n\u00ab\u00a0M. Darmanin en 2017, lorsqu\u2019il \u00e9tait dans l\u2019\u00e9quipe de campagne de M. Fillon, avait dit que M. Macron allait ouvrir \u00e0 Mme Le Pen s\u2019il \u00e9tait \u00e9lu. J\u2019esp\u00e8re que cela ne sera pas le cas en 2022 mais on peut d\u2019ores et d\u00e9j\u00e0 dire qu\u2019il a ouvert la voie au programme du Rassemblement national.\u00a0\u00bb<br \/>\n\u00ab\u00a0On a aujourd\u2019hui le programme de l\u2019extr\u00eame droite au pouvoir dans notre pays.\u00a0\u00bb<\/p>\n<p><em>\u00a0<strong>Sur ce qui se passera si la proposition de loi \u00ab\u00a0pour une s\u00e9curit\u00e9 globale\u00a0\u00bb est vot\u00e9e<\/em>\u00a0<\/strong><br \/>\n\u00ab\u00a0Il va y avoir deux saisines du Conseil Constitutionnel : celle du Premier Ministre sur l\u2019article 24 et celle que nous allons d\u00e9poser avec le Parti socialiste et le Parti communiste sur l\u2019ensemble du texte.\u00a0\u00bb<br \/>\n\u00ab\u00a0La majorit\u00e9 est g\u00ean\u00e9e aux entournures : l\u2019article 24 a \u00e9t\u00e9 r\u00e9\u00e9crit de fa\u00e7on totalement superficielle, simplement en rajoutant \u00ab\u00a0manifestement\u00a0\u00bb et \u00ab\u00a0le respect de la libert\u00e9 de la presse\u00a0\u00bb, mais ils annoncent qu\u2019ils vont continuer \u00e0 le r\u00e9\u00e9crire.\u00a0\u00bb<br \/>\n\u00ab\u00a0Dans cette loi, il y a des choses extr\u00eamement inqui\u00e9tantes qui commencent \u00e0 ressembler \u00e0 big brother is watching you : 1984 de George Orwell est un bouquin de fiction parce qu\u2019on n\u2019avait pas, \u00e0 l\u2019\u00e9poque, les moyens techniques de regarder tout le monde mais aujourd\u2019hui, on les a. \u00bb<br \/>\n\u00ab\u00a0Si jamais les deux saisines ne marchent pas, la loi va continuer sa navette parlementaire et je compte sur la mobilisation pour faire plier la majorit\u00e9.\u00a0On a d\u00e9j\u00e0 vu des mobilisations faire reculer un gouvernement. Je pense que la mobilisation de samedi par exemple, \u00e0 14h sur la place de la R\u00e9publique, va \u00eatre extr\u00eamement importante. \u00bb<br \/>\n\u00ab\u00a0La jeunesse est en train de se mobiliser sur la question des libert\u00e9s.\u00a0\u00bb<\/p>\n<p><em>\u00a0<strong>Sur la fracture entre la police et la population<\/em>\u00a0<\/strong><br \/>\n\u00ab\u00a0Cette fracture est de plus en plus profonde parce que les messages envoy\u00e9s par G\u00e9rald Darmanin sont terribles.\u00a0\u00bb<br \/>\n\u00ab\u00a0Je dis G\u00e9rald Darmanin mais je n\u2019oublie pas qu\u2019il y a Emmanuel Macron derri\u00e8re.\u00a0\u00bb<br \/>\n\u00ab\u00a0Un geste d\u2019apaisement aurait constitu\u00e9 \u00e0 limoger le pr\u00e9fet de police de Paris Didier Lallement qui a \u00e9t\u00e9 mis l\u00e0 des fins pr\u00e9cises : c\u2019est l\u2019un des rares pr\u00e9fets de police \u00e0 avoir f\u00e9licit\u00e9 la police apr\u00e8s qu\u2019un d\u00e9put\u00e9, Lo\u00efc Prudhomme, a \u00e9t\u00e9 frapp\u00e9 dans une manifestation par la police\u2026\u00a0\u00bb<br \/>\n\u00ab\u00a0Cette politique men\u00e9e par Emmanuel Macron et G\u00e9rald Darmanin est voulue et elle a eu, m\u00eame si son bilan n\u2019\u00e9tait pas bon, la peau de Christophe Castaner.\u00a0\u00bb<br \/>\n\u00ab\u00a0Quand M. Castaner a \u00e9voqu\u00e9 la limitation de l\u2019utilisation de certaines armes qui sont interdites partout en Europe sauf en France pour faire face aux mobilisations sociales, quand il a parl\u00e9 des techniques d\u2019\u00e9tranglement, quand il a parl\u00e9 d\u2019\u00eatre impitoyable avec les \u00e9l\u00e9ments racistes dans la police, il a suffi de quelques jours pour que les syndicats de police obtiennent sa peau.\u00a0\u00bb<br \/>\n\u00ab\u00a0On a un pouvoir qui n\u2019ose plus rien faire : il a enfant\u00e9 d\u2019un monstre. Ils ont tout l\u00e2ch\u00e9 parce que la police a \u00e9t\u00e9 le seul bouclier qui a permis au pouvoir de r\u00e9sister face \u00e0 la mobilisation des gilets jaunes puis des retraites et aujourd\u2019hui, ils ob\u00e9issent aux \u00e9l\u00e9ments les plus extr\u00eames.\u00a0\u00bb<br \/>\n\u00ab\u00a0Sur le terrain, on se demande qui donne les ordres imb\u00e9ciles de lundi soir [place de la R\u00e9publique \u00e0 Paris] : charger une place avec suffisamment de policiers au lieu d\u2019attendre parce que, dans la mesure o\u00f9 c\u2019\u00e9tait un acte symbolique, la place aurait fini par \u00eatre \u00e9vacu\u00e9e d\u2019elle-m\u00eame.\u00a0\u00bb<\/p>\n<p><em>\u00a0<strong>Sur les propositions de la France insoumise en mati\u00e8re de police<\/em>\u00a0<\/strong><br \/>\n\u00ab\u00a0Si demain on gouverne, la premi\u00e8re chose, c\u2019est de revoir de fond en comble la police.\u00a0\u00bb<br \/>\n\u00ab\u00a0Il ne faut pas ignorer que le m\u00e9tier de policier est dur : il faut leur donner des moyens humains et mat\u00e9riels pour qu\u2019ils puissent faire leur m\u00e9tier dans des conditions correctes.\u00a0\u00bb<br \/>\n\u00ab\u00a0Il faut changer la doctrine qui fait que l\u2019on est pass\u00e9 du maintien de la paix au maintien de l\u2019ordre, d\u2019une politique de pr\u00e9vention avec la police de proximit\u00e9 que l\u2019on veut remiser sur les polices municipales \u00e0 une politique qui int\u00e8gre la question de la pr\u00e9vention et de la r\u00e9pression quand c\u2019est n\u00e9cessaire.\u00a0\u00bb<br \/>\n\u00ab\u00a0Si on enl\u00e8ve la police du quotidien, c\u2019est-\u00e0-dire de pr\u00e9vention, il n\u2019y a plus que l\u2019aspect r\u00e9pressif. D\u00e8s lors, le consentement par la population devient de plus en plus difficile.\u00a0\u00bb<br \/>\n\u00ab\u00a0Il faut aussi recruter des officiers de police judiciaire parce que c\u2019est n\u00e9cessaire pour mener des enqu\u00eates.\u00a0\u00bb<br \/>\n\u00ab\u00a0Il faut redonner une formation normale aux futurs policiers : elle n\u2019a pas arr\u00eat\u00e9 d\u2019\u00eatre diminu\u00e9e.\u00a0\u00bb<br \/>\n\u00ab\u00a0Il faut faire en sorte que les \u00e9l\u00e9ments de la police qui ont des sympathie pour des th\u00e8ses supr\u00e9matistes ou racistes, n\u2019aient pas leur place dans la police.\u00a0\u00bb<br \/>\n\u00ab\u00a0Il faut que la police redevienne enti\u00e8rement r\u00e9publicaine &#8211; \u00e0 l\u2019image, d\u2019ailleurs, de beaucoup de policiers.\u00a0\u00bb<br \/>\n\u00ab\u00a0Par rapport \u00e0 lundi place de la R\u00e9publique \u00e0 Paris : que chacun fasse son m\u00e9tier. Je ne sais pas ce que fait la BAC, dont on demande la dissolution, dans des manifestations dont ce n\u2019est pas le boulot et o\u00f9 elle envenime consid\u00e9rablement les choses.\u00a0\u00bb<\/p>\n<p><em>\u00a0<strong>Sur le traitement des exil\u00e9s en France<\/em>\u00a0<\/strong><br \/>\n\u00ab\u00a0Ce qui s\u2019est pass\u00e9 lundi est au-del\u00e0 du tol\u00e9rable.\u00a0\u00bb<br \/>\n\u00ab\u00a0Lundi, c\u2019est la pr\u00e9figuration de ce qui se serait pass\u00e9 si la loi pour une s\u00e9curit\u00e9 globale \u00e9tait pass\u00e9e.\u00a0\u00bb<br \/>\n\u00ab\u00a0500 personnes ont \u00e9t\u00e9 mises \u00e0 la rue et on a voulu les invisibiliser en cassant leur mat\u00e9riel.\u00a0\u00bb<br \/>\n\u00ab\u00a0C\u2019\u00e9tait une manifestation totalement pacifique rassemblant des avocats, des \u00e9lus qu\u2019on a emp\u00each\u00e9 de prot\u00e9ger les manifestants et des journalistes qu\u2019on a emp\u00each\u00e9 de t\u00e9moigner.\u00a0\u00bb<br \/>\n\u00ab\u00a0Sur les r\u00e9fugi\u00e9s, dans un moment o\u00f9 les fronti\u00e8res sont quasiment ferm\u00e9es, il est incroyable que l\u2019on n\u2019ait pas un centre d\u2019accueil digne de ce nom dans la capitale de la sixi\u00e8me puissance \u00e9conomique au monde.\u00a0\u00bb<br \/>\n\u00ab\u00a0La plupart de ces exil\u00e9s ne partiront pas : m\u00eame avec une politique du soi-disant tout expulsion, techniquement, financi\u00e8rement et administrativement, ce n\u2019est pas possible. La plupart des gens qui sont sur notre sol et qui veulent y rester, il faut envisager leur r\u00e9gularisation massive, \u00e0 commencer par ceux qui travaillent dans ce pays, ce qui y \u00e9tudient aussi.\u00a0\u00bb<br \/>\n\u00ab\u00a0L\u2019arriv\u00e9e des r\u00e9fugi\u00e9s a consid\u00e9rablement diminu\u00e9 avec le Covid donc il n\u2019y a pas d\u2019appel d\u2019air comme disent certains.\u00a0\u00bb<br \/>\n\u00ab\u00a0On parle l\u00e0 d\u2019uniquement quelques dizaines de milliers de personnes dans le pays, pas plus.\u00a0\u00bb<br \/>\n\u00ab\u00a0Il faut g\u00e9rer les causes des d\u00e9parts et, tant qu\u2019on ne les a pas g\u00e9r\u00e9es, il faut g\u00e9rer l\u2019accueil. Les deux choses sont n\u00e9cessaires.\u00a0\u00bb<br \/>\n\u00ab\u00a0L\u2019id\u00e9e que des gens soient contraints de partir n\u2019est jamais une satisfaction.\u00a0\u00bb<br \/>\n\u00ab\u00a0La plupart souhaitent vivre dans leur pays et ne veulent pas \u00eatre d\u00e9racin\u00e9s.\u00a0\u00bb<br \/>\n\u00ab\u00a0Nous avons nous, les pays industrialis\u00e9s et d\u00e9velopp\u00e9s, la plupart des responsabilit\u00e9s dans la fragilit\u00e9 des cadres g\u00e9ostrat\u00e9giques qui provoquent des guerres, dans le libre-\u00e9change \u00e9conomique qu\u2019on impose \u00e0 des \u00e9conomies d\u00e9j\u00e0 tr\u00e8s fragiles et dans la question climatique car c\u2019est nos pays qui polluent le plus.\u00a0\u00bb<br \/>\n\u00ab\u00a0Il faut cr\u00e9er les conditions g\u00e9ostrat\u00e9giques, c\u2019est-\u00e0-dire, en gros, la paix, mais aussi \u00e9conomiques et climatiques pour que les gens ne soient pas oblig\u00e9s de d\u00e9m\u00e9nager quand ils n\u2019en ont pas envie &#8211; mais en attendant, il faut les accueillir.\u00a0\u00bb<\/p>\n<p><em>\u00a0<strong>Sur le Parti socialiste et les attaques d\u2019Anne Hidalgo et d\u2019Olivier Faure<\/em>\u00a0<\/strong><br \/>\n\u00ab\u00a0Olivier Faure, il dit des choses et puis tout son contraire la semaine suivante.\u00a0\u00bb<br \/>\n\u00ab\u00a0Pour nous, la la\u00efcit\u00e9 est un des fondements de la R\u00e9publique. Mais je ne sais pas si on a la m\u00eame conception avec Olivier Faure : nous, on a celle de 1905.\u00a0\u00bb<br \/>\n\u00ab\u00a0J\u2019appelle les gens qui se r\u00e9clament de gauche \u00e0 ne pas se tromper.\u00a0\u00bb<br \/>\n\u00ab\u00a0L\u2019extr\u00eame droite a marqu\u00e9 des points id\u00e9ologiques dans ce pays.\u00a0\u00bb<br \/>\n\u00ab\u00a0C\u2019est avant tout\u00a0l\u2019extr\u00eame droite qui a utilis\u00e9 la la\u00efcit\u00e9 contre une seule religion.\u00a0\u00bb<br \/>\n\u00ab\u00a0On ne sait pas trop \u00e0 quoi Anne Hidalgo fait r\u00e9f\u00e9rence et sur quoi elle s\u2019appuie.\u00a0\u00bb<br \/>\n\u00ab\u00a0Le discours d\u2019Anne Hidalgo est un discours vallsiste.\u00a0\u00bb<br \/>\n\u00ab\u00a0Quand on est \u00e0 gauche, on d\u00e9fend les victimes des in\u00e9galit\u00e9s et des discriminations.\u00a0\u00bb<br \/>\n\u00ab\u00a0Quand il y a une gauche qui sert \u00e0 transf\u00e9rer l\u2019id\u00e9ologie d\u2019extr\u00eame droite, \u00e7a n\u2019est plus la gauche.\u00a0\u00bb<br \/>\n\u00ab\u00a0J\u2019ai plut\u00f4t envie qu\u2019Olivier Faure verse du bon c\u00f4t\u00e9 donc je ne vais pas l\u2019agresser en disant que c\u2019est fini, c\u2019est foutu ou qu\u2019il est pass\u00e9 dans le mauvais camp.\u00a0\u00bb<br \/>\n\u00ab\u00a0Ils feraient mieux d\u2019exiger, comme nous, le respect de la loi de la la\u00efcit\u00e9 en demandant qu\u2019on arr\u00eate de financer les \u00e9coles priv\u00e9es hors contrat.\u00a0\u00bb<\/p>\n<p><em>\u00a0<strong>Sur la candidature de Jean-Luc M\u00e9lenchon\u00a0<\/em>\u00a0<\/strong><br \/>\n\u00ab\u00a0C\u2019est les \u00e9cologistes qui ont commenc\u00e9 \u00e0 dire qu\u2019ils auraient un candidat.\u00a0\u00bb<br \/>\n\u00ab\u00a0Pour l\u2019instant, on n&#8217;exclut pas que d\u2019autres forces politiques se joignent \u00e0 la France insoumise pour soutenir Jean-Luc M\u00e9lenchon.\u00a0\u00bb<br \/>\n\u00ab\u00a0On va aller voir les diff\u00e9rents partis et on va discuter du programme.\u00a0\u00bb<br \/>\n\u00ab\u00a0Il y aura de toute fa\u00e7on une candidature de type social-lib\u00e9rale ou \u00e9colo-lib\u00e9rale qui existera. Il y a quand m\u00eame deux lignes \u00e0 gauche et on aura du mal qu\u2019ils acceptent notre ligne de rupture.\u00a0\u00bb<br \/>\n\u00ab\u00a0Aujourd\u2019hui, j\u2019ai l\u2019impression qu\u2019on est l\u00e9gitime \u00e0 proposer que \u00e7a soit Jean-Luc M\u00e9lenchon le candidat.\u00a0\u00bb<div id='gallery-1' class='gallery galleryid-12598 gallery-columns-3 gallery-size-thumbnail'><figure class='gallery-item'>\n\t\t\t<div class='gallery-icon landscape'>\n\t\t\t\t<a href='https:\/\/archives.regards.fr\/wp-content\/uploads\/2020\/11\/capture_d_e_cran_2020-11-25_a_12-410.38.12.png'><img loading=\"lazy\" decoding=\"async\" width=\"150\" height=\"150\" src=\"https:\/\/archives.regards.fr\/wp-content\/uploads\/2020\/11\/capture_d_e_cran_2020-11-25_a_12-410.38.12-150x150.png\" class=\"attachment-thumbnail size-thumbnail\" alt=\"capture_d_e_cran_2020-11-25_a_12.38.12.png\" \/><\/a>\n\t\t\t<\/div><\/figure>\n\t\t<\/div>\n<\/p>\n","protected":false},"excerpt":{"rendered":"<p>Violences polici\u00e8res, proposition de loi pour une s\u00e9curit\u00e9 globale, accueil des exil\u00e9s : le d\u00e9put\u00e9 La France insoumise \u00c9ric Coquerel, est l&#8217;invit\u00e9 de la Midinale.<\/p>\n","protected":false},"author":1204,"featured_media":29954,"comment_status":"open","ping_status":"open","sticky":false,"template":"","format":"standard","meta":{"_themeisle_gutenberg_block_has_review":false,"footnotes":""},"categories":[238],"tags":[293],"class_list":["post-12598","post","type-post","status-publish","format-standard","has-post-thumbnail","hentry","category-la-midinale","tag-entretien"],"_links":{"self":[{"href":"https:\/\/archives.regards.fr\/index.php?rest_route=\/wp\/v2\/posts\/12598","targetHints":{"allow":["GET"]}}],"collection":[{"href":"https:\/\/archives.regards.fr\/index.php?rest_route=\/wp\/v2\/posts"}],"about":[{"href":"https:\/\/archives.regards.fr\/index.php?rest_route=\/wp\/v2\/types\/post"}],"author":[{"embeddable":true,"href":"https:\/\/archives.regards.fr\/index.php?rest_route=\/wp\/v2\/users\/1204"}],"replies":[{"embeddable":true,"href":"https:\/\/archives.regards.fr\/index.php?rest_route=%2Fwp%2Fv2%2Fcomments&post=12598"}],"version-history":[{"count":0,"href":"https:\/\/archives.regards.fr\/index.php?rest_route=\/wp\/v2\/posts\/12598\/revisions"}],"wp:featuredmedia":[{"embeddable":true,"href":"https:\/\/archives.regards.fr\/index.php?rest_route=\/wp\/v2\/media\/29954"}],"wp:attachment":[{"href":"https:\/\/archives.regards.fr\/index.php?rest_route=%2Fwp%2Fv2%2Fmedia&parent=12598"}],"wp:term":[{"taxonomy":"category","embeddable":true,"href":"https:\/\/archives.regards.fr\/index.php?rest_route=%2Fwp%2Fv2%2Fcategories&post=12598"},{"taxonomy":"post_tag","embeddable":true,"href":"https:\/\/archives.regards.fr\/index.php?rest_route=%2Fwp%2Fv2%2Ftags&post=12598"}],"curies":[{"name":"wp","href":"https:\/\/api.w.org\/{rel}","templated":true}]}}