{"id":12592,"date":"2020-11-24T13:19:58","date_gmt":"2020-11-24T12:19:58","guid":{"rendered":"https:\/\/wp.muchomaas.com\/article-marie-christine-vergiat-en-pleine-crise-sanitaire-il-faut-une-regularisation\/"},"modified":"2023-06-24T00:05:58","modified_gmt":"2023-06-23T22:05:58","slug":"article-marie-christine-vergiat-en-pleine-crise-sanitaire-il-faut-une-regularisation","status":"publish","type":"post","link":"https:\/\/archives.regards.fr\/?p=12592","title":{"rendered":"Marie-Christine Vergiat : \u00ab En pleine crise sanitaire, il faut une r\u00e9gularisation inconditionnelle et p\u00e9renne des exil\u00e9s \u00bb"},"content":{"rendered":"<p class=\"post_excerpt\">Des images \u00ab choquantes \u00bb, a dit le ministre de l\u2019Int\u00e9rieur. Hier, place de la R\u00e9publique \u00e0 Paris, les forces de l\u2019ordre ont \u00e9vacu\u00e9 plusieurs centaines d\u2019exil\u00e9s dans des conditions d\u2019une violence inou\u00efe. Marie-Christine Vergiat, ancienne eurod\u00e9put\u00e9e et vice-pr\u00e9sidente de la Ligue des Droits de l&#8217;Homme, est l\u2019invit\u00e9e de #LaMidinale.<\/p>\n<h2>UNE MIDINALE \u00c0 VOIR&#8230;<\/h2>\n<p><iframe loading=\"lazy\" width=\"490\" height=\"276\" src=\"https:\/\/www.youtube.com\/embed\/uE8_mKr04ko\" frameborder=\"0\" allow=\"accelerometer; autoplay; clipboard-write; encrypted-media; gyroscope; picture-in-picture\" allowfullscreen><\/iframe><\/p>\n<h2>ET \u00c0 LIRE&#8230;<\/h2>\n<p><em>\u00a0<strong>Sur l\u2019\u00e9vacuation de la place de la R\u00e9publique\u00a0<\/em>\u00a0<\/strong><br \/>\n\u00ab\u00a0Je suis tr\u00e8s en col\u00e8re. \u00c7a n\u2019est pas les images qui sont consternantes mais les faits.\u00a0\u00bb<br \/>\n\u00ab\u00a0Plus de mille migrants n\u2019ont pas eu le droit \u00e0 une mise \u00e0 l\u2019abris et c\u2019est inadmissible.\u00a0\u00bb<br \/>\n\u00ab\u00a0Il y a des dizaines d\u2019ann\u00e9es qu\u2019il n\u2019y a pas suffisamment de places d\u2019h\u00e9bergement.\u00a0\u00bb<br \/>\n\u00ab\u00a0Il y a un renvoie de balles ente Paris et l\u2019Etat sur la question de l\u2019h\u00e9bergement d\u2019urgence.\u00a0\u00bb<br \/>\n\u00ab\u00a0On d\u00e9nie la situation de mineurs \u00e0 de nombreux exil\u00e9s.\u00a0\u00bb<br \/>\n\u00ab\u00a0Selon la Convention internationale des droits de l\u2019enfant, quelqu\u2019un qui se dit mineur, m\u00eame s\u2019il y a un doute, doit pouvoir b\u00e9n\u00e9ficier de la protection internationale.\u00a0Et on fait le contraire en France.\u00a0\u00bb<br \/>\n\u00ab\u00a0En France, on ne respecte plus les d\u00e9cisions notamment de la Cour europ\u00e9enne des droits de l\u2019homme qui l\u2019a condamn\u00e9e \u00e0 plusieurs reprises. \u00bb<\/p>\n<p><em>\u00a0<strong>Sur les migrations\u00a0<\/em>\u00a0<\/strong><br \/>\n\u00ab\u00a0Il y a des tas de gens qui ont le droit de quitter leur pays et de venir s\u2019installer en Europe ou en France et on ne parle jamais de ceux l\u00e0 : c\u2019est ce qu\u2019on appelle les migrations r\u00e9guli\u00e8res.\u00a0\u00bb<br \/>\n\u00ab\u00a0L\u2019ann\u00e9e derni\u00e8re, l\u2019Union europ\u00e9enne a donn\u00e9 plus de trois millions de titres de s\u00e9jour de longue dur\u00e9e.\u00a0\u00bb<br \/>\n\u00ab\u00a0On parle essentiellement des migrants non r\u00e9guliers aujourd\u2019hui.\u00a0\u00bb<br \/>\n\u00ab\u00a0On parle aujourd\u2019hui de pr\u00e8s de 150.000 personnes qui arriveraient de mani\u00e8re irr\u00e9guli\u00e8re aux portes de l\u2019Europe. \u00c7a repr\u00e9sente une personne pour 4.500 habitants dans l\u2019union europ\u00e9enne. Est-ce qu\u2019on ne pourrait pas faire l\u2019effort de donner la protection \u00e0 ces personnes ?\u00a0\u00bb<br \/>\n\u00ab\u00a0L\u2019Europe veut de plus en plus acc\u00e9l\u00e9rer les proc\u00e9dures, trier les gens \u00e0 la fronti\u00e8re pour ne faire entrer que ceux qui auraient le droit \u00e0 l\u2019asile.\u00a0\u00bb<\/p>\n<p><em>\u00a0<strong>Sur les expulsions\u00a0<\/em>\u00a0<\/strong><br \/>\n\u00ab\u00a0Il y a toujours des expulsions.\u00a0\u00bb<br \/>\n\u00ab\u00a0Les gens qui ne sont pas expuls\u00e9s ont quasiment syst\u00e9matiquement des obligations de quitter le territoire.\u00a0\u00bb<br \/>\n\u00ab\u00a0La France pratique tr\u00e8s facilement le dublinage &#8211; y compris quand il est refus\u00e9 par les pays concern\u00e9s. C\u2019est une fa\u00e7on de mettre hors statut un certain nombre de gens.\u00a0\u00bb<br \/>\n\u00ab\u00a0Les exil\u00e9s sont en situation d\u2019invisibilit\u00e9. Il faut qu\u2019ils se cachent et qu\u2019on ne puisse pas les trouver. Ils ont peur et c\u2019est ce qui provoque la situation de ces camps.\u00a0\u00bb<br \/>\n\u00ab\u00a0L\u2019Italie, l\u2019Espagne et le Portugal ont accord\u00e9 des droits provisoires aux exil\u00e9s pr\u00e9cis\u00e9ment parce qu\u2019en ce moment on dit aux personnes de rester chez elles \u00e0 cause du Civid. Il faut les mettre \u00e0 l\u2019abris.\u00a0\u00bb<br \/>\n\u00ab\u00a0Lors du premier confinement, sous la pression des associations, les personnes sans abris avaient \u00e9t\u00e9 mises \u00e0 l\u2019abris.\u00a0On avait aussi arr\u00eat\u00e9 de mettre les gens dans des centres de r\u00e9tention et aujourd\u2019hui \u00e7a n\u2019est plus le cas. \u00bb<br \/>\n\u00ab\u00a0Dans ce deuxi\u00e8me confinement, en pleine crise sanitaire, les exil\u00e9s sont dans une situation aberrante puisqu\u2019ils ne profitent d\u2019aucune mesure de protection.\u00a0\u00bb<br \/>\n\u00ab\u00a0Depuis le d\u00e9but du confinement, on a relanc\u00e9 le mot d\u2019orde de la r\u00e9gularisation : r\u00e9gularisation inconditionnelle et p\u00e9renne pour tous ceux qui sont sur le territoire fran\u00e7ais. \u00bb<\/p>\n<p><em>\u00a0<strong>Sur la gauche face aux questions de l\u2019exil<\/em>\u00a0<\/strong><br \/>\n\u00ab\u00a0La position de la gauche est tr\u00e8s variable sur les questions d\u2019accueil, y compris \u00e0 la Mairie de Paris. C\u2019est Ian Brossat qui est en charge de ces questions et il essaie de faire un certain nombre de choses.\u00a0\u00bb<br \/>\n\u00ab\u00a0Il y a deux ou trois ans, une bulle avait \u00e9t\u00e9 install\u00e9e au nord de Paris et le r\u00e9sultat avait \u00e9t\u00e9 positif : c\u2019\u00e9tait g\u00e9r\u00e9 par Emma\u00fcs, ce n\u2019\u00e9tait pas la panac\u00e9e mais cela permettait la mise \u00e0 l\u2019abri d\u2019un certain nombre de gens.\u00a0\u00bb<br \/>\n\u00ab\u00a0Si Paris trouve des solutions, c\u2019est quand m\u00eame une grande partie du probl\u00e8me de r\u00e9gl\u00e9.\u00a0\u00bb<br \/>\n\u00ab\u00a0Aujourd\u2019hui, et on l\u2019a vu hier encore, on chasse les exil\u00e9s de Paris : ils ne doivent pas \u00eatre visibles \u00e0 l\u2019int\u00e9rieur de la capitale.\u00a0Les forces de l\u2019ordre ont pouss\u00e9 les exil\u00e9s jusqu\u2019aux portes de Paris \u00e0 coups de gaz lacrymog\u00e8ne.\u00a0\u00bb<br \/>\n\u00ab\u00a0Il y a des municipalit\u00e9s en dehors de Paris, notamment des municipalit\u00e9s \u00e9cologistes, souvent d\u2019union de la gauche, qui ont pris un certain nombre de mesures pour \u00e9viter [ce qui s\u2019est pass\u00e9 hier soir place de la R\u00e9publique].\u00a0\u00bb<br \/>\n\u00ab\u00a0La gauche n\u2019est pas au rendez-vous de ce qui se passe en ce moment.\u00a0\u00bb<br \/>\n\u00ab\u00a0Ceux qui ont le courage de discuter de ces questions sont assez rares, y compris au Parlement europ\u00e9en : c\u2019est surtout la gauche europ\u00e9enne et les Verts europ\u00e9ens qui essaient de prendre des mesures. Les socialistes admettent un certain de nombre de choses mais ils ne sont pas \u00e0 la hauteur.\u00a0\u00bb<\/p>\n<p><em>\u00a0<strong>Sur la libert\u00e9 de circulation<\/em>\u00a0<\/strong><br \/>\n\u00ab\u00a0La seule mani\u00e8re de r\u00e9gler le probl\u00e8me, c\u2019est la libert\u00e9 de circulation pour tous et toutes, quel que soit l\u2019endroit o\u00f9 l\u2019on est n\u00e9.\u00a0\u00bb<br \/>\n\u00ab\u00a0On a une libert\u00e9 de circulation tr\u00e8s diff\u00e9rente au nord et au sud : quand on a la chance de na\u00eetre au nord, on a une libert\u00e9 de circulation quasi totale (ce qui ne veut pas dire que l\u2019on n\u2019a pas besoin, parfois, de visa) alors que dans les pays les moins d\u00e9velopp\u00e9s, il n\u2019y a que les riches qui peuvent circuler partout &#8211; quand, notamment, ils ach\u00e8tent la nationalit\u00e9 de certains pays europ\u00e9ens.\u00a0\u00bb<br \/>\n\u00ab\u00a0Les gens du sud sont majoritairement tr\u00e8s pauvres donc, quand il y a un probl\u00e8me, ils migrent d\u2019abord dans leur propre pays et apr\u00e8s dans les pays voisins parce qu\u2019ils ont l\u2019id\u00e9e de revenir chez eux et parce qu\u2019ils n\u2019ont pas les moyens d\u2019aller ailleurs.\u00a0\u00bb<br \/>\n\u00ab\u00a0Il y a un camp, au nord du Kenya, qui accueille essentiellement des Somaliens, qui est de 200.000 personnes et a \u00e9t\u00e9 jusqu\u2019\u00e0 500.000\u2026 Donc on est un peu ridicule \u00e0 c\u00f4t\u00e9 avec nos 100.000 aux fronti\u00e8res europ\u00e9ennes alors qu&#8217;on est le continent le plus riche du monde.\u00a0\u00bb<\/p>\n<p><em>\u00a0<strong>Sur la hausse des frais d\u2019inscription pour les \u00e9tudiants \u00e9trangers<\/em>\u00a0<\/strong><br \/>\n\u00ab\u00a0La hausse des frais d\u2019inscription pour les \u00e9trangers est un scandale : la France avait la chance de pouvoir accueillir la moiti\u00e9 des \u00e9tudiants subsahariens qui veulent faire leurs \u00e9tudes \u00e0 l\u2019\u00e9tranger. On a ferm\u00e9 cette porte. Et du coup, ces gens vont donc en Chine et dans les Pays du Golfe ! C\u2019est cela que l&#8217;on pr\u00e9voit comme avenir pour la jeunesse africaine ? Et apr\u00e8s, on va se plaindre qu\u2019il y ait du terrorisme ? Qui aliment le terrorisme ? Justement les pays du Golfe persique, depuis des ann\u00e9es ! Et on leur vend des armes en prime\u2026\u00a0\u00bb<\/p>\n<p><em>\u00a0<strong>Sur l\u2019Union europ\u00e9enne comme cadre pour r\u00e9pondre aux questions de l\u2019exil<\/em>\u00a0<\/strong><br \/>\n\u00ab\u00a0Je pense que l\u2019Europe est la bonne \u00e9chelle pour r\u00e9soudre la question des exil\u00e9s.\u00a0\u00bb<br \/>\n\u00ab\u00a0Je suis une alter-Europ\u00e9enne.\u00a0\u00bb<br \/>\n\u00ab\u00a0Sur les questions des exil\u00e9s, l\u2019Europe, c\u2019est qui ? Les d\u00e9cisions qui sont prises, et je l\u2019ai vu pendant les 10 ans o\u00f9 j\u2019\u00e9tais au Parlement europ\u00e9en, se sont de plus en plus durcies, et notamment \u00e0 partir de 2015 : les Etats-membres sont mont\u00e9s au cr\u00e9neau pour demander des mesures s\u00e9curitaires, le contr\u00f4le renforc\u00e9 des fronti\u00e8res pour emp\u00eacher les exil\u00e9s de venir. On dit souvent que c\u2019est de la faute au groupe de Visegrad, notamment la Hongrie et la Pologne. Mais c\u2019est trop facile parce que sur ces questions-l\u00e0, une majorit\u00e9 qualifi\u00e9e suffit.\u00a0\u00bb<br \/>\n\u00ab\u00a0En r\u00e9alit\u00e9, ceux qui sont \u00e0 la man\u0153uvre, c\u2019est notamment la France, l\u2019Italie, l\u2019Espagne et m\u00eame maintenant l\u2019Allemagne &#8211; qui a r\u00e9trop\u00e9dal\u00e9 sous la pression de l\u2019extr\u00eame droite et de son propre camp.\u00a0\u00bb<br \/>\n\u00ab\u00a0La premi\u00e8re chose qui est faite en Allemagne quand un exil\u00e9 est pris en charge, c\u2019est donn\u00e9 des cours &#8211; en France, il y a un d\u00e9lai de trois mois.\u00a0\u00bb<\/p>\n<p><em>\u00a0<strong>Sur l\u2019\u00e9lection pr\u00e9sidentielle de 2022<\/em>\u00a0<\/strong><br \/>\n\u00ab\u00a0Je veux qu\u2019on travaille sur le fond avant de travailler sur le candidat.\u00a0\u00bb<br \/>\n\u00ab\u00a0Il faut faire avancer un certain nombre de sujets comme celui de l\u2019immigration &#8211; dont on ne parle jamais parce qu\u2019on consid\u00e8re que c\u2019est explosif.\u00a0\u00bb<br \/>\n\u00ab\u00a0S\u2019ils sont tous divis\u00e9s et que chacun envoie son candidat, ce n\u2019est m\u00eame pas la peine d\u2019aller voter puisque, de toutes les fa\u00e7ons, ils ne seront pas au deuxi\u00e8me tour.\u00a0\u00bb<br \/>\n\u00ab\u00a0Je continue de militer pour un candidat d\u2019union la plus large possible.\u00a0\u00bb<div id='gallery-1' class='gallery galleryid-12592 gallery-columns-3 gallery-size-thumbnail'><figure class='gallery-item'>\n\t\t\t<div class='gallery-icon landscape'>\n\t\t\t\t<a href='https:\/\/archives.regards.fr\/wp-content\/uploads\/2020\/11\/capture_d_e_cran_2020-11-24_a_13-dec.16.02.png'><img loading=\"lazy\" decoding=\"async\" width=\"150\" height=\"150\" src=\"https:\/\/archives.regards.fr\/wp-content\/uploads\/2020\/11\/capture_d_e_cran_2020-11-24_a_13-dec.16.02-150x150.png\" class=\"attachment-thumbnail size-thumbnail\" alt=\"capture_d_e_cran_2020-11-24_a_13.16.02.png\" \/><\/a>\n\t\t\t<\/div><\/figure>\n\t\t<\/div>\n<\/p>\n","protected":false},"excerpt":{"rendered":"<p>Des images \u00ab choquantes \u00bb, a dit le ministre de l\u2019Int\u00e9rieur. Hier, place de la R\u00e9publique \u00e0 Paris, les forces de l\u2019ordre ont \u00e9vacu\u00e9 plusieurs centaines d\u2019exil\u00e9s dans des conditions d\u2019une violence inou\u00efe. Marie-Christine Vergiat, ancienne eurod\u00e9put\u00e9e et vice-pr\u00e9sidente de la Ligue des Droits de l&#8217;Homme, est l\u2019invit\u00e9e de #LaMidinale.<\/p>\n","protected":false},"author":1204,"featured_media":29942,"comment_status":"open","ping_status":"open","sticky":false,"template":"","format":"standard","meta":{"_themeisle_gutenberg_block_has_review":false,"footnotes":""},"categories":[238],"tags":[293],"class_list":["post-12592","post","type-post","status-publish","format-standard","has-post-thumbnail","hentry","category-la-midinale","tag-entretien"],"_links":{"self":[{"href":"https:\/\/archives.regards.fr\/index.php?rest_route=\/wp\/v2\/posts\/12592","targetHints":{"allow":["GET"]}}],"collection":[{"href":"https:\/\/archives.regards.fr\/index.php?rest_route=\/wp\/v2\/posts"}],"about":[{"href":"https:\/\/archives.regards.fr\/index.php?rest_route=\/wp\/v2\/types\/post"}],"author":[{"embeddable":true,"href":"https:\/\/archives.regards.fr\/index.php?rest_route=\/wp\/v2\/users\/1204"}],"replies":[{"embeddable":true,"href":"https:\/\/archives.regards.fr\/index.php?rest_route=%2Fwp%2Fv2%2Fcomments&post=12592"}],"version-history":[{"count":0,"href":"https:\/\/archives.regards.fr\/index.php?rest_route=\/wp\/v2\/posts\/12592\/revisions"}],"wp:featuredmedia":[{"embeddable":true,"href":"https:\/\/archives.regards.fr\/index.php?rest_route=\/wp\/v2\/media\/29942"}],"wp:attachment":[{"href":"https:\/\/archives.regards.fr\/index.php?rest_route=%2Fwp%2Fv2%2Fmedia&parent=12592"}],"wp:term":[{"taxonomy":"category","embeddable":true,"href":"https:\/\/archives.regards.fr\/index.php?rest_route=%2Fwp%2Fv2%2Fcategories&post=12592"},{"taxonomy":"post_tag","embeddable":true,"href":"https:\/\/archives.regards.fr\/index.php?rest_route=%2Fwp%2Fv2%2Ftags&post=12592"}],"curies":[{"name":"wp","href":"https:\/\/api.w.org\/{rel}","templated":true}]}}