{"id":12591,"date":"2020-11-23T11:56:10","date_gmt":"2020-11-23T10:56:10","guid":{"rendered":"https:\/\/wp.muchomaas.com\/article-nicolas-bonnet-pcf-on-n-a-pas-bien-compris-anne-hidalgo-et-j-apporte-tout-mon\/"},"modified":"2023-06-24T00:05:57","modified_gmt":"2023-06-23T22:05:57","slug":"article-nicolas-bonnet-pcf-on-n-a-pas-bien-compris-anne-hidalgo-et-j-apporte-tout-mon","status":"publish","type":"post","link":"https:\/\/archives.regards.fr\/?p=12591","title":{"rendered":"Nicolas Bonnet (PCF) : \u00ab\u00a0On n\u2019a pas bien compris Anne Hidalgo et j\u2019apporte tout mon soutien aux \u00e9cologistes\u00a0\u00bb"},"content":{"rendered":"<p class=\"post_excerpt\">Ce week-end, Anne Hidalgo a tir\u00e9 \u00e0 boulets rouges sur ses alli\u00e9s \u00e9cologistes \u00e0 Paris. Jusqu\u2019\u00e0 mettre en p\u00e9ril l\u2019\u00e9quilibre municipal ? Nicolas Bonnet, pr\u00e9sident du groupe communiste au Conseil de Paris, est l\u2019invit\u00e9 de #LaMidinale.<\/p>\n<h2>UNE MIDINALE \u00c0 VOIR&#8230;<\/h2>\n<p><iframe loading=\"lazy\" width=\"490\" height=\"276\" src=\"https:\/\/www.youtube.com\/embed\/7TpO-UfkAL0\" frameborder=\"0\" allow=\"accelerometer; autoplay; clipboard-write; encrypted-media; gyroscope; picture-in-picture\" allowfullscreen><\/iframe><\/p>\n<p>&nbsp;<\/p>\n<p><h2>ET \u00c0 LIRE&#8230;<\/h2>\n<p><em>\u00a0<strong>Sur les attaques d\u2019Anne Hidalgo contre les \u00e9cologistes\u00a0<\/em>\u00a0<\/strong><br \/>\n\u00ab\u00a0On n\u2019a pas bien compris et j\u2019apporte tout mon soutien \u00e0 la pr\u00e9sidente du groupe \u00e9cologiste.\u00a0\u00bb<br \/>\n\u00ab\u00a0Je comprends que les \u00e9cologistes soient choqu\u00e9s.\u00a0\u00bb<br \/>\n\u00ab\u00a0Dans le contexte que l\u2019on vit, on a besoin d\u2019\u00eatre unis et solidaires.\u00a0\u00bb<\/p>\n<p><em>\u00a0<strong>Sur la R\u00e9publique\u00a0<\/em>\u00a0<\/strong><br \/>\n\u00ab\u00a0Il y a eu un abandon de la R\u00e9publique dans certains quartiers.\u00a0\u00bb<br \/>\n\u00ab\u00a0Il y a un recul des libert\u00e9s publiques dans notre pays.\u00a0On doit se retrouver sur ce combat. \u00bb<br \/>\n\u00ab\u00a0On est victime de politiques lib\u00e9rales qui se sont accumul\u00e9es et qui ont cr\u00e9\u00e9s des in\u00e9galit\u00e9s.\u00a0\u00bb<br \/>\n\u00ab\u00a0Si on veut renforcer la R\u00e9publique, si on veut renforcer la la\u00efcit\u00e9, \u00e7a pass d\u2019abord par les services publics.\u00a0\u00bb<br \/>\n\u00ab\u00a0Il y a une ambiance qui se d\u00e9grade et une volont\u00e9 de certains d\u2019affaiblir la gauche.\u00a0\u00bb<\/p>\n<p><em>\u00a0<strong>Sur l\u2019unit\u00e9 \u00e0 gauche<\/em>\u00a0<\/strong><br \/>\n\u00ab\u00a0La gauche doit se ressaisir et prendre comme adversaire l\u2019extr\u00eame droite.\u00a0\u00bb<br \/>\n\u00ab\u00a0On a besoin, apr\u00e8s cette interview d\u2019Anne Hidalgo sur BFM, d\u2019une discussion dans la majorit\u00e9 et qu\u2019on refasse le point.\u00a0\u00bb<br \/>\n\u00ab\u00a0Je ne souhaite pas que les d\u00e9bats de la pr\u00e9sidentielle prennent le pas sur la mise en oeuvre de nos engagements \u00e0 Paris.\u00a0\u00bb<br \/>\n\u00ab\u00a0La Maire de Paris, si elle veut \u00eatre candidate \u00e0 l\u2019\u00e9lection pr\u00e9sidentielle, a d\u2019abord int\u00e9r\u00eat \u00e0 rassembler son camp \u00e0 partir de sa majorit\u00e9 telle qu\u2019elle est \u00e0 Paris.\u00a0\u00bb<\/p>\n<p><em>\u00a0<strong>Sur la police municipale<\/em>\u00a0<\/strong><br \/>\n\u00ab\u00a0Les Parisiens sont en demande de s\u00e9curit\u00e9 et ils y ont droit.\u00a0\u00bb<br \/>\n\u00ab\u00a0Ce n\u2019est pas parce qu\u2019on va mettre des policiers municipaux qu\u2019on va d\u00e9manteler les trafics de drogues ou de cambriolages. \u00c7a rel\u00e8ve de la police nationale.\u00a0\u00bb<br \/>\n\u00ab\u00a0La police municipale, en plus du co\u00fbt, ne correspond pas aux besoins des parisiens.\u00a0\u00bb<br \/>\n\u00ab\u00a0Nous sommes dans une situation o\u00f9 les finances sont restreintes et notre situation en plein Covid est difficile : nous nous interrogeons sur la mani\u00e8re dont on va pouvoir absorber le co\u00fbt de la cr\u00e9ation d\u2019une police municipale.\u00a0\u00bb\u00a0<br \/>\n\u00ab\u00a0Pour l\u2019instant, nous ne sommes pas favorables \u00e0 la cr\u00e9ation d\u2019une police municipale.\u00a0\u00bb<\/p>\n<p><em>\u00a0<strong>Sur la loi s\u00e9curit\u00e9 globale<\/em>\u00a0<\/strong><br \/>\n\u00ab\u00a0La loi qui est propos\u00e9e par le gouvernement, avec de nouvelles comp\u00e9tences donn\u00e9es aux collectivit\u00e9s territoriales, nous pose probl\u00e8me &#8211; sans augmentation des moyens.\u00a0\u00bb<br \/>\n\u00ab\u00a0La loi met en place un continuum de s\u00e9curit\u00e9 en mettant sur un m\u00eame niveau police nationale, police municipale et boite priv\u00e9e.\u00a0\u00bb<br \/>\n\u00ab\u00a0Il faut remette sur le terrain des policiers nationaux et reconstruire une police de proximit\u00e9.\u00a0\u00bb<br \/>\n\u00ab\u00a0Paris entre dans un pi\u00e8ge tendu par le gouvernement en cr\u00e9ant cette police municipale.\u00a0\u00bb<div id='gallery-1' class='gallery galleryid-12591 gallery-columns-3 gallery-size-thumbnail'><figure class='gallery-item'>\n\t\t\t<div class='gallery-icon landscape'>\n\t\t\t\t<a href='https:\/\/archives.regards.fr\/wp-content\/uploads\/2020\/11\/capture_d_e_cran_2020-11-23_a_11-aa6.50.08.png'><img loading=\"lazy\" decoding=\"async\" width=\"150\" height=\"150\" src=\"https:\/\/archives.regards.fr\/wp-content\/uploads\/2020\/11\/capture_d_e_cran_2020-11-23_a_11-aa6.50.08-150x150.png\" class=\"attachment-thumbnail size-thumbnail\" alt=\"capture_d_e_cran_2020-11-23_a_11.50.08.png\" \/><\/a>\n\t\t\t<\/div><\/figure>\n\t\t<\/div>\n<\/p>\n","protected":false},"excerpt":{"rendered":"<p>Ce week-end, Anne Hidalgo a tir\u00e9 \u00e0 boulets rouges sur ses alli\u00e9s \u00e9cologistes \u00e0 Paris. Jusqu\u2019\u00e0 mettre en p\u00e9ril l\u2019\u00e9quilibre municipal ? Nicolas Bonnet, pr\u00e9sident du groupe communiste au Conseil de Paris, est l\u2019invit\u00e9 de #LaMidinale.<\/p>\n","protected":false},"author":1204,"featured_media":29940,"comment_status":"open","ping_status":"open","sticky":false,"template":"","format":"standard","meta":{"_themeisle_gutenberg_block_has_review":false,"footnotes":""},"categories":[238],"tags":[293],"class_list":["post-12591","post","type-post","status-publish","format-standard","has-post-thumbnail","hentry","category-la-midinale","tag-entretien"],"_links":{"self":[{"href":"https:\/\/archives.regards.fr\/index.php?rest_route=\/wp\/v2\/posts\/12591","targetHints":{"allow":["GET"]}}],"collection":[{"href":"https:\/\/archives.regards.fr\/index.php?rest_route=\/wp\/v2\/posts"}],"about":[{"href":"https:\/\/archives.regards.fr\/index.php?rest_route=\/wp\/v2\/types\/post"}],"author":[{"embeddable":true,"href":"https:\/\/archives.regards.fr\/index.php?rest_route=\/wp\/v2\/users\/1204"}],"replies":[{"embeddable":true,"href":"https:\/\/archives.regards.fr\/index.php?rest_route=%2Fwp%2Fv2%2Fcomments&post=12591"}],"version-history":[{"count":0,"href":"https:\/\/archives.regards.fr\/index.php?rest_route=\/wp\/v2\/posts\/12591\/revisions"}],"wp:featuredmedia":[{"embeddable":true,"href":"https:\/\/archives.regards.fr\/index.php?rest_route=\/wp\/v2\/media\/29940"}],"wp:attachment":[{"href":"https:\/\/archives.regards.fr\/index.php?rest_route=%2Fwp%2Fv2%2Fmedia&parent=12591"}],"wp:term":[{"taxonomy":"category","embeddable":true,"href":"https:\/\/archives.regards.fr\/index.php?rest_route=%2Fwp%2Fv2%2Fcategories&post=12591"},{"taxonomy":"post_tag","embeddable":true,"href":"https:\/\/archives.regards.fr\/index.php?rest_route=%2Fwp%2Fv2%2Ftags&post=12591"}],"curies":[{"name":"wp","href":"https:\/\/api.w.org\/{rel}","templated":true}]}}