{"id":12589,"date":"2020-11-20T14:09:14","date_gmt":"2020-11-20T13:09:14","guid":{"rendered":"https:\/\/wp.muchomaas.com\/article-david-cormand-le-boulot-des-laboratoires-c-est-de-soigner-les-gens-pas-de\/"},"modified":"2023-06-24T00:05:52","modified_gmt":"2023-06-23T22:05:52","slug":"article-david-cormand-le-boulot-des-laboratoires-c-est-de-soigner-les-gens-pas-de","status":"publish","type":"post","link":"https:\/\/archives.regards.fr\/?p=12589","title":{"rendered":"David Cormand : \u00ab Le boulot des laboratoires, c\u2019est de soigner les gens, pas de boursicoter \u00bb"},"content":{"rendered":"<p class=\"post_excerpt\">Une d\u00e9cision historique du Conseil d\u2019Etat vient d\u2019\u00eatre rendue et entend mettre un coup de pression au gouvernement qui a trois mois pour prouver qu\u2019il respecte ses engagements climatiques. En pleine crise \u00e9conomique et sanitaire, o\u00f9 va l\u2019\u00e9cologie ? David Cormand, d\u00e9put\u00e9 europ\u00e9en EELV, est l\u2019invit\u00e9 de #LaMidinale.<\/p>\n<h2>UNE MIDINALE \u00c0 VOIR&#8230;<\/h2>\n<p><iframe loading=\"lazy\" width=\"490\" height=\"276\" src=\"https:\/\/www.youtube.com\/embed\/2EL-lBHCHJQ\" frameborder=\"0\" allow=\"accelerometer; autoplay; clipboard-write; encrypted-media; gyroscope; picture-in-picture\" allowfullscreen><\/iframe><\/p>\n<p>&nbsp;<\/p>\n<p><h2>ET \u00c0 LIRE&#8230;<\/h2>\n<p><em>\u00a0<strong>Sur l\u2019Union europ\u00e9enne et le vaccin\u00a0<\/em>\u00a0<\/strong><br \/>\n\u00ab\u00a0Si il y a un vaccin facile d\u2019usage, fiable qui peut commercialis\u00e9 et mis \u00e0 disposition du plus grand nombre, \u00e9videmment \u00e7a sera une bonne nouvelle.\u00a0\u00bb<br \/>\n\u00ab\u00a0On est sur des proc\u00e9dures tr\u00e8s acc\u00e9l\u00e9r\u00e9es et il ne faut pas que cette urgence se fasse au d\u00e9triment de la s\u00e9curit\u00e9 desdits vaccins.\u00a0\u00bb<br \/>\n\u00ab\u00a0J\u2019ai fait passer un amendement au Parlement europ\u00e9en pour qu\u2019il y ait de la transparence sur les m\u00e9gas contrats que pr\u00e9voient l\u2019Union europ\u00e9enne avec les laboratoires.\u00a0\u00bb<br \/>\n\u00ab\u00a0Il faut que les parlementaires puissent voir ce qu\u2019il y a dans les contrats avec les laboratoires.\u00a0\u00bb<br \/>\n\u00ab\u00a0Les laboratoires voudraient d\u00e9l\u00e9guer aux Etats la responsabilit\u00e9 d\u2019\u00e9ventuels effets secondaires &#8211; qui pourraient s\u2019av\u00e9rer graves.\u00a0\u00bb<br \/>\n\u00ab\u00a0Pour qu\u2019il y ait une bonne couverture vaccinale, il faut que les citoyens aient des bonnes raisons d\u2019avoir confiance dans ces vaccins.\u00a0\u00bb<br \/>\n\u00ab\u00a0Le PDG de Pfizer ne nous donne pas de bonnes raisons d\u2019avoir confiance quand on voit qu\u2019il a vendu pour plusieurs millions de dollars des actions de son propre groupe.\u00a0\u00c7a nourrit des craintes. \u00bb<br \/>\n\u00ab\u00a0Le boulot des laboratoires c\u2019est de soigner les gens, pas de boursicoter.\u00a0\u00bb<br \/>\n\u00ab\u00a0Il ne faut pas confondre vitesse et pr\u00e9cipitation.\u00a0\u00bb<\/p>\n<p><em>\u00a0<strong>Sur la d\u00e9cision du Conseil d\u2019Etat en mati\u00e8re climatique\u00a0<\/em>\u00a0<\/strong><br \/>\n\u00ab S\u2019appuyer sur le droit pour mettre en demeure les politiques d\u2019agir pour le bien collectif &#8211; en coh\u00e9rence avec les engagements qu\u2019ils ont pris &#8211; me parait \u00eatre un bon chemin.\u00a0\u00bb\u00a0<br \/>\n\u00ab\u00a0C\u2019est une premi\u00e8re d\u00e9cision et il y en aura d\u2019autres. \u00c7a met une pression suppl\u00e9mentaire sur le gouvernement.\u00a0\u00bb<br \/>\n\u00ab\u00a0Il y a deux fa\u00e7ons de contourner l\u2019urgence : il y a la m\u00e9thode cash de Donald Trump qui s\u2019assoit sur l\u2019Accord de Paris (\u2026). Et il y a la m\u00e9thode plus hypocrite qui consiste \u00e0 dire qu\u2019on est les premiers combattant du climat mais on agit pas en cons\u00e9quence.\u00a0\u00bb\u00a0<\/p>\n<p><em>\u00a0<strong>Sur les cons\u00e9quences de la crise sanitaire sur l\u2019\u00e9cologie<\/em>\u00a0<\/strong><br \/>\n\u00ab\u00a0Il y a toujours eu de bonnes raisons, crise \u00e9conomique ou pas, de remettre l\u2019\u00e9cologie \u00e0 plus tard.\u00a0\u00bb<br \/>\n\u00ab\u00a0La France, pour diff\u00e9rentes raisons, est moins \u00e9mettrice de gaz \u00e0 effet de serre que d\u2019autres pays mais en France, compte tenu de notre empreinte, il faudrait 2,5 plan\u00e8tes pour vivre comme les Fran\u00e7ais. \u00bb<br \/>\n\u00ab\u00a0Il ne faut pas s\u2019abriter sur l\u2019argument qui consiste \u00e0 dire que \u00e7a serait pire ailleurs, pour ne pas agir.\u00a0\u00bb<br \/>\n\u00ab\u00a0La question n\u2019est pas de savoir s\u2019il faut choisir entre l\u2019\u00e9cologie ou l\u2019\u00e9conomie. La question c\u2019est quelle \u00e9conomie ?\u00a0Comment on redonne du sens, et m\u00eame de la sensibilit\u00e9, \u00e0 l\u2019\u00e9conomie ? \u00bb<br \/>\n\u00ab\u00a0Il faut redonner du sens \u00e0 l\u2019\u00e9conomie. L\u2019\u00e9conomie est politique.\u00a0\u00bb<\/p>\n<p><strong>\u00a0<em>Sur le nucl\u00e9aire et les probables coupures de courant\u00a0<\/em>\u00a0<\/strong><br \/>\n\u00ab\u00a0La France utilise tr\u00e8s peu de charbon : moins de 1%.\u00a0\u00bb<br \/>\n\u00ab\u00a0L\u2019Allemagne sera sortie du nucl\u00e9aire et du charbon d\u2019ici 2038. C\u2019est demain matin. Ils se donnent les moyens de respecter les engagements.\u00a0\u00bb<br \/>\n\u00ab\u00a0Si le nucl\u00e9aire \u00e9tait un eldorado industriel, \u00e9conomique et technologique, EDF n\u2019aurait pas 40 milliards de dettes.\u00a0\u00bb<br \/>\n\u00ab\u00a0On n\u2019a pas anticip\u00e9 la transition parce qu\u2019on ne souhaite pas le faire.\u00a0\u00bb<br \/>\n\u00ab\u00a0La France a la deuxi\u00e8me fa\u00e7ade maritime au monde et on a z\u00e9ro \u00e9olienne offshore raccord\u00e9 au r\u00e9seau aujourd\u2019hui quand tous les autres pays industriels, europ\u00e9ens, ont d\u00e9velopp\u00e9 cette alternative.\u00a0\u00bb<br \/>\n\u00ab\u00a0En France, il y a une croyance irrationnelle dans la magie du nucl\u00e9aire. \u00bb<\/p>\n<p><em>\u00a0<strong>Sur la soci\u00e9t\u00e9 de sobri\u00e9t\u00e9 versus le maintien du Black Friday<\/em>\u00a0<\/strong><br \/>\n\u00ab\u00a0Le maintien repouss\u00e9 du Black Friday est d\u2019autant plus incompr\u00e9hensible que l\u2019un des quelques avantages de la loi Poirson de lutte contre le gaspillage et pour l\u2019\u00e9conomie circulaire \u00e9tait justement de permettre d\u2019interdire ce type d\u2019op\u00e9ration commerciale en autorisant uniquement les soldes traditionnelles.\u00a0\u00bb<br \/>\n\u00ab\u00a0Il y a une promesse intenable : nos libert\u00e9s et notre \u00e9mancipation en tant que citoyen passeraient par l\u2019acc\u00e8s d\u00e9mesur\u00e9 \u00e0 des biens mat\u00e9riels, c\u2019est-\u00e0-dire l\u2019\u00e9mancipation par l\u2019acc\u00e8s \u00e0 l\u2019abondance. Cette promesse pos\u00e9e, de fa\u00e7ons diff\u00e9rentes par la gauche historique et la droite historique, conduit \u00e0 une impasse \u00e0 cause des limites mat\u00e9rielles de la plan\u00e8te.\u00a0\u00bb<br \/>\n\u00ab\u00a0Les op\u00e9rations comme le Black Friday cr\u00e9ent une d\u00e9pendance, notamment de la part des plus pauvres, qui ont acc\u00e8s \u00e0 des biens de consommation de faible qualit\u00e9, difficiles \u00e0 r\u00e9parer et qui les met en difficult\u00e9, y compris financi\u00e8re.\u00a0\u00bb<br \/>\n\u00ab\u00a0On pourrait avoir une \u00e9conomie qui s\u2019appuie sur plus de sobri\u00e9t\u00e9 dans la consommation mais qui cr\u00e9e plus d\u2019emplois, avec notamment les emplois de proximit\u00e9.\u00a0C\u2019est le d\u00e9bat entre les emplois de centres-bourgs, notamment les commerces, que l\u2019on a commenc\u00e9 \u00e0 d\u00e9foncer avec la multiplication des grandes surfaces en zones p\u00e9riurbaines, et qui s\u2019est prolong\u00e9 avec tout l\u2019achat en ligne de g\u00e9ants comme Amazon.\u00a0\u00bb<\/p>\n<p><em>\u00a0<strong>Sur Amazon<\/em>\u00a0<\/strong><br \/>\n\u00ab\u00a0On appelle \u00e0 boycotter Amazon car ce n\u2019est pas un bon moyen de consommer \u00e0 tous points de vue : \u00e7a d\u00e9truit les emplois locaux et en cr\u00e9e mais extr\u00eamement pr\u00e9caires.\u00a0\u00bb<br \/>\n\u00ab\u00a0Pour chaque emploi cr\u00e9\u00e9 par Amazon, c\u2019est entre 2 et 3 emplois par ailleurs qui sont d\u00e9truits &#8211; idem pour les grandes surfaces d\u2019ailleurs.\u00a0\u00bb<br \/>\n\u00ab\u00a0Le mod\u00e8le id\u00e9al des grands groupes GAFAM comme Amazon, c\u2019est qu\u2019ils promeuvent une agriculture sans paysan, des transports sans transporteurs, des commerces sans commer\u00e7ants et des usines sans ouvriers.\u00a0\u00bb<br \/>\n\u00ab\u00a0Le mod\u00e8le \u00e9conomique s\u2019appuie sur un contr\u00f4le et une surveillance accrue des citoyennes et des citoyens, r\u00e9duits \u00e0 l\u2019\u00e9tat de consommateurs : on commercialise vos donn\u00e9es personnelles pour pousser encore plus \u00e0 la consommation. Cela s\u2019appelle le capitalisme de la surveillance.\u00a0\u00bb<\/p>\n<p><em>\u00a0<strong>Sur la candidature de Jean-Luc M\u00e9lenchon<\/em>\u00a0<\/strong><br \/>\n\u00ab\u00a0La candidature de Jean-Luc M\u00e9lenchon \u00e9tait attendue et j\u2019ai aussi envie de dire qu\u2019elle est l\u00e9gitime : on est en d\u00e9mocratie, on a le droit de pr\u00e9senter son projet \u00e0 l\u2019occasion d\u2019une \u00e9lection pr\u00e9sidentielle.\u00a0\u00bb<br \/>\n\u00ab\u00a0Jean-Luc M\u00e9lenchon et La France Insoumise ont un certain nombre d\u2019id\u00e9es et de propositions dont on peut penser du bien ou mal mais il est logique et l\u00e9gitime que cette candidature existe.\u00a0\u00bb<br \/>\n\u00ab\u00a0Il y a une chose avec laquelle je suis d\u2019accord avec Jean-Luc M\u00e9lenchon, c\u2019est que l\u2019unit\u00e9 ne doit pas se faire sur le dos de la clart\u00e9. C\u2019est la clart\u00e9 qui rassemble et l\u2019ambigu\u00eft\u00e9 qui divise.\u00a0\u00bb<br \/>\n\u00ab\u00a0Essayer de raconter que l\u2019on est tous pareil, qu\u2019il faut que l\u2019on soit tous ensemble par c\u2019est cela uniquement qui est coh\u00e9rent, sans regarder les diff\u00e9rences dans le champ politique, la gauche issue du XIXe et du XXe si\u00e8cles ne peut pas \u00eatre celle qui apportera des r\u00e9ponses aux enjeux des temps qui viennent. Il est donc logique qu\u2019il y ait un changement dans le paysage politique.\u00a0\u00bb<br \/>\n\u00ab\u00a0On parle beaucoup de recomposition de la gauche politique. Je crois qu\u2019on est encore en phase de d\u00e9composition (et c\u2019est vrai aussi \u00e0 droite).\u00a0\u00bb<br \/>\n\u00ab\u00a0Dans l\u2019histoire des \u00e9lections pr\u00e9sidentielles en France, il y a d\u00e9j\u00e0 eu des victoires de candidats de gauche alors qu\u2019il y avait un certain nombre de candidats de la gauche et de l\u2019\u00e9cologie au premier tour. Ce n\u2019est donc pas r\u00e9dhibitoire.\u00a0\u00bb<br \/>\n\u00ab\u00a0L\u2019enjeu, c\u2019est de convaincre la soci\u00e9t\u00e9 qu\u2019il n\u2019y a pas de fatalit\u00e9 \u00e0 choisir entre le statu quo lib\u00e9ral et de plus en plus, paradoxalement, liberticide, de ceux qui sont au pouvoir aujourd\u2019hui et de l\u2019extr\u00eame droite.\u00a0\u00bb<br \/>\n\u00ab\u00a0Jean-Luc M\u00e9lenchon est un candidat qui a int\u00e9gr\u00e9 \u00e0 sa doctrine les enjeux \u00e9cologistes. Mais de la m\u00eame fa\u00e7on qu\u2019il y a plusieurs gauches, il y a plusieurs \u00e9cologies.\u00a0\u00bb<br \/>\n\u00ab\u00a0L\u2019\u00e9cologie que je porte est plus d\u00e9tach\u00e9e d\u2019un certain nombre de r\u00e9flexes de la premi\u00e8re gauche sur le rapport \u00e0 l\u2019\u00e9mancipation par la consommation, au r\u00f4le de l\u2019Etat, \u00e0 la planification, au r\u00f4le de l\u2019Europe\u2026\u00a0\u00bb<br \/>\n\u00ab\u00a0Je suis plus girondin que jacobin, plus f\u00e9d\u00e9raliste europ\u00e9en que peut l\u2019\u00eatre Jean-Luc M\u00e9lenchon ; je me m\u00e9fie de la planification et de ce que cela implique en termes de contr\u00f4le administratif sur nos vies.\u00a0Mais il y a aussi beaucoup de sujets sur lesquels on est d\u2019accord.\u00a0\u00bb<br \/>\n\u00ab\u00a0A chaque fois que les gens int\u00e8grent \u00e0 leur r\u00e9cit politique, l\u2019\u00e9cologie, en tant qu\u2019\u00e9cologiste, je suis content &#8211; m\u00eame si je peux ne pas \u00eatre d\u2019accord sur tout avec eux.\u00a0\u00bb<\/p>\n<p><em>\u00a0<strong>Sur le recul des libert\u00e9s et de l\u2019Etat de droit<\/em>\u00a0<\/strong><br \/>\n\u00a0\u00ab\u00a0La question des droits, de la libert\u00e9 et de la d\u00e9mocratie est l\u2019un des affluents qui a motiv\u00e9 la cr\u00e9ation de l\u2019\u00e9cologie politique, notamment en France.\u00a0\u00bb<br \/>\n\u00ab\u00a0Les militants \u00e9cologistes ont toujours li\u00e9 la question de l\u2019\u00e9mancipation homme-femme, la protection des r\u00e9fugi\u00e9s, la lutte contre le racisme.\u00a0\u00bb<br \/>\n\u00ab\u00a0A EELV, on est particuli\u00e8rement inquiet de la d\u00e9rive que l\u2019on constate dans un grand nombre de pays occidentaux : aux Etats-Unis, m\u00eame avant Trump avec le Patriot Act de George Bush, en Hongrie avec Orban et la question de l\u2019Etat de droit en Europe de l\u2019Est, et on le voit d\u00e9sormais en France.\u00a0\u00bb<br \/>\n\u00ab\u00a0Ce n\u2019est pas anodin que l\u2019ONU ou la nouvelle D\u00e9fenseure des Droits alertent sur le reniement d\u2019un certain nombre de droits fondamentaux dans notre pays.\u00a0\u00bb<br \/>\n\u00ab\u00a0Le fait que le gouvernement joue aux apprentis sorciers avec la loi de 1905 ou la loi sur la libert\u00e9 de la presse doit nous alerter.\u00a0\u00bb<br \/>\n\u00ab\u00a0C\u2019est un paradoxe : les lib\u00e9raux progressistes &#8211; Emmanuel Macron se situe d\u2019apr\u00e8s lui dans cette famille &#8211; en sont aujourd\u2019hui, pour maintenir le pouvoir et leur l\u00e9gitimit\u00e9, \u00e0 r\u00e9duire les libert\u00e9s.\u00a0\u00bb<br \/>\n\u00ab\u00a0L\u2019un des enjeux de 2022 et des temps qui viennent, pour les forces \u00e9cologistes de gauche attach\u00e9es aux droits fondamentaux, c\u2019est de lutter pour que les citoyennes et les citoyens ne consentent pas \u00e0 la r\u00e9duction de leur libert\u00e9 au nom d\u2019une promesse de s\u00e9curit\u00e9.\u00a0\u00bb<div id='gallery-1' class='gallery galleryid-12589 gallery-columns-3 gallery-size-thumbnail'><figure class='gallery-item'>\n\t\t\t<div class='gallery-icon landscape'>\n\t\t\t\t<a href='https:\/\/archives.regards.fr\/wp-content\/uploads\/2020\/11\/capture_d_e_cran_2020-11-20_a_14-a65.01.57.png'><img loading=\"lazy\" decoding=\"async\" width=\"150\" height=\"150\" src=\"https:\/\/archives.regards.fr\/wp-content\/uploads\/2020\/11\/capture_d_e_cran_2020-11-20_a_14-a65.01.57-150x150.png\" class=\"attachment-thumbnail size-thumbnail\" alt=\"capture_d_e_cran_2020-11-20_a_14.01.57.png\" \/><\/a>\n\t\t\t<\/div><\/figure>\n\t\t<\/div>\n<\/p>\n","protected":false},"excerpt":{"rendered":"<p>Une d\u00e9cision historique du Conseil d\u2019Etat vient d\u2019\u00eatre rendue et entend mettre un coup de pression au gouvernement qui a trois mois pour prouver qu\u2019il respecte ses engagements climatiques. En pleine crise \u00e9conomique et sanitaire, o\u00f9 va l\u2019\u00e9cologie ? David Cormand, d\u00e9put\u00e9 europ\u00e9en EELV, est l\u2019invit\u00e9 de #LaMidinale.<\/p>\n","protected":false},"author":1204,"featured_media":29936,"comment_status":"open","ping_status":"open","sticky":false,"template":"","format":"standard","meta":{"_themeisle_gutenberg_block_has_review":false,"footnotes":""},"categories":[238],"tags":[293],"class_list":["post-12589","post","type-post","status-publish","format-standard","has-post-thumbnail","hentry","category-la-midinale","tag-entretien"],"_links":{"self":[{"href":"https:\/\/archives.regards.fr\/index.php?rest_route=\/wp\/v2\/posts\/12589","targetHints":{"allow":["GET"]}}],"collection":[{"href":"https:\/\/archives.regards.fr\/index.php?rest_route=\/wp\/v2\/posts"}],"about":[{"href":"https:\/\/archives.regards.fr\/index.php?rest_route=\/wp\/v2\/types\/post"}],"author":[{"embeddable":true,"href":"https:\/\/archives.regards.fr\/index.php?rest_route=\/wp\/v2\/users\/1204"}],"replies":[{"embeddable":true,"href":"https:\/\/archives.regards.fr\/index.php?rest_route=%2Fwp%2Fv2%2Fcomments&post=12589"}],"version-history":[{"count":0,"href":"https:\/\/archives.regards.fr\/index.php?rest_route=\/wp\/v2\/posts\/12589\/revisions"}],"wp:featuredmedia":[{"embeddable":true,"href":"https:\/\/archives.regards.fr\/index.php?rest_route=\/wp\/v2\/media\/29936"}],"wp:attachment":[{"href":"https:\/\/archives.regards.fr\/index.php?rest_route=%2Fwp%2Fv2%2Fmedia&parent=12589"}],"wp:term":[{"taxonomy":"category","embeddable":true,"href":"https:\/\/archives.regards.fr\/index.php?rest_route=%2Fwp%2Fv2%2Fcategories&post=12589"},{"taxonomy":"post_tag","embeddable":true,"href":"https:\/\/archives.regards.fr\/index.php?rest_route=%2Fwp%2Fv2%2Ftags&post=12589"}],"curies":[{"name":"wp","href":"https:\/\/api.w.org\/{rel}","templated":true}]}}