{"id":12587,"date":"2020-11-19T11:18:38","date_gmt":"2020-11-19T10:18:38","guid":{"rendered":"https:\/\/wp.muchomaas.com\/article-leila-chaibi-il-faut-donner-aux-travailleurs-des-plateformes-numeriques-les\/"},"modified":"2023-06-24T00:05:50","modified_gmt":"2023-06-23T22:05:50","slug":"article-leila-chaibi-il-faut-donner-aux-travailleurs-des-plateformes-numeriques-les","status":"publish","type":"post","link":"https:\/\/archives.regards.fr\/?p=12587","title":{"rendered":"Leila Cha\u00efbi : \u00ab Il faut donner aux travailleurs des plateformes num\u00e9riques les m\u00eames droits qu&#8217;aux autres salari\u00e9s \u00bb"},"content":{"rendered":"<p class=\"post_excerpt\">Cela fait un an que la Commission europ\u00e9enne assure vouloir l\u00e9gif\u00e9rer sur le statut des travailleurs de plateformes num\u00e9riques. Ne voyant rien venir, Le\u00efla Chaibi a r\u00e9dig\u00e9 une proposition de directive, clef en main, qu\u2019elle a remise au commissaire europ\u00e9en Nicolas Schmit, lundi dernier. Avec Arthur Hay, ex livreur, elle est l\u2019invit\u00e9e de #LaMidinale.<\/p>\n<h2>UNE MIDINALE \u00c0 VOIR&#8230;<\/h2>\n<p><iframe loading=\"lazy\" width=\"490\" height=\"276\" src=\"https:\/\/www.youtube.com\/embed\/_kZC7hP1P4k\" frameborder=\"0\" allow=\"accelerometer; autoplay; clipboard-write; encrypted-media; gyroscope; picture-in-picture\" allowfullscreen><\/iframe><\/p>\n<p>&nbsp;<\/p>\n<p><h2>ET \u00c0 LIRE&#8230;<\/h2>\n<p><em>\u00a0<strong>Sur la proposition de directive\u00a0<\/em>\u00a0<\/strong><br \/>\n<em>Le\u00efla Chaibi<\/em><br \/>\n\u00ab C\u2019est une initiative peu courante au Parlement. On pourrait se dire que c\u2019est normal que des parlementaires proposent des directives.\u00a0Une directive c\u2019est l\u2019\u00e9quivalent d\u2019une loi au niveau europ\u00e9en. Mais dans l\u2019Union europ\u00e9en, on doit attendre d\u2019avoir une proposition de directive qui \u00e9mane de la commission europ\u00e9enne, et les parlementaires ont juste le droit de l\u2019amender.\u00a0\u00bb<br \/>\n\u00ab\u00a0Les plateformes num\u00e9riques ont invent\u00e9 un mod\u00e8le pour contourner le droit du travail en utilisant le statut des ind\u00e9pendants, mais sans donner les libert\u00e9s et l\u2019autonomie des ind\u00e9pendants.\u00a0\u00bb<br \/>\n\u00ab\u00a0\u00c7a fait un an qu\u2019on attend une proposition de directive de la part de la commission europ\u00e9enne sur le sujet des travailleurs des plateformes num\u00e9riques.\u00a0La situation est la m\u00eame partout en Europe. \u00bb<br \/>\n\u00ab\u00a0\u00c7a fait un an que la commission veut l\u00e9gif\u00e9rer.\u00a0\u00bb<br \/>\n\u00ab\u00a0Plut\u00f4t que d\u2019attendre la proposition de la commission qui tardait \u00e0 arriver et qu\u2019il y avait urgence, j\u2019ai r\u00e9uni un groupe d\u2019experts et de juristes pour \u00e9crire une proposition de directive.\u00a0\u00bb<br \/>\n\u00ab\u00a0J\u2019ai pr\u00e9sent\u00e9 la proposition de directive au commissaire europ\u00e9en charg\u00e9 de l\u2019emploi et des affaires sociales, Nicolas Schmit.\u00a0\u00bb<\/p>\n<p><em>\u00a0<strong>Sur les droits relatifs \u00e0 la proposition de directive<\/em> <\/strong><br \/>\n\u00ab\u00a0L\u2019enjeu c\u2019est de donner aux travailleurs des plateformes num\u00e9riques les m\u00eames droits que n\u2019importe quel salari\u00e9s.\u00a0\u00bb<br \/>\n\u00ab\u00a0Il existe aujourd\u2019hui le statut d\u2019ind\u00e9pendant, le statut de salari\u00e9 et les plateformes veulent cr\u00e9er un nouveau statut qui nous para\u00eet tr\u00e8s dangereux : ils veulent inventer un contrat de travail d\u00e9rogatoire au droit commun.\u00a0\u00bb<br \/>\n\u00ab\u00a0Pendant le confinement, Monoprix a d\u00e9couvert comment remplacer les travailleurs qui \u00e9taient en arr\u00eat maladie.\u00a0Ils ont d\u00e9couvert la plateforme Staffme qui permet de trouver un job en s\u2019inscrivant en tant que micro-entrepreneur. Et Monoprix a donc d\u00e9couvert que plut\u00f4t que d\u2019avoir des salari\u00e9s avec un contrat, une dur\u00e9e, ils pouvaient avoir des \u00e9tudiants \u00e0 la t\u00e2che en passant par Staffme ce qui leur permet de ne pas assumer leur responsabilit\u00e9 d\u2019employeur. \u00bb\u00a0<br \/>\n\u00ab\u00a0Cette directive que je propose peut se faire \u00e0 trait\u00e9 constant. La commission europ\u00e9enne peut copier\/coller notre proposition.\u00a0\u00bb<\/p>\n<p><em>\u00a0<strong>Sur la r\u00e9action du commissaire europ\u00e9en et la probabilit\u00e9 d\u2019adoption de la directive<\/em>\u00a0<\/strong><br \/>\n\u00ab\u00a0Je suis \u00e0 la fois optimiste et lucide. \u00bb<br \/>\n\u00ab\u00a0Je savais que le commissaire ne m\u2019annoncerait pas de scoop. Mais il y a plusieurs \u00e9l\u00e9ments positifs et c\u2019est d\u2019abord le fait que le commissaire europ\u00e9en, Nicolas Schmit, est contre l\u2019id\u00e9e d\u2019un troisi\u00e8me statut.\u00a0\u00bb<br \/>\n\u00ab\u00a0Quand j\u2019ai rencontr\u00e9 les lobbyistes de Uber et de Deliveroo, ils avaient des \u00e9toiles dans les yeux quand ils parlaient de Macron.\u00a0\u00bb<br \/>\n\u00ab\u00a0Le plus grand frein qu\u2019on a au Parlement europ\u00e9en vient des parlementaires fran\u00e7ais, macronistes.\u00a0J\u2019ai moins de frein quand je vais voir la droite qu\u2019avec les eurod\u00e9put\u00e9s macronistes. \u00bb<\/p>\n<p><em> <strong>Sur la concurrence entre les travailleurs<\/em>\u00a0<\/strong><br \/>\n<em>Arthur Hay<\/em><br \/>\n\u00ab\u00a0C\u2019est facile quand on a une population pr\u00e9caire de les mettre en concurrence.\u00a0\u00bb<br \/>\n\u00ab\u00a0Les plateformes essaient de cr\u00e9er ce climat de concurrence.\u00a0\u00bb<br \/>\n\u00ab\u00a0Il y a un mod\u00e8le de soci\u00e9t\u00e9 et d\u2019exploitation du travail qui veut \u00eatre g\u00e9n\u00e9ralis\u00e9 par les plateformes num\u00e9riques.\u00a0\u00bb<br \/>\n\u00ab\u00a0Les nouvelles boites d\u2019interim qui se montent sont des boites de micro-entrepreneurs &#8211; pour remplacer des gens qui sont en arr\u00eats maladie ou qui font valoir leur droit de retrait. Cette opposition entre les salari\u00e9s tend \u00e0 se g\u00e9n\u00e9raliser.\u00a0\u00bb<\/p>\n<p><em>Le\u00efla Chaibi\u00a0<\/em>\u00a0<br \/>\n\u00ab\u00a0On a l\u2019impression que le capitalisme a toujours essay\u00e9 de trouver des strat\u00e9gies de contournement au fait que collectivement sur un m\u00eame site, les travailleurs s\u2019organisent.\u00a0\u00bb<br \/>\n\u00ab\u00a0Avec l\u2019ub\u00e9risation, les contrats individuels, les plateformes ont cass\u00e9 cette organisation des travailleurs. D\u2019ailleurs, j\u2019aime beaucoup le slogan du [Collectif des Livreurs Autonomes de Paris] c\u2019est \u2018la rue est notre usine\u2019.\u00a0\u00bb<\/p>\n<p><em>\u00a0<strong>Sur l\u2019utilit\u00e9 sociale des m\u00e9tiers et les appels au boycott<\/strong> <\/em><br \/>\n<em>Le\u00efla Chaibi\u00a0<\/em><br \/>\n\u00ab\u00a0Je suis un peu agac\u00e9e aux appels au boycott et \u00e0 ces appels \u00e0 la responsabilit\u00e9 individuelle.\u00a0\u00bb<br \/>\n\u00ab Je comprends que quelqu\u2019un qui cherche \u00e0 faire ses cadeaux de No\u00ebl, s\u2019il est ric-rac, qu\u2019il fasse le choix d\u2019aller sur Amazon plut\u00f4t que d\u2019aller ailleurs. La solution est avant tout politique. Mon boulot c\u2019est pas de faire la morale aux gens en leur disant d\u2019arr\u00eater d\u2019aller sur Amazon.\u00a0\u00bb<br \/>\n\u00ab\u00a0On parle peu du fait que ces plateformes existent parce qu\u2019elles sont des interm\u00e9diaires. Et ce qui se joue en ce moment est tr\u00e8s dangereux car ces plateformes qui devaient n\u2019\u00eatre que l\u2019interm\u00e9diaire entre A et B, sont en train de bouffer B.\u00a0\u00bb\u00a0<br \/>\n\u00ab\u00a0Deliveroo a accumul\u00e9 un certain nombre de donn\u00e9es. Ils ont d\u00e9j\u00e0 commenc\u00e9 \u00e0 cr\u00e9er des Dark Kitchen dans lesquels il y a plusieurs restaurants, chacun a son petit box, ils y font la cuisine.\u00a0\u00bb<\/p>\n<p><em>Arthur Hay<\/em><br \/>\n\u00ab\u00a0Se servir de sa carte bleue et du boycott n\u2019est pas l\u2019id\u00e9e que je me fais d\u2019une d\u00e9mocratie.\u00a0\u00bb<br \/>\n\u00ab\u00a0Le travail qui doit \u00eatre fait doit \u00eatre syndical.\u00a0\u00bb<br \/>\n\u00ab\u00a0Ce qu\u2019on demande aux citoyens c\u2019est de rejoindre les mobilisations. Il ne s\u2019agit pas d\u2019un projet de repas quand on commande Deliveroo mais d\u2019un projet de soci\u00e9t\u00e9.\u00a0\u00bb<br \/>\n\u00ab\u00a0Ce qui se joue aujourd\u2019hui autour des travailleurs des plateformes c\u2019est une g\u00e9n\u00e9ralisation au monde du travail.\u00a0\u00bb<br \/>\n\u00ab\u00a0Il y a peut-\u00eatre une partie de la jeunesse qui se pose la question de l\u2019autonomie dans le salariat et du coup pr\u00e9f\u00e8re devenir ind\u00e9pendante. Cette autonomie est possible \u00e0 l\u2019int\u00e9rieur du salariat. Il faut am\u00e9liorer le statut du salariat. Il y a tout un combat \u00e0 mener.\u00a0\u00bb<div id='gallery-1' class='gallery galleryid-12587 gallery-columns-3 gallery-size-thumbnail'><figure class='gallery-item'>\n\t\t\t<div class='gallery-icon landscape'>\n\t\t\t\t<a href='https:\/\/archives.regards.fr\/wp-content\/uploads\/2020\/11\/capture_d_e_cran_2020-11-19_a_11-41d.14.54.png'><img loading=\"lazy\" decoding=\"async\" width=\"150\" height=\"150\" src=\"https:\/\/archives.regards.fr\/wp-content\/uploads\/2020\/11\/capture_d_e_cran_2020-11-19_a_11-41d.14.54-150x150.png\" class=\"attachment-thumbnail size-thumbnail\" alt=\"capture_d_e_cran_2020-11-19_a_11.14.54.png\" \/><\/a>\n\t\t\t<\/div><\/figure>\n\t\t<\/div>\n<\/p>\n","protected":false},"excerpt":{"rendered":"<p>Cela fait un an que la Commission europ\u00e9enne assure vouloir l\u00e9gif\u00e9rer sur le statut des travailleurs de plateformes num\u00e9riques. Ne voyant rien venir, Le\u00efla Chaibi a r\u00e9dig\u00e9 une proposition de directive, clef en main, qu\u2019elle a remise au commissaire europ\u00e9en Nicolas Schmit, lundi dernier. Avec Arthur Hay, ex livreur, elle est l\u2019invit\u00e9e de #LaMidinale.<\/p>\n","protected":false},"author":1039,"featured_media":29932,"comment_status":"open","ping_status":"open","sticky":false,"template":"","format":"standard","meta":{"_themeisle_gutenberg_block_has_review":false,"footnotes":""},"categories":[238],"tags":[293],"class_list":["post-12587","post","type-post","status-publish","format-standard","has-post-thumbnail","hentry","category-la-midinale","tag-entretien"],"_links":{"self":[{"href":"https:\/\/archives.regards.fr\/index.php?rest_route=\/wp\/v2\/posts\/12587","targetHints":{"allow":["GET"]}}],"collection":[{"href":"https:\/\/archives.regards.fr\/index.php?rest_route=\/wp\/v2\/posts"}],"about":[{"href":"https:\/\/archives.regards.fr\/index.php?rest_route=\/wp\/v2\/types\/post"}],"author":[{"embeddable":true,"href":"https:\/\/archives.regards.fr\/index.php?rest_route=\/wp\/v2\/users\/1039"}],"replies":[{"embeddable":true,"href":"https:\/\/archives.regards.fr\/index.php?rest_route=%2Fwp%2Fv2%2Fcomments&post=12587"}],"version-history":[{"count":0,"href":"https:\/\/archives.regards.fr\/index.php?rest_route=\/wp\/v2\/posts\/12587\/revisions"}],"wp:featuredmedia":[{"embeddable":true,"href":"https:\/\/archives.regards.fr\/index.php?rest_route=\/wp\/v2\/media\/29932"}],"wp:attachment":[{"href":"https:\/\/archives.regards.fr\/index.php?rest_route=%2Fwp%2Fv2%2Fmedia&parent=12587"}],"wp:term":[{"taxonomy":"category","embeddable":true,"href":"https:\/\/archives.regards.fr\/index.php?rest_route=%2Fwp%2Fv2%2Fcategories&post=12587"},{"taxonomy":"post_tag","embeddable":true,"href":"https:\/\/archives.regards.fr\/index.php?rest_route=%2Fwp%2Fv2%2Ftags&post=12587"}],"curies":[{"name":"wp","href":"https:\/\/api.w.org\/{rel}","templated":true}]}}