{"id":12586,"date":"2020-11-18T13:21:09","date_gmt":"2020-11-18T12:21:09","guid":{"rendered":"https:\/\/wp.muchomaas.com\/article-antoine-bristielle-avec-la-crise-on-est-passe-de-95-de-confiance-dans-les\/"},"modified":"2023-06-24T00:05:49","modified_gmt":"2023-06-23T22:05:49","slug":"article-antoine-bristielle-avec-la-crise-on-est-passe-de-95-de-confiance-dans-les","status":"publish","type":"post","link":"https:\/\/archives.regards.fr\/?p=12586","title":{"rendered":"Antoine Bristielle : \u00ab Avec la crise, on est pass\u00e9 de 95% de confiance dans les scientifiques \u00e0 75% \u00bb"},"content":{"rendered":"<p class=\"post_excerpt\">Le complotisme s&#8217;invite dans la crise du Covid-19. Pour en parler, Antoine Bristielle, professeur agr\u00e9g\u00e9 de sciences sociales, sp\u00e9cialiste de l&#8217;usage politique d&#8217;Internet et des r\u00e9seaux sociaux, est l\u2019invit\u00e9 de #LaMidinale.\n<\/p>\n<h2>UNE MIDINALE \u00c0 VOIR&#8230;<\/h2>\n<p><iframe loading=\"lazy\" width=\"490\" height=\"276\" src=\"https:\/\/www.youtube.com\/embed\/uqUMIcVmBnA\" frameborder=\"0\" allow=\"accelerometer; autoplay; clipboard-write; encrypted-media; gyroscope; picture-in-picture\" allowfullscreen><\/iframe><\/p>\n<p>&nbsp;<\/p>\n<p><h2>ET \u00c0 LIRE&#8230;<\/h2>\n<p><em>\u00a0<strong>Sur complotisme et conspirationnisme<\/em>\u00a0<\/strong><br \/>\n\u00ab\u00a0Le complot et la conspiration sont un peu la m\u00eame chose.\u00a0\u00bb<br \/>\n\u00ab\u00a0En France, on parle plus de complotisme quand dans le langage anglo-saxon, on va plus utiliser le terme de conspirationnisme.\u00a0\u00bb<br \/>\n\u00ab\u00a0C\u2019est l\u2019id\u00e9e qu\u2019il y aurait quelques individus qui seraient derri\u00e8re des ph\u00e9nom\u00e8nes qu\u2019on aurait du mal \u00e0 expliquer.\u00a0\u00bb<\/p>\n<p><em>\u00a0<strong>Sur le complotisme comme id\u00e9ologie<\/em>\u00a0<\/strong><br \/>\n\u00ab\u00a0C\u2019est difficile de parler d\u2019id\u00e9ologie avec le complotisme ou le conspirationnisme.\u00a0\u00bb<br \/>\n\u00ab\u00a0Il n\u2019y a pas une vision ou une vis\u00e9e politique derri\u00e8re le conspirationnisme.\u00bb\u00a0<br \/>\n\u00ab\u00a0Le conspirationninisme est principalement li\u00e9 \u00e0 la d\u00e9fiance qu\u2019on peut avoir par rapport aux institutions et notamment aux institutions politiques.\u00a0\u00bb<br \/>\nSur les institutions comme v\u00e9hicule du complot<br \/>\n\u00ab\u00a0Les th\u00e9ories conspirationnistes peuvent venir d\u2019acteurs institu\u00e9s et d\u2019institutions.\u00a0\u00bb<br \/>\n\u00ab\u00a0Plus la d\u00e9fiance dans les institutions est grande plus on va avoir tendance \u00e0 adh\u00e9rer aux th\u00e9ories conspirationnistes.\u00a0\u00bb<\/p>\n<p><em>\u00a0<strong>Sur le profil de ceux qui diffusent et re\u00e7oivent\/acceptent les th\u00e9ories conspirationnistes\u00a0<\/em>\u00a0<\/strong><br \/>\n\u00ab\u00a0Plus les personnes sont relativement jeunes, plus elles vont avoir tendance \u00e0 adh\u00e9rer aux th\u00e9ories conspirationnistes. Plus leur niveau d\u2019\u00e9ducation est faible, plus elles vont avoir tendance \u00e0 adh\u00e9rer \u00e0 ces th\u00e9ories.\u00a0\u00bb<br \/>\n\u00ab\u00a0L\u2019usage des m\u00e9dias est aussi un r\u00e9v\u00e9lateur et ce qui est assez paradoxal c\u2019est qu\u2019il n\u2019y a pas seulement un effet des r\u00e9seaux sociaux &#8211; il y en a un &#8211; il y a aussi un effet de la t\u00e9l\u00e9vision.\u00a0\u00bb<br \/>\n\u00ab\u00a0Quelqu\u2019un qui va s\u2019informer \u00e0 la t\u00e9l\u00e9vision va \u00eatre beaucoup plus conspirationniste.\u00a0\u00bb<br \/>\n\u00ab\u00a0Le comportement de certains m\u00e9dias et de certaines chaines d\u2019infos en continue qui vont donner la parole \u00e0 des gens qui ont des propos limites \u00e0 \u00e9ch\u00e9ance r\u00e9guli\u00e8re, \u00e7a a bien un effet sur l\u2019adh\u00e9sion aux th\u00e9ories conspirationnistes.\u00a0\u00bb<\/p>\n<p><em>\u00a0<strong>Sur le discours scientifique\u00a0<\/em>\u00a0<\/strong><br \/>\n\u00ab\u00a0On a eu un vrai brouhaha m\u00e9diatique au niveau du monde scientifique au d\u00e9but de l\u2019\u00e9pid\u00e9mie.\u00a0\u00bb<br \/>\n\u00ab\u00a0Avant le d\u00e9but de l\u2019\u00e9pid\u00e9mie, le taux de confiance dans les scientifiques \u00e9tait de 95% &#8211; ils \u00e9taient consid\u00e9r\u00e9s comme une autorit\u00e9 sup\u00e9rieure \u00e0 laquelle on pouvait s\u2019en remettre. Et il y a une telle controverse scientifique qui a parfois \u00e9t\u00e9 artificiellement construite dans les m\u00e9dias, qu\u2019aujourd\u2019hui on est \u00e0 75% de confiance dans les scientifiques.\u00a0\u00bb<br \/>\n\u00ab\u00a0On n\u2019a pas confiance dans nos institutions politiques et on a aussi beaucoup moins confiance dans nos scientifiques et c\u2019est pour \u00e7a qu\u2019il est de plus en plus difficile d\u2019accepter la politique sanitaire.\u00a0 C\u2019est pour \u00e7a que les gens sont extr\u00eamement d\u00e9fiants par rapport au vaccin. \u00bb<\/p>\n<p><em>\u00a0<strong>Sur les capacit\u00e9s du gouvernement \u00e0 faire accepter le vaccin anti-covid<\/em>\u00a0<\/strong><br \/>\n\u00ab\u00a0Contrairement \u00e0 nos voisins qui avaient d\u00e9j\u00e0 anticip\u00e9 le fait qu\u2019un vaccin allait arriver &#8211; en Allemagne, c\u2019\u00e9tait un sujet dont on parlait depuis plusieurs mois -, en France, on commence \u00e0 en parler \u00e0 partir du moment o\u00f9 il va \u00eatre disponible : l\u2019effet est donc celui du manque de recul car dans quelques semaines, on va s\u00fbrement demander aux gens de se faire vacciner (\u2026). Cette d\u00e9fiance peut d\u2019ailleurs \u00eatre l\u00e9gitime.\u00a0\u00bb<br \/>\n\u00ab\u00a0L\u2019acceptation du vaccin repose en particulier sur les m\u00e9decins g\u00e9n\u00e9ralistes.\u00a0\u00bb<br \/>\n\u00ab\u00a0Il faut plus miser sur la proximit\u00e9 que sur les grands discours.\u00a0\u00bb<\/p>\n<p><em>\u00a0<strong>Sur la r\u00e9ponse aux th\u00e8ses conspirationnistes<\/em>\u00a0<\/strong><br \/>\n\u00ab\u00a0Le risque, c\u2019est de susciter un raisonnement motiv\u00e9 : tu arrives avec ta grande th\u00e9orie et tu ne vas pas \u00eatre capable de recevoir tous les arguments qui vont aller \u00e0 son encontre, c\u2019est-\u00e0-dire que tu vas rester dans une sorte de bulle dans laquelle les arguments adverses n\u2019ont pas de prise.\u00a0\u00bb<br \/>\n\u00ab\u00a0Il est n\u00e9cessaire d\u2019opposer un contre-discours aux discours conspirationnistes.\u00a0\u00bb<br \/>\n\u00ab\u00a0Dans le documentaire Hold-up, ils disent par exemple en gros que l\u2019\u00e9pid\u00e9mie n\u2019est pas si dangereuse que cela et que c\u2019est organis\u00e9 par nos \u00e9lites pour supprimer la moiti\u00e9 de la population\u2026 Il faut un contre-discours pour s\u2019y opposer. Et diff\u00e9rentes \u00e9tudes montrent que cela marche.\u00a0\u00bb<br \/>\n\u00ab\u00a0Dans une enqu\u00eate, on a d\u00e9montr\u00e9 qu\u2019environ 20% de la population \u00e9tait extr\u00eamement sensible aux th\u00e8ses conspirationnistes. Quand on prend les personnes d\u00e9fiantes vis-\u00e0-vis des institutions politiques, on atteint entre 70 et 80%. C\u2019est sur les 60% de diff\u00e9rence entre les deux que les contre-discours peuvent avoir un impact.\u00a0\u00bb<\/p>\n<p><em>\u00a0<strong>Sur le concept de post-v\u00e9rit\u00e9<\/em>\u00a0<\/strong><br \/>\n\u00ab\u00a0On a une telle d\u00e9fiance vis-\u00e0-vis de nos institutions que tous les discours alternatifs vont \u00eatre vus avec \u00e9norm\u00e9ment de bienveillance.\u00a0\u00bb<br \/>\n\u00ab\u00a0Les gens se rendent peut-\u00eatre compte que tout n\u2019est pas totalement vrai mais comme cela va \u00e0 l\u2019encontre d\u2019institutions qui sont honnies, ces discours sont per\u00e7us avec bienveillance.\u00a0\u00bb<div id='gallery-1' class='gallery galleryid-12586 gallery-columns-3 gallery-size-thumbnail'><figure class='gallery-item'>\n\t\t\t<div class='gallery-icon landscape'>\n\t\t\t\t<a href='https:\/\/archives.regards.fr\/wp-content\/uploads\/2020\/11\/capture_d_e_cran_2020-11-18_a_12-2b1.33.43.png'><img loading=\"lazy\" decoding=\"async\" width=\"150\" height=\"150\" src=\"https:\/\/archives.regards.fr\/wp-content\/uploads\/2020\/11\/capture_d_e_cran_2020-11-18_a_12-2b1.33.43-150x150.png\" class=\"attachment-thumbnail size-thumbnail\" alt=\"capture_d_e_cran_2020-11-18_a_12.33.43.png\" \/><\/a>\n\t\t\t<\/div><\/figure>\n\t\t<\/div>\n<\/p>\n","protected":false},"excerpt":{"rendered":"<p>Le complotisme s&#8217;invite dans la crise du Covid-19. Pour en parler, Antoine Bristielle, professeur agr\u00e9g\u00e9 de sciences sociales, sp\u00e9cialiste de l&#8217;usage politique d&#8217;Internet et des r\u00e9seaux sociaux, est l\u2019invit\u00e9 de #LaMidinale.<\/p>\n","protected":false},"author":1204,"featured_media":29930,"comment_status":"open","ping_status":"open","sticky":false,"template":"","format":"standard","meta":{"_themeisle_gutenberg_block_has_review":false,"footnotes":""},"categories":[238],"tags":[],"class_list":["post-12586","post","type-post","status-publish","format-standard","has-post-thumbnail","hentry","category-la-midinale"],"_links":{"self":[{"href":"https:\/\/archives.regards.fr\/index.php?rest_route=\/wp\/v2\/posts\/12586","targetHints":{"allow":["GET"]}}],"collection":[{"href":"https:\/\/archives.regards.fr\/index.php?rest_route=\/wp\/v2\/posts"}],"about":[{"href":"https:\/\/archives.regards.fr\/index.php?rest_route=\/wp\/v2\/types\/post"}],"author":[{"embeddable":true,"href":"https:\/\/archives.regards.fr\/index.php?rest_route=\/wp\/v2\/users\/1204"}],"replies":[{"embeddable":true,"href":"https:\/\/archives.regards.fr\/index.php?rest_route=%2Fwp%2Fv2%2Fcomments&post=12586"}],"version-history":[{"count":0,"href":"https:\/\/archives.regards.fr\/index.php?rest_route=\/wp\/v2\/posts\/12586\/revisions"}],"wp:featuredmedia":[{"embeddable":true,"href":"https:\/\/archives.regards.fr\/index.php?rest_route=\/wp\/v2\/media\/29930"}],"wp:attachment":[{"href":"https:\/\/archives.regards.fr\/index.php?rest_route=%2Fwp%2Fv2%2Fmedia&parent=12586"}],"wp:term":[{"taxonomy":"category","embeddable":true,"href":"https:\/\/archives.regards.fr\/index.php?rest_route=%2Fwp%2Fv2%2Fcategories&post=12586"},{"taxonomy":"post_tag","embeddable":true,"href":"https:\/\/archives.regards.fr\/index.php?rest_route=%2Fwp%2Fv2%2Ftags&post=12586"}],"curies":[{"name":"wp","href":"https:\/\/api.w.org\/{rel}","templated":true}]}}