{"id":12584,"date":"2020-11-18T10:43:57","date_gmt":"2020-11-18T09:43:57","guid":{"rendered":"https:\/\/wp.muchomaas.com\/article-face-a-amazon-ne-faites-pas-comme-laurent-berger\/"},"modified":"2023-07-03T14:31:55","modified_gmt":"2023-07-03T12:31:55","slug":"article-face-a-amazon-ne-faites-pas-comme-laurent-berger","status":"publish","type":"post","link":"https:\/\/archives.regards.fr\/?p=12584","title":{"rendered":"Face \u00e0 Amazon, ne faites pas comme Laurent Berger&#8230;"},"content":{"rendered":"<p class=\"post_excerpt\">&#8230; lisez et signez l\u2019appel \u00ab Pour stopper l\u2019expansion d\u2019Amazon avant qu\u2019il ne soit trop tard \u00bb !<\/p>\n<p><strong>MAD MARX.<\/strong> La demande de r\u00e9ouverture des petits commerces d\u00e8s le 27 novembre est-elle l\u00e9gitime ? <em>\u00ab Les petits commerces souffrent \u00e9norm\u00e9ment et cela concerne aussi beaucoup de salari\u00e9s, m\u00eame s\u2019il y a le ch\u00f4mage partiel \u00bb<\/em>, r\u00e9pond Laurent Berger, le secr\u00e9taire de la CFDT, invit\u00e9 du Grand entretien de France Inter ce lundi 16 novembre. <em>\u00ab Il faudrait rouvrir le plus vite possible. Mais<\/em>, pr\u00e9cise-t-il, <em>quand et sous quelles modalit\u00e9s, je ne suis pas en capacit\u00e9 de r\u00e9pondre car c\u2019est une d\u00e9cision sanitaire et je ne suis pas m\u00e9decin \u00bb<\/em>.<\/p>\n<p>Certes ! Mais, sachant les risques de disparition de nombreux petits commerces et de destruction massive d\u2019emplois salari\u00e9s qui l\u2019accompagnerait, le secr\u00e9taire g\u00e9n\u00e9ral de la CFDT, aurait pu demander que, quoiqu\u2019il en soit du point de vue sanitaire, les moyens d\u2019\u00e9viter un tel d\u00e9sastre \u00e9conomique et social soient d\u00e8s maintenant discut\u00e9s et mis en place. Ils pourraient par exemple \u00eatre financ\u00e9s par une taxe exceptionnelle sur le chiffre d\u2019affaires des b\u00e9n\u00e9ficiaires du <em>Black Friday<\/em>.<\/p>\n<h2>Mortel Vendredi <\/h2>\n<p>Car si les commer\u00e7ants demandent une r\u00e9ouverture pr\u00e9cis\u00e9ment d\u00e8s le 27 novembre, c\u2019est \u00e9videmment parce que c\u2019est le jour du <em>Black Friday<\/em>, c\u2019est-\u00e0-dire du grand jour de soldes o\u00f9 les g\u00e9ants de la vente en ligne, \u00e0 commencer par Amazon, pourront accaparer une part significative des achats de No\u00ebl.<\/p>\n<p><em>\u00ab Ce n\u2019est pas nouveau, et je trouve cela inqui\u00e9tant sur ce que cela veut dire de notre relation \u00e0 la consommation \u00bb<\/em>, souligne \u00e0 raison Laurent Berger. Sauf que cela va avoir cette ann\u00e9e un impact d\u2019autant plus important si les petits commerces sont ferm\u00e9s ce jour-l\u00e0 et le week-end suivant.<\/p>\n<p><em>\u00ab Il faut essayer de faire en sorte qu\u2019on ait un No\u00ebl avec le moins d&#8217;Amazon possible \u00bb<\/em>, ajoute-t-il, l\u00e0 encore \u00e0 raison.<\/p>\n<p>Oui mais, r\u00e9torque L\u00e9a Salam\u00e9 qui l\u2019interviewe, le gouvernement n\u2019a pas les moyens d\u2019interdire le <em>Black Friday<\/em>. Objection pour le moins discutable. Alors que ce m\u00eame gouvernement a pu faire fermer les rayons de produits \u00ab non essentiels \u00bb des grandes surfaces au motif de distorsion de concurrence. Laurent Berger, pour sa part, ne la discute pas. Mais, insiste-t-il, l\u00e0 encore \u00e0 raison, <em>\u00ab on ne peut pas en appeler seulement \u00e0 la responsabilit\u00e9 des citoyens. Il faudrait de la r\u00e9gulation au niveau europ\u00e9en et national. Il y a des citoyens qui n\u2019ont pas d\u2019autres solutions que de faire appel \u00e0 ces plateformes. Je pr\u00e9f\u00e9rerais que ce soit une fiscalisation de leurs b\u00e9n\u00e9fices sur le long terme \u00bb<\/em>.<\/p>\n<p><em>\u00ab Oui, mais la taxe GAFA, on ne peut pas. Il y a les mesures de r\u00e9torsion am\u00e9ricaine et il y a les divisons europ\u00e9ennes \u00bb<\/em>, lui r\u00e9torque L\u00e9a Salam\u00e9, avocate permanente de TINA (<em>There Is No Alternative<\/em>).<\/p>\n<p>Mais, si on ne fait pas cette taxation des profits aupr\u00e8s de chacun des pays et des continents en ce qui concerne l\u2019Europe, on n\u2019aura pas de r\u00e9gulation de ces GAFA, r\u00e9plique Laurent Berger. <em>\u00ab Et<\/em>, ajoute-t-il, <em>au bout d\u2019un moment, on en appellera juste \u00e0 la bonne volont\u00e9 des citoyens. Et en ce moment, il y a aussi des citoyens qui n\u2019ont pas d\u2019autres solutions que de faire appel \u00e0 ces plates formes pour avoir les biens dont ils ont besoin. \u00bb<\/em> Une fois encore le bon argument.<\/p>\n<p><em>\u00ab Justement<\/em>, lui dit Nicolas Demorand, qui l\u2019interviewe \u00e9galement, <em><a href=\"https:\/\/www.francetvinfo.fr\/internet\/amazon\/tribune-stopper-amazon-avant-quil-ne-soit-trop-tard-l-appel-de-plus-d-une-centaine-d-ong-de-syndicalistes-de-citoyens-et-d-elus_4161905.html\">France Info publie une tribune<\/a> d\u2019une centaine d\u2019ONG, de syndicalistes, de citoyens et d\u2019\u00e9lus qui r\u00e9clame une taxation exceptionnelle sur le chiffre d\u2019affaires d\u2019Amazon. Qu\u2019en pensez- vous ? \u00bb<\/em><\/p>\n<p>Et l\u00e0\u2026 Laurent Berger se d\u00e9file. Il explique <em>\u00ab qu\u2019il n\u2019est pas favorable \u00e0 une taxe sp\u00e9ciale sur Amazon et qu\u2019il pr\u00e9f\u00e8rerait une fiscalisation de leurs profits sur le long terme \u00bb<\/em>. Il souligne que ce n\u2019est pas simplement le probl\u00e8me de ce No\u00ebl particulier, mais qu\u2019il dure depuis longtemps. Et, argument ultime, <em>\u00ab il ne faut pas oublier qu\u2019Amazon ce sont des travailleurs. Et il ne faut pas leur jeter l\u2019opprobre. Ce sont des milliers de salari\u00e9s souvent syndiqu\u00e9s, notamment \u00e0 la CFDT, et il faut tenir compte que c\u2019est aussi leur travail \u00bb<\/em>.<\/p>\n<p>Comme si la tribune jetait l\u2019opprobre sur les travailleurs d\u2019Amazon et r\u00e9clamait la taxation de leur travail.<\/p>\n<p>Ne faites pas comme Laurent Berger ! Ne vous laissez pas aveugler par vos pr\u00e9jug\u00e9s et vos d\u00e9saccords suppos\u00e9s avec les signataires d\u2019une tribune. Ne vous laissez pas aller \u00e0 raconter n\u2019importe quoi pour essayer de vous justifier. Lisez la tribune.<\/p>\n<p>Elle nous dit : <\/p>\n<ul>\n<li> Qu\u2019Amazon, le g\u00e9ant du e-commerce, appara\u00eet comme le grand gagnant de la crise. Depuis le d\u00e9but de l\u2019ann\u00e9e 2020, ses ventes ont explos\u00e9 et la fortune de Jeff Bezos a d\u00e9pass\u00e9 les 200 milliards de dollars.<\/li>\n<li> Qu\u2019Amazon favorise en r\u00e9alit\u00e9 la multiplication d\u2019achats superflus et suremball\u00e9s, consommateurs de ressources et \u00e9metteurs de CO\u00b2.<\/li>\n<li> Que chez Amazon, les revendications salariales sont balay\u00e9es d\u2019un revers de main, les demandes de primes exceptionnelles li\u00e9es \u00e0 l\u2019augmentation de l\u2019activit\u00e9 sont refus\u00e9es <\/li>\n<li> Qu\u2019Emmanuel Macron lui d\u00e9roule le tapis rouge ! Non seulement il se refuse \u00e0 stopper les projets en cours d\u2019entrep\u00f4ts, centres de tri et agences de livraison, mais il a d\u00e9cid\u00e9 d\u2019interdire \u00e0 tout le monde de vendre des produits non essentiels sauf&#8230; aux g\u00e9ants de la vente en ligne !<\/li>\n<li> Que, l\u2019expansion d\u2019Amazon pourrait conduire au doublement de sa part de march\u00e9 et provoquer la destruction de 100.000 emplois partout en France. Elle se traduirait \u00e9galement par la distribution de 2 milliards de produits suppl\u00e9mentaires par an et nous enfoncerait encore plus dans le chaos climatique.<\/li>\n<\/ul>\n<p>Elle propose : <\/p>\n<ul>\n<li> Pour faire face \u00e0 l\u2019urgence, une taxe exceptionnelle sur le chiffre d\u2019affaires d\u2019Amazon et des autres profiteurs de la crise est \u00e9galement indispensable. Elle permettrait dans l\u2019imm\u00e9diat de financer les mesures de pr\u00e9servation de l\u2019emploi et le fonds de solidarit\u00e9 pour les commerces de proximit\u00e9<\/li>\n<\/ul>\n<p>Elle appelle :<\/p>\n<ul>\n<li> \u00c0 une mobilisation massive d\u2019ici au 27 novembre prochain, date du <em>Black Friday<\/em>, pour montrer l\u2019urgence de stopper l\u2019expansion du g\u00e9ant du e-commerce avant qu\u2019il ne soit trop tard.<\/li>\n<\/ul>\n<p>Si vous \u00eates d\u2019accord avec ce que dit et propose cette tribune, faites comme moi, signez la. C\u2019est <a href=\"https:\/\/www.stop-amazon.fr\/L-appel-Pour-stopper-l-expansion-d-Amazon-avant-qu-il-ne-soit-trop-tard\">ici<\/a> !<\/p>\n<p>&nbsp;<\/p>\n<p>\n<a href=\"https:\/\/wp.muchomaas.com\/auteur\/bernard-marx\"><strong>Bernard Marx<\/strong><\/a><div id='gallery-1' class='gallery galleryid-12584 gallery-columns-3 gallery-size-thumbnail'><figure class='gallery-item'>\n\t\t\t<div class='gallery-icon landscape'>\n\t\t\t\t<a href='https:\/\/archives.regards.fr\/wp-content\/uploads\/2020\/11\/marx_matraque-3-7e0-scaled.jpg'><img loading=\"lazy\" decoding=\"async\" width=\"150\" height=\"150\" src=\"https:\/\/archives.regards.fr\/wp-content\/uploads\/2020\/11\/marx_matraque-3-7e0-150x150.jpg\" class=\"attachment-thumbnail size-thumbnail\" alt=\"marx_matraque-3.jpg\" \/><\/a>\n\t\t\t<\/div><\/figure>\n\t\t<\/div>\n<\/p>\n","protected":false},"excerpt":{"rendered":"<p>&#8230; lisez et signez l\u2019appel \u00ab Pour stopper l\u2019expansion d\u2019Amazon avant qu\u2019il ne soit trop tard \u00bb !<\/p>\n","protected":false},"author":1240,"featured_media":29925,"comment_status":"open","ping_status":"open","sticky":false,"template":"","format":"standard","meta":{"_themeisle_gutenberg_block_has_review":false,"footnotes":""},"categories":[272],"tags":[357,359,484],"class_list":["post-12584","post","type-post","status-publish","format-standard","has-post-thumbnail","hentry","category-mad-marx","tag-chronique","tag-exclure-de-la-home","tag-politique-culturelle"],"_links":{"self":[{"href":"https:\/\/archives.regards.fr\/index.php?rest_route=\/wp\/v2\/posts\/12584","targetHints":{"allow":["GET"]}}],"collection":[{"href":"https:\/\/archives.regards.fr\/index.php?rest_route=\/wp\/v2\/posts"}],"about":[{"href":"https:\/\/archives.regards.fr\/index.php?rest_route=\/wp\/v2\/types\/post"}],"author":[{"embeddable":true,"href":"https:\/\/archives.regards.fr\/index.php?rest_route=\/wp\/v2\/users\/1240"}],"replies":[{"embeddable":true,"href":"https:\/\/archives.regards.fr\/index.php?rest_route=%2Fwp%2Fv2%2Fcomments&post=12584"}],"version-history":[{"count":0,"href":"https:\/\/archives.regards.fr\/index.php?rest_route=\/wp\/v2\/posts\/12584\/revisions"}],"wp:featuredmedia":[{"embeddable":true,"href":"https:\/\/archives.regards.fr\/index.php?rest_route=\/wp\/v2\/media\/29925"}],"wp:attachment":[{"href":"https:\/\/archives.regards.fr\/index.php?rest_route=%2Fwp%2Fv2%2Fmedia&parent=12584"}],"wp:term":[{"taxonomy":"category","embeddable":true,"href":"https:\/\/archives.regards.fr\/index.php?rest_route=%2Fwp%2Fv2%2Fcategories&post=12584"},{"taxonomy":"post_tag","embeddable":true,"href":"https:\/\/archives.regards.fr\/index.php?rest_route=%2Fwp%2Fv2%2Ftags&post=12584"}],"curies":[{"name":"wp","href":"https:\/\/api.w.org\/{rel}","templated":true}]}}