{"id":12580,"date":"2020-11-17T10:59:03","date_gmt":"2020-11-17T09:59:03","guid":{"rendered":"https:\/\/wp.muchomaas.com\/article-dominique-nogueres-les-lois-existantes-permettent-deja-d-assurer-largement-la\/"},"modified":"2023-06-24T00:05:38","modified_gmt":"2023-06-23T22:05:38","slug":"article-dominique-nogueres-les-lois-existantes-permettent-deja-d-assurer-largement-la","status":"publish","type":"post","link":"https:\/\/archives.regards.fr\/?p=12580","title":{"rendered":"Dominique Nogu\u00e8res : \u00ab Les lois existantes permettent d\u00e9j\u00e0 d\u2019assurer largement la s\u00e9curit\u00e9 des personnes \u00bb"},"content":{"rendered":"<p class=\"post_excerpt\">Aujourd\u2019hui s\u2019ouvre le d\u00e9bat au Parlement sur la proposition de loi dite de \u00ab s\u00e9curit\u00e9 globale \u00bb avec le tr\u00e8s controvers\u00e9 article 24 sur la diffusion d\u2019images de policiers. L\u2019ancienne avocate et vice-pr\u00e9sidente de la Ligue des Droits de l\u2019Homme, Dominique Nogu\u00e8res, est l\u2019invit\u00e9e de #LaMidinale.<\/p>\n<h2>UNE MIDINALE \u00c0 VOIR&#8230;<\/h2>\n<p><iframe loading=\"lazy\" width=\"490\" height=\"276\" src=\"https:\/\/www.youtube.com\/embed\/WnzIU8r41Ro\" frameborder=\"0\" allow=\"accelerometer; autoplay; clipboard-write; encrypted-media; gyroscope; picture-in-picture\" allowfullscreen><\/iframe><\/p>\n<p>&nbsp;<\/p>\n<p><h2>ET \u00c0 LIRE&#8230;<\/h2>\n<p><em>\u00a0<strong>Sur la succession de lois s\u00e9curitaires<\/em>\u00a0<\/strong><br \/>\n\u00ab\u00a0C\u2019est la trenti\u00e8me loi depuis quelques ann\u00e9es. C\u2019est assez effrayant et on a l\u2019impression d\u2019une fuite en avant.\u00a0\u00bb<br \/>\n\u00ab\u00a0Pour nous juristes, quand on regarde l\u2019\u00e9tat des lois existantes, il y a largement de quoi assurer la s\u00e9curit\u00e9 des personnes.\u00a0\u00bb<br \/>\n\u00ab\u00a0La proposition de loi sur la s\u00e9curit\u00e9 globale avait d\u00e9j\u00e0 \u00e9t\u00e9 d\u00e9pos\u00e9e en janvier dernier donc c\u2019\u00e9tait bien ant\u00e9rieur aux derniers attentats tragiques que nous avons v\u00e9cu.\u00a0On \u00e9tait d\u00e9j\u00e0 et encore dans la surench\u00e8re s\u00e9curitaire. \u00bb<br \/>\n\u00ab\u00a0On a une classe politique qui veut de la s\u00e9curit\u00e9, qui veut verrouiller, contr\u00f4ler, surveiller et c\u2019est \u00e7a qui est inqui\u00e9tant.<br \/>\n\u00ab\u00a0On est dans un Etat autoritaire, autocratique.\u00a0\u00bb<br \/>\n\u00ab\u00a0On est dans un syst\u00e8me de surveillance de plus en plus important.\u00a0\u00bb<\/p>\n<p><em>\u00a0<strong>Sur l\u2019article 24 de la proposition de loi \u201cs\u00e9curit\u00e9 globale\u201d<\/em>\u00a0<\/strong><br \/>\n\u00ab\u00a0Nous avons constat\u00e9 depuis deux ou trois ans que le regard citoyen est tr\u00e8s important.\u00a0\u00bb<br \/>\n\u00ab\u00a0Le fait d\u2019avoir pu mettre \u00e0 jour un certain nombre de d\u00e9rapages dans des manifestations a permis d\u2019apporter une information absolument n\u00e9cessaire.\u00a0\u00bb<br \/>\n\u00ab\u00a0La transparence dans le fonctionnement d\u2019un Etat est fondamentale. Et \u00e0 partir du moment o\u00f9 l\u2019on se cache, on ne veut pas qu\u2019on explique ce qu\u2019il se passe et que l\u2019on voit ce qui se passe, c\u2019est tr\u00e8s mauvais signe.\u00a0\u00bb<br \/>\n\u00ab\u00a0Il va y avoir une autocensure et les gens vont faire tr\u00e8s attention. Un an de prison et 45.000\u20ac d\u2019amende, \u00e7a n\u2019est pas rien.\u00a0\u00bb<br \/>\n\u00ab\u00a0Il y a derri\u00e8re cette proposition de loi un activisme assez fort de syndicats de policiers.\u00a0\u00bb<br \/>\n\u00ab\u00a0L\u2019information doit exister.\u00a0\u00bb<\/p>\n<p><em>\u00a0<strong>Sur le d\u00e9ni des violences polici\u00e8res<\/em>\u00a0<\/strong><br \/>\n\u00ab\u00a0\u00c7a fait deux ou trois ans qu\u2019on ne peut plus manifester correctement. Les gens sont d\u00e9mobilis\u00e9s.\u00a0\u00bb<br \/>\n\u00ab\u00a0On a utilis\u00e9 des m\u00e9thodes de gestion des manifestations et de maintien de l\u2019ordre qui sont de plus en plus fermes.\u00a0\u00bb<br \/>\n\u00ab\u00a0Les violences des policiers dans les manifestations ne viennent pas de nulle part. Il y a derri\u00e8re un fondement politique tr\u00e8s clair avec des ordres qui sont donn\u00e9s.\u00a0\u00bb<\/p>\n<p><em>\u00a0<strong>Sur le RIO (R\u00e9f\u00e9rentiel des Identit\u00e9s et de l\u2019Organisation) des policiers<\/em>\u00a0<\/strong><br \/>\n\u00ab\u00a0On est loin du port obligatoire du RIO par les policiers.\u00a0\u00bb<br \/>\n\u00ab\u00a0La question de la transparence est importante car il ne s\u2019agit pas de mettre les gens dans des situations o\u00f9 ils seraient clouer au piloris.\u00a0\u00bb<\/p>\n<p><em>\u00a0<strong>Dans le reste des articles de la proposition de loi \u00ab\u00a0s\u00e9curit\u00e9 globale\u00a0\u00bb<\/em>\u00a0<\/strong><br \/>\n\u00ab\u00a0Il n\u2019y a pas que l\u2019article 24 qui est tr\u00e8s inqui\u00e9tant : les \u00e9volutions en mati\u00e8re de police municipale le sont aussi. On va donner de plus en plus de pouvoir aux polices municipales qui sont sous l\u2019autorit\u00e9 des maires au d\u00e9triment de la police nationale qui est appel\u00e9e \u00e0 d\u2019autres t\u00e2ches.\u00a0\u00bb<br \/>\n\u00ab\u00a0Les agents priv\u00e9s de s\u00e9curit\u00e9 vont \u00eatre renforc\u00e9s dans leurs pr\u00e9rogatives.\u00a0\u00bb<br \/>\n\u00ab\u00a0Comme c\u2019est tr\u00e8s bien dit dans \u201cleur truc\u201d, il y a un continuum de s\u00e9curit\u00e9 o\u00f9 l&#8217;on m\u00e9lange les trois forces que sont la police\/gendarmerie, la police municipale et les agents priv\u00e9s de s\u00e9curit\u00e9.\u00a0\u00bb<\/p>\n<p><em>\u00a0<strong>Sur le recul des libert\u00e9s<\/em>\u00a0<\/strong><br \/>\n\u00ab\u00a0On est dans une situation particuli\u00e8re avec un confinement particuli\u00e8rement lourd.\u00a0\u00bb<br \/>\n\u00ab\u00a0La question des libert\u00e9s est en train de passer au second plan car on ne se rend pas compte du bien pr\u00e9cieux que cela peut \u00eatre.\u00a0\u00bb<br \/>\n\u00ab\u00a0J\u2019ai bien peur que les mobilisations contre la proposition de loi \u201cS\u00e9curit\u00e9 globale\u201d concernent plus des militants et des personnes concern\u00e9es.\u00a0\u00bb<br \/>\n\u00ab\u00a0Oui, on a besoin de s\u00e9curit\u00e9 mais on a aussi besoin de suret\u00e9, c\u2019est-\u00e0-dire d\u2019avoir un Etat qui nous prot\u00e8ge et qui ne nous mette pas nous-m\u00eames en ins\u00e9curit\u00e9.\u00a0\u00bb<br \/>\n\u00ab\u00a0On pr\u00e9pare un terrain qui ferait que des malveillants pourraient avoir tous les pouvoirs en main.\u00a0\u00bb<br \/>\n\u00ab\u00a0Le probl\u00e8me, c\u2019est que ce recul des libert\u00e9s reste encore tr\u00e8s peu visible pour les gens car ils n\u2019ont pas l\u2019impression que cela modifie leur quotidien.\u00a0\u00bb<\/p>\n<p><em>\u00a0<strong>Sur la situation des migrants<\/em>\u00a0<\/strong><br \/>\n\u00ab\u00a0Il y a un travail de fond \u00e0 faire sur l\u2019image du migrant : si on donne des droits aux migrants et qu\u2019on les consid\u00e8re comme des personnes et non comme des sujets, on fera un grand pas.\u00a0\u00bb<br \/>\n\u00ab\u00a0Si on donne la possibilit\u00e9 aux migrants de pouvoir vivre comme des \u00eatres humains, alors le regard que beaucoup posent sur eux sera diff\u00e9rent.\u00a0\u00bb<br \/>\n\u00ab\u00a0Il faut arr\u00eater de dire que ce n\u2019est pas parce que l\u2019on va donner des droits aux migrants que l\u2019on va en retirer aux Fran\u00e7ais. Ce n\u2019est pas vrai : plus on donne des droits, plus il y en aura.\u00a0\u00bb<div id='gallery-1' class='gallery galleryid-12580 gallery-columns-3 gallery-size-thumbnail'><figure class='gallery-item'>\n\t\t\t<div class='gallery-icon landscape'>\n\t\t\t\t<a href='https:\/\/archives.regards.fr\/wp-content\/uploads\/2020\/11\/capture_d_e_cran_2020-11-17_a_10-e76.52.17.png'><img loading=\"lazy\" decoding=\"async\" width=\"150\" height=\"150\" src=\"https:\/\/archives.regards.fr\/wp-content\/uploads\/2020\/11\/capture_d_e_cran_2020-11-17_a_10-e76.52.17-150x150.png\" class=\"attachment-thumbnail size-thumbnail\" alt=\"capture_d_e_cran_2020-11-17_a_10.52.17.png\" \/><\/a>\n\t\t\t<\/div><\/figure>\n\t\t<\/div>\n<\/p>\n","protected":false},"excerpt":{"rendered":"<p>Aujourd\u2019hui s\u2019ouvre le d\u00e9bat au Parlement sur la proposition de loi dite de \u00ab s\u00e9curit\u00e9 globale \u00bb avec le tr\u00e8s controvers\u00e9 article 24 sur la diffusion d\u2019images de policiers. L\u2019ancienne avocate et vice-pr\u00e9sidente de la Ligue des Droits de l\u2019Homme, Dominique Nogu\u00e8res, est l\u2019invit\u00e9e de #LaMidinale.<\/p>\n","protected":false},"author":1204,"featured_media":29919,"comment_status":"open","ping_status":"open","sticky":false,"template":"","format":"standard","meta":{"_themeisle_gutenberg_block_has_review":false,"footnotes":""},"categories":[238],"tags":[293],"class_list":["post-12580","post","type-post","status-publish","format-standard","has-post-thumbnail","hentry","category-la-midinale","tag-entretien"],"_links":{"self":[{"href":"https:\/\/archives.regards.fr\/index.php?rest_route=\/wp\/v2\/posts\/12580","targetHints":{"allow":["GET"]}}],"collection":[{"href":"https:\/\/archives.regards.fr\/index.php?rest_route=\/wp\/v2\/posts"}],"about":[{"href":"https:\/\/archives.regards.fr\/index.php?rest_route=\/wp\/v2\/types\/post"}],"author":[{"embeddable":true,"href":"https:\/\/archives.regards.fr\/index.php?rest_route=\/wp\/v2\/users\/1204"}],"replies":[{"embeddable":true,"href":"https:\/\/archives.regards.fr\/index.php?rest_route=%2Fwp%2Fv2%2Fcomments&post=12580"}],"version-history":[{"count":0,"href":"https:\/\/archives.regards.fr\/index.php?rest_route=\/wp\/v2\/posts\/12580\/revisions"}],"wp:featuredmedia":[{"embeddable":true,"href":"https:\/\/archives.regards.fr\/index.php?rest_route=\/wp\/v2\/media\/29919"}],"wp:attachment":[{"href":"https:\/\/archives.regards.fr\/index.php?rest_route=%2Fwp%2Fv2%2Fmedia&parent=12580"}],"wp:term":[{"taxonomy":"category","embeddable":true,"href":"https:\/\/archives.regards.fr\/index.php?rest_route=%2Fwp%2Fv2%2Fcategories&post=12580"},{"taxonomy":"post_tag","embeddable":true,"href":"https:\/\/archives.regards.fr\/index.php?rest_route=%2Fwp%2Fv2%2Ftags&post=12580"}],"curies":[{"name":"wp","href":"https:\/\/api.w.org\/{rel}","templated":true}]}}