{"id":12576,"date":"2020-11-16T12:35:34","date_gmt":"2020-11-16T11:35:34","guid":{"rendered":"https:\/\/wp.muchomaas.com\/article-azzedine-taibi-ce-gouvernement-a-decide-de-tourner-le-dos-aux-habitants-des\/"},"modified":"2023-06-24T00:05:36","modified_gmt":"2023-06-23T22:05:36","slug":"article-azzedine-taibi-ce-gouvernement-a-decide-de-tourner-le-dos-aux-habitants-des","status":"publish","type":"post","link":"https:\/\/archives.regards.fr\/?p=12576","title":{"rendered":"Azz\u00e9dine Ta\u00efbi : \u00ab Ce gouvernement a d\u00e9cid\u00e9 de tourner le dos aux habitants des quartiers populaires \u00bb"},"content":{"rendered":"<p class=\"post_excerpt\">Ce week-end, plus de cent \u00e9lus ont adress\u00e9 une lettre au pr\u00e9sident de la R\u00e9publique pour que les quartiers populaires ne soient pas oubli\u00e9s dans le plan de relance. Ils demandent un milliard d\u2019euros. Azz\u00e9dine Ta\u00efbi, signataire de cette lettre et maire de Stains (Seine-Saint-Denis), est l\u2019invit\u00e9 de #LaMidinale.<\/p>\n<h2>UNE MIDINALE \u00c0 VOIR&#8230;<\/h2>\n<p><iframe loading=\"lazy\" width=\"490\" height=\"276\" src=\"https:\/\/www.youtube.com\/embed\/WaW_6JbnUvM\" frameborder=\"0\" allow=\"accelerometer; autoplay; clipboard-write; encrypted-media; gyroscope; picture-in-picture\" allowfullscreen><\/iframe><\/p>\n<p>&nbsp;<\/p>\n<p><h2>ET \u00c0 LIRE&#8230;<\/h2>\n<p><em>\u00a0<strong>Sur le confinement dans les quartiers populaires<\/em>\u00a0<\/strong><br \/>\n\u00ab\u00a0On s\u2019est malheureusement pr\u00e9par\u00e9s \u00e0 ce reconfinement.\u00a0Le premier confinement avait \u00e9t\u00e9 terrible tant par l\u2019impr\u00e9paration que par l\u2019incertitude du gouvernement. \u00bb<br \/>\n\u00ab\u00a0Sur le terrain, la col\u00e8re est toujours forte. L\u2019incompr\u00e9hension des d\u00e9cisions prises par le gouvernement interpelle beaucoup de nos concitoyens -notamment sur la question des petits commerces.\u00a0\u00bb<br \/>\n\u00ab\u00a0Il y a beaucoup d\u2019incompr\u00e9hension et de col\u00e8re.\u00a0\u00bb<br \/>\n\u00ab\u00a0Je ressens par moment une forme de r\u00e9signation et \u00e7a m\u2019inqui\u00e8te.\u00a0\u00bb<br \/>\n\u00ab\u00a0Le r\u00f4le des associations et des collectifs est primordial pour accompagner et soutenir les habitants sur le terrain.\u00a0\u00bb<br \/>\n\u00ab\u00a0On a une situation assez pr\u00e9occupante et m\u00eame tr\u00e8s inqui\u00e9tante sur la situation sociale et sanitaire.\u00a0\u00bb<\/p>\n<p><em>\u00a0<strong>Sur le courrier des \u00e9lu-es \u00e0 Emmanuel Macron<\/em>\u00a0<\/strong><br \/>\n\u00ab\u00a0Avec un milliard d\u2019euros, on peut faire des choses mais on est loin de r\u00e9pondre aux attentes et aux besoins des habitants.\u00a0\u00bb<br \/>\n\u00ab\u00a0On s\u2019aper\u00e7oit que le pacte de relance et les dispositions prises par le gouvernement sont en d\u00e9calages avec la r\u00e9alit\u00e9 de nos vies dans les quartiers populaires.\u00a0\u00bb<br \/>\n\u00ab\u00a0Ce gouvernement a d\u00e9cid\u00e9 de tourner le dos aux habitants des quartiers populaires.\u00a0\u00bb<br \/>\n\u00ab\u00a0Je ne sais pas combien de temps on va pouvoir tenir et maintenir ce lien sur le terrain.\u00a0\u00bb<br \/>\n\u00ab\u00a0Les chiffres de la pr\u00e9carit\u00e9 ne cessent de se d\u00e9grader dans les quartiers populaires.\u00a0\u00bb<br \/>\n\u00ab\u00a0Il y a non assistance \u00e0 personnes en danger dans nos territoires.\u00a0\u00bb<br \/>\n\u00ab\u00a0Je crains que la crise sociale et sanitaire bascule vers une situation chaotique et peut-\u00eatre de violences dans nos territoires.\u00a0\u00bb<\/p>\n<p><em>\u00a0<strong>Sur le racisme et les menaces de mort dont Azzedine Ta\u00efbi est la cible<\/em>\u00a0<\/strong><br \/>\n\u00ab\u00a0Un pallier a \u00e9t\u00e9 franchi : depuis 2014, en tant que maire, j\u2019ai souvent re\u00e7u des lettres d\u2019insultes mais je n\u2019ai jamais voulu m\u2019\u00e9terniser dessus dans la mesure o\u00f9 cela faisait partie du quotidien. Mais les insultes se sont progressivement transform\u00e9es en menaces de mort.\u00a0\u00bb<br \/>\n\u00ab\u00a0Le climat g\u00e9n\u00e9ral est tr\u00e8s inqui\u00e9tant car son caract\u00e8re d\u00e9l\u00e9t\u00e8re est cautionn\u00e9 par une partie de la classe politique.\u00a0\u00bb<br \/>\n\u00ab\u00a0Aucune mesure concr\u00e8te n\u2019est prise pour mettre fin \u00e0 cette violence et cette haine dont certains \u00e9lus sont la cible &#8211; et pas n\u2019importe quels \u00e9lus : des \u00e9lus qui repr\u00e9sentent la diversit\u00e9 de la R\u00e9publique que l\u2019on souhaite construire.\u00a0\u00bb<br \/>\n\u00ab\u00a0Ce qui m\u2019inqui\u00e8te, c\u2019est qu\u2019aujourd\u2019hui, ce sont des menaces mais demain, certains peuvent passer \u00e0 l\u2019acte. Que fera le gouvernement et la R\u00e9publique pour nous prot\u00e9ger ?\u00a0\u00bb<br \/>\n\u00ab\u00a0Derri\u00e8re les maires, ce sont aussi les habitants qui sont cibl\u00e9s.\u00a0\u00bb<br \/>\n\u00ab\u00a0On a le sentiment d\u2019\u00eatre totalement abandonn\u00e9s dans cette situation &#8211; et ce n\u2019est pas digne d\u2019une R\u00e9publique.\u00a0\u00bb<br \/>\n\u00ab\u00a0J\u2019ai d\u00e9pos\u00e9 une plainte pour menace de mort au mois de juillet dernier, c\u2019est-\u00e0-dire il y a 3 mois, et je n\u2019ai, \u00e0 ce jour, re\u00e7u aucune r\u00e9ponse &#8211; si ce n\u2019est un courrier du directeur de cabinet du ministre de la justice.\u00a0\u00bb<\/p>\n<p><em>\u00a0<strong>Sur la candidature de Jean-Luc M\u00e9lenchon pour l\u2019\u00e9lection pr\u00e9sidentielle de 2022<\/em>\u00a0<\/strong><br \/>\n\u00ab\u00a0Je trouve que l\u2019initiative populaire et citoyenne du parrainage par 150.000 signatures est int\u00e9ressante.\u00a0\u00bb<br \/>\n\u00ab\u00a0Je me positionnerai de mani\u00e8re tr\u00e8s claire dans les prochains jours.\u00a0\u00bb<br \/>\n\u00ab\u00a0Pour moi, le projet que Jean-Luc M\u00e9lenchon souhaite porter tr\u00e8s largement avec les citoyens est un projet int\u00e9ressant pour sortir du duo Emmanuel Macron &#8211; Marine Le Pen.\u00a0\u00bb<br \/>\n\u00ab\u00a0Une r\u00e9elle alternative peut se construire autour de la candidature de Jean-Luc M\u00e9lenchon.\u00a0\u00bb<br \/>\n\u00ab\u00a0Je ne me suis jamais cach\u00e9 pour dire mon soutien \u00e0 Jean-Luc M\u00e9lenchon &#8211; et que je lui apporterai dans quelques jours.\u00a0\u00bb<br \/>\n\u00ab\u00a0A mon sens, la d\u00e9cision du PCF de soutenir Jean-Luc M\u00e9lenchon pour 2022 serait importante.\u00a0\u00bb<br \/>\n\u00ab\u00a0Il faut cr\u00e9er toutes les conditions pour rassembler les forces vraiment \u00e0 gauche et \u00e9cologistes. Et on en a les moyens, peut-\u00eatre encore plus qu\u2019en 2017.\u00a0\u00bb<br \/>\n\u00ab\u00a0Certains critiquent le fait qu\u2019on parle de candidature en pleine crise sanitaire\u2026 Seulement, la crise politique ne s\u2019arr\u00eate pas (\u2026). D\u2019autant que Macron et Le Pen sont d\u00e9j\u00e0 dans les starting blocks.\u00a0\u00bb<br \/>\n\u00ab\u00a0J\u2019apporterai mon soutien dans les prochains jours et pas d\u00e8s maintenant car il me semblait important que la d\u00e9marche citoyenne populaire puisse d\u2019abord s\u2019exprimer.\u00a0\u00bb<br \/>\n\u00ab\u00a0Je ne veux pas donner le sentiment que ce sont d\u2019abord des \u00e9lus et des responsables politiques qui se positionnent et donnent de mani\u00e8re claire leur opinion.\u00a0\u00bb<div id='gallery-1' class='gallery galleryid-12576 gallery-columns-3 gallery-size-thumbnail'><figure class='gallery-item'>\n\t\t\t<div class='gallery-icon landscape'>\n\t\t\t\t<a href='https:\/\/archives.regards.fr\/wp-content\/uploads\/2020\/11\/capture_d_e_cran_2020-11-16_a_12-3f9.24.04.png'><img loading=\"lazy\" decoding=\"async\" width=\"150\" height=\"150\" src=\"https:\/\/archives.regards.fr\/wp-content\/uploads\/2020\/11\/capture_d_e_cran_2020-11-16_a_12-3f9.24.04-150x150.png\" class=\"attachment-thumbnail size-thumbnail\" alt=\"capture_d_e_cran_2020-11-16_a_12.24.04.png\" \/><\/a>\n\t\t\t<\/div><\/figure>\n\t\t<\/div>\n<\/p>\n","protected":false},"excerpt":{"rendered":"<p>Ce week-end, plus de cent \u00e9lus ont adress\u00e9 une lettre au pr\u00e9sident de la R\u00e9publique pour que les quartiers populaires ne soient pas oubli\u00e9s dans le plan de relance. Ils demandent un milliard d\u2019euros. Azz\u00e9dine Ta\u00efbi, signataire de cette lettre et maire de Stains (Seine-Saint-Denis), est l\u2019invit\u00e9 de #LaMidinale.<\/p>\n","protected":false},"author":1204,"featured_media":29910,"comment_status":"open","ping_status":"open","sticky":false,"template":"","format":"standard","meta":{"_themeisle_gutenberg_block_has_review":false,"footnotes":""},"categories":[238],"tags":[293],"class_list":["post-12576","post","type-post","status-publish","format-standard","has-post-thumbnail","hentry","category-la-midinale","tag-entretien"],"_links":{"self":[{"href":"https:\/\/archives.regards.fr\/index.php?rest_route=\/wp\/v2\/posts\/12576","targetHints":{"allow":["GET"]}}],"collection":[{"href":"https:\/\/archives.regards.fr\/index.php?rest_route=\/wp\/v2\/posts"}],"about":[{"href":"https:\/\/archives.regards.fr\/index.php?rest_route=\/wp\/v2\/types\/post"}],"author":[{"embeddable":true,"href":"https:\/\/archives.regards.fr\/index.php?rest_route=\/wp\/v2\/users\/1204"}],"replies":[{"embeddable":true,"href":"https:\/\/archives.regards.fr\/index.php?rest_route=%2Fwp%2Fv2%2Fcomments&post=12576"}],"version-history":[{"count":0,"href":"https:\/\/archives.regards.fr\/index.php?rest_route=\/wp\/v2\/posts\/12576\/revisions"}],"wp:featuredmedia":[{"embeddable":true,"href":"https:\/\/archives.regards.fr\/index.php?rest_route=\/wp\/v2\/media\/29910"}],"wp:attachment":[{"href":"https:\/\/archives.regards.fr\/index.php?rest_route=%2Fwp%2Fv2%2Fmedia&parent=12576"}],"wp:term":[{"taxonomy":"category","embeddable":true,"href":"https:\/\/archives.regards.fr\/index.php?rest_route=%2Fwp%2Fv2%2Fcategories&post=12576"},{"taxonomy":"post_tag","embeddable":true,"href":"https:\/\/archives.regards.fr\/index.php?rest_route=%2Fwp%2Fv2%2Ftags&post=12576"}],"curies":[{"name":"wp","href":"https:\/\/api.w.org\/{rel}","templated":true}]}}