{"id":12574,"date":"2020-11-13T12:18:51","date_gmt":"2020-11-13T11:18:51","guid":{"rendered":"https:\/\/wp.muchomaas.com\/article-karl-ghazi-des-pans-entiers-du-commerce-sont-en-train-de-s-ecrouler\/"},"modified":"2023-06-24T00:05:35","modified_gmt":"2023-06-23T22:05:35","slug":"article-karl-ghazi-des-pans-entiers-du-commerce-sont-en-train-de-s-ecrouler","status":"publish","type":"post","link":"https:\/\/archives.regards.fr\/?p=12574","title":{"rendered":"Karl Ghazi : \u00ab Des pans entiers du commerce sont en train de s\u2019\u00e9crouler \u00bb"},"content":{"rendered":"<p class=\"post_excerpt\">Le gouvernement a fait le choix de maintenir les commerces ferm\u00e9s pour quinze jour encore, laissant entrevoir la possibilit\u00e9 d\u2019une r\u00e9ouverture le 1er d\u00e9cembre \u2013 si toutefois l\u2019\u00e9volution de la crise sanitaire le permet. Karl Ghazi, porte-parole de la CGT commerce de Paris, est l\u2019invit\u00e9 de #LaMidinale.<\/p>\n<h2>UNE MIDINALE \u00c0 VOIR&#8230;<\/h2>\n<p><iframe loading=\"lazy\" width=\"490\" height=\"276\" src=\"https:\/\/www.youtube.com\/embed\/8AZA-NuEEb8\" frameborder=\"0\" allow=\"accelerometer; autoplay; clipboard-write; encrypted-media; gyroscope; picture-in-picture\" allowfullscreen><\/iframe><\/p>\n<p>&nbsp;<\/p>\n<p><h2>ET \u00c0 LIRE&#8230;<\/h2>\n<p><em>\u00a0<strong>Sur le maintien de la fermeture des commerces<\/em>\u00a0<\/strong><br \/>\n\u00ab\u00a0On comprend la dimension sanitaire et on ne conteste pas la gravit\u00e9 de la situation m\u00eame si on conteste la gestion chaotique et l\u2019impr\u00e9voyance du gouvernement face \u00e0 une deuxi\u00e8me vague qui s\u2019annon\u00e7ait depuis quelques temps. \u00bb<br \/>\n\u00ab Ce qu\u2019on ne comprend c\u2019est la mani\u00e8re dont le gouvernement accompagne les entreprises en difficult\u00e9s.\u00a0\u00bb\u00a0<br \/>\n\u00ab\u00a0Il faudrait une intervention plus \u00e9nerg\u00e9tique de l\u2019Etat.\u00a0\u00bb<br \/>\n\u00ab\u00a0Il faut des contre parties aux aides de l\u2019Etat en mati\u00e8re de protection de l\u2019emploi.\u00a0\u00bb<br \/>\n\u00ab\u00a0Certaines entreprises se saisissent de la crise du Covid pour fermer boutique et supprimer des emplois.\u00a0\u00bb<\/p>\n<p><em>\u00a0<strong>Sur pr\u00eat garantit par l\u2019Etat<\/em>\u00a0<\/strong><br \/>\n\u00ab\u00a0Si on ne fait qu\u2019aggraver l\u2019endettement des entreprises, les salari\u00e9s vont finir par le payer.\u00a0\u00bb<br \/>\n\u00ab\u00a0C\u2019est les salari\u00e9s qui vont payer l\u2019endettement des entreprises.\u00a0\u00bb<br \/>\n\u00ab\u00a0Le PGE permet \u00e0 des magasins comme la FNAC ou Darty d\u2019obtenir des aides colossales de l\u2019Etat mais s\u2019ils doivent rembourser ces aides, il est fort probable qu\u2019ils cherchent d\u2019abord \u00e0 les rembourser sur le dos des salari\u00e9s.\u00a0Donc ces aides devraient n\u2019\u00eatre donn\u00e9es qu\u2019\u00e0 la stricte condition du maintien de l\u2019emploi. \u00bb<\/p>\n<p><em>\u00a0<strong>Sur la situation de l\u2019emploi dans le commerce<\/em>\u00a0<\/strong><br \/>\n\u00ab\u00a0On a des suppressions d\u2019emplois en cascade. Tous les jours. C\u2019est impressionnant. On n\u2019a jamais vu \u00e7a.\u00a0\u00bb<br \/>\n\u00ab\u00a0Le commerce est dans une situation qui rappelle celle de la sid\u00e9rurgie il y a 40 ans.\u00a0\u00bb<br \/>\n\u00ab\u00a0Il y des licenciements secs dans les h\u00f4tels-caf\u00e9s-restaurants alors qu\u2019on sait que leur activit\u00e9 va reprendre. L\u2019Etat ne fait rien pour emp\u00eacher cela.\u00a0\u00bb<br \/>\n\u00ab\u00a0On est dans une situation catastrophique en mati\u00e8re d\u2019emploi.\u00a0\u00bb<br \/>\n\u00ab\u00a0Des pans entiers du commerce sont en train de s\u2019\u00e9crouler &#8211; comme le commerce de l\u2019habillement par exemple.\u00a0\u00bb<br \/>\n\u00ab\u00a0Dans l\u2019habillement, un quart voire un tiers des effectifs sont menac\u00e9s.\u00a0\u00bb<br \/>\n\u00ab\u00a0Il y a beaucoup d\u2019entreprises, celles qu\u2019on appelle les ind\u00e9pendants, qui disparaissent sans faire de bruit parce qu\u2019il n\u2019y a pas de PSE, il n\u2019y a pas de statistiques. Ils passent sous les \u00e9crans de radars de la DIRECCTE et de l\u2019inspection du travail.\u00a0\u00bb<\/p>\n<p><em>\u00a0<strong>Sur la possibilit\u00e9 de No\u00ebl de sauver l\u2019ann\u00e9e des commerces<\/em>\u00a0<\/strong><br \/>\n\u00ab\u00a0Une ann\u00e9e sans No\u00ebl est insurmontable pour le petit commer\u00e7ant. Mais une ann\u00e9e avec No\u00ebl ne va pas forc\u00e9ment le sauver parce que No\u00ebl est d\u00e9j\u00e0 int\u00e9gr\u00e9 dans ses budgets.\u00a0\u00bb<br \/>\n\u00ab\u00a0Sans une intervention contr\u00f4l\u00e9e et ma\u00eetris\u00e9e de l\u2019Etat, le d\u00e9sastre va \u00eatre consomm\u00e9.\u00a0\u00bb<br \/>\n\u00ab\u00a0Le commerce de d\u00e9tail physique abordait la p\u00e9riode de No\u00ebl d\u00e9j\u00e0 tr\u00e8s affaibli par la croissance tr\u00e8s importante du commerce en ligne.\u00a0\u00bb<\/p>\n<p><em>\u00a0<strong>Sur la possibilit\u00e9 de choisir collectivement les biens essentiels et les non-essentiels<\/em>\u00a0<\/strong><br \/>\n\u00ab\u00a0Si le choix de d\u00e9terminer collectivement ce qui est essentiel et ce qui ne l\u2019est pas, il existerait pour tout. Mais ces m\u00e9canismes d\u00e9mocratiques n\u2019existent aujourd\u2019hui pas.\u00a0\u00bb<br \/>\n\u00ab\u00a0Ce qui am\u00e8ne \u00e0 une surconsommation de biens inutiles, c\u2019est ce qui sous-tend le syst\u00e8me que l\u2019on combat.\u00a0\u00bb<br \/>\n\u00ab\u00a0Il est vain, quand on nous propose des biens nouveaux \u00e0 la consommation, d\u2019imaginer que les gens vont changer de comportement alors que l\u2019offre continue de se diversifier de mani\u00e8re extr\u00eamement vive.\u00a0\u00bb<div id='gallery-1' class='gallery galleryid-12574 gallery-columns-3 gallery-size-thumbnail'><figure class='gallery-item'>\n\t\t\t<div class='gallery-icon landscape'>\n\t\t\t\t<a href='https:\/\/archives.regards.fr\/wp-content\/uploads\/2020\/11\/capture_d_e_cran_2020-11-13_a_12-ac3.06.21.png'><img loading=\"lazy\" decoding=\"async\" width=\"150\" height=\"150\" src=\"https:\/\/archives.regards.fr\/wp-content\/uploads\/2020\/11\/capture_d_e_cran_2020-11-13_a_12-ac3.06.21-150x150.png\" class=\"attachment-thumbnail size-thumbnail\" alt=\"capture_d_e_cran_2020-11-13_a_12.06.21.png\" \/><\/a>\n\t\t\t<\/div><\/figure>\n\t\t<\/div>\n<\/p>\n","protected":false},"excerpt":{"rendered":"<p>Le gouvernement a fait le choix de maintenir les commerces ferm\u00e9s pour quinze jour encore, laissant entrevoir la possibilit\u00e9 d\u2019une r\u00e9ouverture le 1er d\u00e9cembre \u2013 si toutefois l\u2019\u00e9volution de la crise sanitaire le permet. Karl Ghazi, porte-parole de la CGT commerce de Paris, est l\u2019invit\u00e9 de #LaMidinale.<\/p>\n","protected":false},"author":1204,"featured_media":29908,"comment_status":"open","ping_status":"open","sticky":false,"template":"","format":"standard","meta":{"_themeisle_gutenberg_block_has_review":false,"footnotes":""},"categories":[238],"tags":[293],"class_list":["post-12574","post","type-post","status-publish","format-standard","has-post-thumbnail","hentry","category-la-midinale","tag-entretien"],"_links":{"self":[{"href":"https:\/\/archives.regards.fr\/index.php?rest_route=\/wp\/v2\/posts\/12574","targetHints":{"allow":["GET"]}}],"collection":[{"href":"https:\/\/archives.regards.fr\/index.php?rest_route=\/wp\/v2\/posts"}],"about":[{"href":"https:\/\/archives.regards.fr\/index.php?rest_route=\/wp\/v2\/types\/post"}],"author":[{"embeddable":true,"href":"https:\/\/archives.regards.fr\/index.php?rest_route=\/wp\/v2\/users\/1204"}],"replies":[{"embeddable":true,"href":"https:\/\/archives.regards.fr\/index.php?rest_route=%2Fwp%2Fv2%2Fcomments&post=12574"}],"version-history":[{"count":0,"href":"https:\/\/archives.regards.fr\/index.php?rest_route=\/wp\/v2\/posts\/12574\/revisions"}],"wp:featuredmedia":[{"embeddable":true,"href":"https:\/\/archives.regards.fr\/index.php?rest_route=\/wp\/v2\/media\/29908"}],"wp:attachment":[{"href":"https:\/\/archives.regards.fr\/index.php?rest_route=%2Fwp%2Fv2%2Fmedia&parent=12574"}],"wp:term":[{"taxonomy":"category","embeddable":true,"href":"https:\/\/archives.regards.fr\/index.php?rest_route=%2Fwp%2Fv2%2Fcategories&post=12574"},{"taxonomy":"post_tag","embeddable":true,"href":"https:\/\/archives.regards.fr\/index.php?rest_route=%2Fwp%2Fv2%2Ftags&post=12574"}],"curies":[{"name":"wp","href":"https:\/\/api.w.org\/{rel}","templated":true}]}}