{"id":12571,"date":"2020-11-12T14:40:06","date_gmt":"2020-11-12T13:40:06","guid":{"rendered":"https:\/\/wp.muchomaas.com\/article-frederic-hocquard-l-absence-de-possibilite-de-lien-social-la-nuit-pose-un\/"},"modified":"2023-06-24T00:05:25","modified_gmt":"2023-06-23T22:05:25","slug":"article-frederic-hocquard-l-absence-de-possibilite-de-lien-social-la-nuit-pose-un","status":"publish","type":"post","link":"https:\/\/archives.regards.fr\/?p=12571","title":{"rendered":"Fr\u00e9d\u00e9ric Hocquard : \u00ab L\u2019absence de possibilit\u00e9 de lien social, la nuit, pose un probl\u00e8me d\u00e9mocratique \u00bb"},"content":{"rendered":"<p class=\"post_excerpt\">La crise sanitaire touche l\u2019\u00e9conomie et le tourisme en premier lieu, mais bouscule surtout nos vies et nos habitudes. \u00c0 commencer par la vie nocturne. Fr\u00e9d\u00e9ric Hocquart, adjoint \u00e0 la Maire de Paris charg\u00e9 du tourisme et de la nuit, est l\u2019invit\u00e9 de #LaMidinale.\n<\/p>\n<h2>UNE MIDINALE \u00c0 VOIR&#8230;<\/h2>\n<p><iframe loading=\"lazy\" width=\"490\" height=\"276\" src=\"https:\/\/www.youtube.com\/embed\/CPZa1JqZyfM\" frameborder=\"0\" allow=\"accelerometer; autoplay; clipboard-write; encrypted-media; gyroscope; picture-in-picture\" allowfullscreen><\/iframe><\/p>\n<p>&nbsp;<\/p>\n<p><h2>ET \u00c0 LIRE&#8230;<\/h2>\n<p><em>\u00a0<strong>Sur les relations entre la Ville de Paris et l\u2019Etat\u00a0<\/em>\u00a0<\/strong><br \/>\n\u00ab\u00a0L\u2019Etat commence \u00e0 comprendre petit \u00e0 petit &#8211; m\u00eame si il faut souvent le lui rappeler &#8211; que les politiques publiques se m\u00e8nent en concertation avec les collectivit\u00e9s locales.\u00a0\u00bb<br \/>\n\u00ab\u00a0Depuis quelques semaines, il y a quelques am\u00e9liorations.\u00a0\u00bb<br \/>\n\u00ab\u00a0Tout n\u2019est pas au beau fixe notamment sur les questions de tourisme, ou les questions \u00e9ducatives, il subsiste encore quelques points de tension.\u00a0\u00bb<br \/>\n\u00ab\u00a0On fait des propositions \u00e0 l\u2019Etat pour convertir des lieux en h\u00e9bergements d\u2019urgence mais on n\u2019attend pas que les choses se fassent. La Ville prend ses responsabilit\u00e9s.\u00a0\u00bb<\/p>\n<p><em>\u00a0<strong>Sur la situation du secteur touristique<\/em>\u00a0<\/strong><br \/>\n\u00ab\u00a0Il est un peu t\u00f4t pour tirer des conclusions pour le moment.\u00a0\u00bb<br \/>\n\u00ab\u00a0On pensait qu\u2019apr\u00e8s septembre, on aurait un rebond dans le secteur du tourisme et de l\u2019\u00e9v\u00e9nementiel et il s\u2019est pass\u00e9 le contraire puisqu\u2019on a \u00e9t\u00e9 de nouveau confin\u00e9.\u00a0\u00bb<br \/>\n\u00ab\u00a0Il y a trois secteurs dans le tourisme : il y a d\u2019abord les bars et les restaurants\u00a0 pour lesquels on a plut\u00f4t trouv\u00e9 des amortisseurs \u00e0 la crise. Il y a les mus\u00e9es, les bateaux mouches et les monuments pour lesquels les amortisseurs se sont d\u00e9velopp\u00e9s autour d\u2019un tourisme local et qui a plut\u00f4t bien march\u00e9 &#8211; comme \u00e0 la Tour Eiffel. Enfin, le gros point noir, c\u2019est le secteur de l\u2019h\u00f4tellerie avec une baisse de 80 \u00e0 90% du taux d\u2019occupation des chambres.\u00a0\u00bb<br \/>\n\u00ab\u00a0Il y a des plans de soutien du gouvernement \u00e0 travers le PGE mais le PGE est un pr\u00eat donc il faudra le rembourser.\u00a0\u00bb<br \/>\n\u00ab\u00a0Il y a aura un apr\u00e8s et un avant dans la question du tourisme.\u00a0\u00bb<br \/>\n\u00ab\u00a0La question du tourisme durable ou du tourisme de proximit\u00e9 va prendre le pas sur les formes de tourisme qu\u2019on avait pr\u00e9c\u00e9demment.\u00a0\u00bb<\/p>\n<p><em>\u00a0<strong>Sur le rel\u00e2chement estival du secteur du tourisme\u00a0<\/em>\u00a0<\/strong><br \/>\n\u00ab\u00a0Il ne faut pas chercher de boucs \u00e9missaires.\u00a0\u00bb<br \/>\n\u00ab\u00a0On a une reprise du virus en France parce qu\u2019on a recommenc\u00e9 \u00e0 vivre d\u00e9but septembre.\u00a0\u00bb<br \/>\n\u00ab\u00a0Il n\u2019est pas question que d\u2019\u00e9conomie, c\u2019est aussi des questions de liens, de vivre ensemble.\u00a0\u00bb<br \/>\n\u00ab\u00a0J\u2019ai \u00e9t\u00e9 et je suis toujours un d\u00e9fenseur de la vie nocturne. Mon sujet \u00e7a n\u2019est pas tant l\u2019\u00e9conomie de la vie nocturne. La nuit, c\u2019est un temps diff\u00e9rent, un temps du commun, un temps o\u00f9 il y a d\u2019autres rapports qui se cr\u00e9ent.\u00a0\u00bb<br \/>\n\u00ab\u00a0Il ne faut pas casser le lien social et sortir du m\u00e9tro-boulot-dodo.\u00a0\u00bb<br \/>\n\u00ab\u00a0On a un gouvernement qui se sert de la crise pour faire passer des mesures de r\u00e9duction de libert\u00e9s publiques.\u00a0\u00bb<\/p>\n<p><em>\u00a0<strong>Sur le monde de la nuit<\/em>\u00a0<\/strong><br \/>\n\u00ab\u00a0Il faut garder un lien nocturne.\u00a0\u00bb<br \/>\n\u00ab\u00a0L\u2019id\u00e9e que les bo\u00eetes de nuit resteraient ferm\u00e9es pendant un ou deux ans est insupportable.\u00a0\u00bb<br \/>\n\u00ab\u00a0L\u2019absence de possibilit\u00e9 de lien social la nuit pose un probl\u00e8me d\u00e9mocratique.\u00a0\u00bb<br \/>\n\u00ab\u00a0On a commenc\u00e9 \u00e0 travailler sur le d\u00e9veloppement du plein air pour la nuit d\u00e8s cet \u00e9t\u00e9.\u00a0\u00bb<br \/>\n\u00a0\u00ab\u00a0Le virus est 7 fois moins contaminant en ext\u00e9rieur qu\u2019en int\u00e9rieur.\u00a0\u00bb<br \/>\n\u00ab\u00a0Le pire du confinement, ce serait que des lieux soient ferm\u00e9s sans qu\u2019il n\u2019y ait plus aucune activit\u00e9 \u00e0 l\u2019int\u00e9rieur.\u00a0\u00bb<br \/>\n\u00a0<br \/>\n<em>\u00a0<strong>Sur la culture<\/em>\u00a0<\/strong><br \/>\n\u00ab\u00a0Vu les chiffres auxquels on a acc\u00e8s quant \u00e0 la situation sanitaire, je ne suis pas certain que l\u2019on aille vers plus de permissivit\u00e9.\u00a0\u00bb<br \/>\n\u00ab\u00a0On a travaill\u00e9 avec les libraires pour qu\u2019ils puissent acc\u00e9l\u00e9rer le d\u00e9veloppement du Click&#038;Collect et qu\u2019ils puissent venir sur les march\u00e9s.\u00a0\u00bb<br \/>\n\u00ab\u00a0Ce qui a \u00e9t\u00e9 obtenu et qui est une bonne chose, c\u2019est qu\u2019il y ait le droit dans les salles de spectacle aux r\u00e9p\u00e9titions ainsi que le droit aux tournages de films.\u00a0\u00bb<br \/>\n\u00ab\u00a0Il y a aussi le d\u00e9veloppement du streaming musical et du th\u00e9\u00e2tre en ligne.\u00a0\u00bb<br \/>\n\u00ab\u00a0Il faut que le feu continue de couver sous la cendre.\u00a0\u00bb<\/p>\n<p><em>\u00a0<strong>Sur le r\u00f4le de G\u00e9n\u00e9ration.s dans les \u00e9ch\u00e9ances \u00e9lectorales et politiques \u00e0 venir<\/em>\u00a0<\/strong><br \/>\n\u00ab\u00a0On essaie d\u2019\u00eatre de petits passeurs entre les diff\u00e9rentes structures politiques.\u00a0\u00bb<br \/>\n\u00ab\u00a0J\u2019ai particip\u00e9 \u00e0 de nombreux appels et structures autour du rassemblement de la gauche, c\u2019est compliqu\u00e9 parce que les logiques d\u2019appareil poussent \u00e0 ce que chacun y aille s\u00e9par\u00e9ment.\u00a0\u00bb<br \/>\n\u00ab\u00a0Il peut y avoir des divergences et des diff\u00e9rences d\u2019approches.\u00a0\u00bb<br \/>\n\u00ab\u00a0Quand on \u00e9coute ce que raconte Jean-Luc M\u00e9lenchon, il y a des \u00e9l\u00e9ments de fond et des nuances par rapport \u00e0 certains de nos positionnements politiques.\u00a0Mais pourquoi pas ! La gauche n\u2019a jamais \u00e9t\u00e9 historiquement et traditionnellement monobloc.\u00a0\u00bb<br \/>\n\u00ab\u00a0Il ne faut pas recommencer le fiasco des europ\u00e9ennes : tout le monde y est all\u00e9 de son c\u00f4t\u00e9 mais ce que racontait les uns et les autres avait quand m\u00eame de fortes similitudes.\u00a0\u00bb<br \/>\n\u00ab\u00a0La gauche devrait travailler le fond, et notamment les \u00e9l\u00e9ments nouveaux qu\u2019elle pourrait mettre en avant.\u00a0\u00bb<br \/>\n\u00ab\u00a0D\u2019une certaine mani\u00e8re, Emmanuel Macron en 2017 a vol\u00e9 la question de l\u2019innovation au niveau de la gauche, en la faisant basculer \u00e0 droite.\u00a0\u00bb<br \/>\n\u00ab\u00a0Il faut r\u00e9ussir \u00e0 \u00eatre innovant sans \u00eatre lib\u00e9ral, c\u2019est-\u00e0-dire en remettant de la r\u00e9gulation, du sens et du service public.\u00a0\u00bb<div id='gallery-1' class='gallery galleryid-12571 gallery-columns-3 gallery-size-thumbnail'><figure class='gallery-item'>\n\t\t\t<div class='gallery-icon landscape'>\n\t\t\t\t<a href='https:\/\/archives.regards.fr\/wp-content\/uploads\/2020\/11\/capture_d_e_cran_2020-11-12_a_14-80b.31.47.png'><img loading=\"lazy\" decoding=\"async\" width=\"150\" height=\"150\" src=\"https:\/\/archives.regards.fr\/wp-content\/uploads\/2020\/11\/capture_d_e_cran_2020-11-12_a_14-80b.31.47-150x150.png\" class=\"attachment-thumbnail size-thumbnail\" alt=\"capture_d_e_cran_2020-11-12_a_14.31.47.png\" \/><\/a>\n\t\t\t<\/div><\/figure>\n\t\t<\/div>\n<\/p>\n","protected":false},"excerpt":{"rendered":"<p>La crise sanitaire touche l\u2019\u00e9conomie et le tourisme en premier lieu, mais bouscule surtout nos vies et nos habitudes. \u00c0 commencer par la vie nocturne. Fr\u00e9d\u00e9ric Hocquart, adjoint \u00e0 la Maire de Paris charg\u00e9 du tourisme et de la nuit, est l\u2019invit\u00e9 de #LaMidinale.<\/p>\n","protected":false},"author":1039,"featured_media":29902,"comment_status":"open","ping_status":"open","sticky":false,"template":"","format":"standard","meta":{"_themeisle_gutenberg_block_has_review":false,"footnotes":""},"categories":[238],"tags":[293],"class_list":["post-12571","post","type-post","status-publish","format-standard","has-post-thumbnail","hentry","category-la-midinale","tag-entretien"],"_links":{"self":[{"href":"https:\/\/archives.regards.fr\/index.php?rest_route=\/wp\/v2\/posts\/12571","targetHints":{"allow":["GET"]}}],"collection":[{"href":"https:\/\/archives.regards.fr\/index.php?rest_route=\/wp\/v2\/posts"}],"about":[{"href":"https:\/\/archives.regards.fr\/index.php?rest_route=\/wp\/v2\/types\/post"}],"author":[{"embeddable":true,"href":"https:\/\/archives.regards.fr\/index.php?rest_route=\/wp\/v2\/users\/1039"}],"replies":[{"embeddable":true,"href":"https:\/\/archives.regards.fr\/index.php?rest_route=%2Fwp%2Fv2%2Fcomments&post=12571"}],"version-history":[{"count":0,"href":"https:\/\/archives.regards.fr\/index.php?rest_route=\/wp\/v2\/posts\/12571\/revisions"}],"wp:featuredmedia":[{"embeddable":true,"href":"https:\/\/archives.regards.fr\/index.php?rest_route=\/wp\/v2\/media\/29902"}],"wp:attachment":[{"href":"https:\/\/archives.regards.fr\/index.php?rest_route=%2Fwp%2Fv2%2Fmedia&parent=12571"}],"wp:term":[{"taxonomy":"category","embeddable":true,"href":"https:\/\/archives.regards.fr\/index.php?rest_route=%2Fwp%2Fv2%2Fcategories&post=12571"},{"taxonomy":"post_tag","embeddable":true,"href":"https:\/\/archives.regards.fr\/index.php?rest_route=%2Fwp%2Fv2%2Ftags&post=12571"}],"curies":[{"name":"wp","href":"https:\/\/api.w.org\/{rel}","templated":true}]}}