{"id":12568,"date":"2020-11-10T13:46:39","date_gmt":"2020-11-10T12:46:39","guid":{"rendered":"https:\/\/wp.muchomaas.com\/article-mathieu-devlaminck-on-est-opposes-a-la-fermeture-des-lycees\/"},"modified":"2023-06-24T00:05:23","modified_gmt":"2023-06-23T22:05:23","slug":"article-mathieu-devlaminck-on-est-opposes-a-la-fermeture-des-lycees","status":"publish","type":"post","link":"https:\/\/archives.regards.fr\/?p=12568","title":{"rendered":"Mathieu Devlaminck : \u00ab On est oppos\u00e9s \u00e0 la fermeture des lyc\u00e9es \u00bb"},"content":{"rendered":"<p class=\"post_excerpt\">Jour de gr\u00e8ve dans l\u2019\u00e9ducation nationale. Les enseignants et les lyc\u00e9ens se mobilisent pour que les conditions sanitaires soient r\u00e9unies dans les \u00e9tablissements scolaires afin d\u2019\u00e9viter leur fermeture. Le pr\u00e9sident de l\u2019Union Nationale des Lyc\u00e9ens (UNL), Mathieu Devlaminck, est l\u2019invit\u00e9 de #LaMidinale. <\/p>\n<h2>UNE MIDINALE \u00c0 VOIR&#8230;<\/h2>\n<p><iframe loading=\"lazy\" width=\"490\" height=\"276\" src=\"https:\/\/www.youtube.com\/embed\/H0HG-LphdPg\" frameborder=\"0\" allow=\"accelerometer; autoplay; clipboard-write; encrypted-media; gyroscope; picture-in-picture\" allowfullscreen><\/iframe><\/p>\n<p>&nbsp;<\/p>\n<p><h2>ET \u00c0 LIRE&#8230;<\/h2>\n<p><em>\u00a0<strong>Sur le protocole sanitaire en milieu scolaire<\/em>\u00a0<\/strong><br \/>\n\u00ab\u00a0La situation dans les lyc\u00e9es a \u00e9t\u00e9 g\u00e9r\u00e9e de la m\u00eame fa\u00e7on qu\u2019ailleurs : dans les h\u00f4pitaux, on n\u2019a pas anticip\u00e9 la deuxi\u00e8me vague &#8211; on n\u2019a pas ouvert de lits, on n\u2019a pas embauch\u00e9 de soignants &#8211; et il se passe la m\u00eame chose dans les lyc\u00e9es.\u00a0\u00bb<br \/>\n\u00ab\u00a0Il fallait diviser les classes et embaucher des professeurs. \u00c7a n\u2019a pas \u00e9t\u00e9 fait.\u00a0Rien n\u2019a \u00e9t\u00e9 pr\u00e9par\u00e9. \u00bb<br \/>\n\u00ab\u00a0Grace \u00e0 la mobilisation des professeurs et des \u00e9l\u00e8ves, on a obtenu un renforcement du protocole sanitaire.\u00a0\u00bb<br \/>\n\u00ab\u00a0Le protocole sanitaire qui a \u00e9t\u00e9 mis en place jeudi dernier est largement insuffisant.\u00a0\u00bb<br \/>\n\u00ab\u00a0Notre revendication \u00e0 l\u2019UNL c\u2019est pas plus de 20 \u00e9l\u00e8ves par classes.\u00a0On en est loin. \u00bb<\/p>\n<p><em>\u00a0<strong>Sur l\u2019hypoth\u00e8se d\u2019une fermeture des lyc\u00e9es<\/em>\u00a0<\/strong><br \/>\n\u00ab\u00a0On est oppos\u00e9s \u00e0 la fermeture des lyc\u00e9es.\u00a0Et c\u2019est pour \u00e7a qu\u2019on se mobilise.\u00a0\u00bb<br \/>\n\u00ab\u00a0On ne veut pas revivre ce qu\u2019on a v\u00e9cu en mars dernier avec des lyc\u00e9es qui n\u2019ont pas pu \u00e9tudier.\u00a0\u00bb<br \/>\n\u00ab\u00a0Il faut que les lyc\u00e9es restent ouverts dans de bonnes conditions sanitaires.\u00a0\u00bb<br \/>\n\u00ab\u00a0On a eu tr\u00e8s peu de liens avec le minist\u00e8re ces derni\u00e8res ann\u00e9es. On doit voir le ministre bient\u00f4t.\u00a0\u00bb<br \/>\n\u00ab\u00a0On ne veut pas que les lyc\u00e9es deviennent des clusters.\u00a0\u00bb<br \/>\n\u00ab\u00a0Ce qui nous inqui\u00e8te, c\u2019est une fausse consultation.\u00a0Les mesures qui vont \u00eatre prises vont l\u2019\u00eatre sans avoir consult\u00e9 les syndicats d\u2019enseignants et de lyc\u00e9ens. \u00bb<\/p>\n<p><em>\u00a0<strong>Sur la pr\u00e9carit\u00e9 des lyc\u00e9ens<\/em>\u00a0<\/strong><br \/>\n\u00ab\u00a0Le lieu qui garantit l\u2019\u00e9galit\u00e9 entre tous les \u00e9l\u00e8ves n\u2019est pas la maison mais le lyc\u00e9e.\u00a0\u00bb\u00a0<br \/>\n\u00ab\u00a0Ce confinement va encore accentuer les in\u00e9galit\u00e9s et cr\u00e9er un mal-\u00eatre chez les \u00e9l\u00e8ves.\u00a0\u00bb<br \/>\n\u00ab\u00a0Il y a beaucoup de lyc\u00e9ens qui se reposent sur la cantine scolaire pour avoir au moins un repas par jour.\u00a0\u00bb<br \/>\n\u00ab\u00a0L\u2019avenir est tr\u00e8s inqui\u00e9tant pour nous.\u00a0\u00bb<br \/>\n\u00ab\u00a0Le confinement a un vrai impact sur l\u2019orientation des \u00e9l\u00e8ves pourtant l\u2019orientation joue un r\u00f4le fondamental si l\u2019on veut r\u00e9duire la reproduction sociale. \u00bb<\/p>\n<p><em>\u00a0<strong>Sur la r\u00e9ponse violente des forces de l\u2019ordre aux mobilisations \u00e9tudiantes<\/em>\u00a0<\/strong><br \/>\n\u00ab\u00a0Le gouvernement a peur que le mouvement des lyc\u00e9ens devienne majoritaire en embarquant les soignants, les travailleurs et la RATP.\u00a0\u00bb<br \/>\n\u00ab\u00a0Les lyc\u00e9ens, c\u2019est une premi\u00e8re \u00e9tape vers une mobilisation beaucoup plus large.\u00a0\u00bb<br \/>\n\u00ab\u00a0Si le gouvernement r\u00e9agit aussi fortement, c\u2019est parce qu\u2019il a peur &#8211; et cette peur n\u2019est pas injustifi\u00e9e parce qu\u2019on est d\u00e9termin\u00e9 \u00e0 obtenir de meilleures conditions sanitaires et \u00e0 changer le syst\u00e8me \u00e9ducatif cr\u00e9\u00e9 par Jean-Michel Blanquer et qui met en difficult\u00e9 les \u00e9l\u00e8ves qui sont d\u00e9j\u00e0 le plus \u00e9cras\u00e9s par la soci\u00e9t\u00e9. \u00bb<br \/>\n\u00ab\u00a0Les violences \u00e0 l\u2019\u00e9gard des lyc\u00e9ens sont inadmissibles.\u00a0\u00bb<br \/>\n\u00ab\u00a0Les lyc\u00e9ens manifestent pacifiquement non pas pour se prot\u00e9ger qu\u2019eux-m\u00eames mais toute la soci\u00e9t\u00e9.\u00a0\u00bb<br \/>\n\u00ab\u00a0Si les lyc\u00e9es deviennent des clusters, ce sont aussi nos parents et nos grands-parents qui vont en p\u00e2tir.\u00a0\u00bb<br \/>\n\u00ab\u00a0Quand les lyc\u00e9ens tirent la sonnette d\u2019alarme sur une situation qui est dramatique pour tout le monde, la r\u00e9ponse du gouvernement, ce n\u2019est pas le dialogue mais la violence, les gaz et les matraques.\u00a0\u00bb<\/p>\n<p><em>\u00a0<strong>Sur les mobilisations en temps de crise sanitaire<\/em>\u00a0<\/strong><br \/>\n\u00ab\u00a0Techniquement, les manifestations et les rassemblements ne sont pas interdits.\u00a0\u00bb<br \/>\n\u00ab\u00a0On a peur que l\u2019Etat de droit soit mis \u00e0 mal et que la crise sanitaire soit instrumentalis\u00e9e pour nuire au mouvement social.\u00a0\u00bb<br \/>\n\u00ab\u00a0Dans une p\u00e9riode comme celle que l&#8217;on est en train de vivre, on doit pouvoir se mobiliser, \u00e0 l\u2019Assembl\u00e9e nationale comme dans la rue.\u00a0\u00bb<br \/>\n\u00ab\u00a0On a l\u2019impression qu\u2019en p\u00e9riode de crise sanitaire, le gouvernement voudrait qu\u2019on se la ferme tous alors m\u00eame que les d\u00e9cision qu\u2019il a prises ne sont pas neutres mais politiques.\u00a0\u00bb<br \/>\n\u00ab\u00a0A l\u2019UNL, on pense qu\u2019il ne faut pas mettre en danger les lyc\u00e9ens ; il y a d\u2019autres modes d\u2019action \u00e0 envisager comme le sit-in qui permet d\u2019assurer la s\u00e9curit\u00e9 sur le plan sanitaire (1 m\u00e8tre de distance) ou corporel vis-\u00e0-vis des forces de l\u2019ordre.\u00a0\u00bb<br \/>\n\u00ab\u00a0On soutient les blocus parce que c\u2019est un mode d\u2019action qui est l\u00e9gitime quand il est choisi par les lyc\u00e9ens mais, dans la p\u00e9riode, il peut potentiellement \u00eatre risqu\u00e9 et doit \u00eatre remis en question.\u00a0\u00bb<\/p>\n<p><em>\u00a0<strong>Sur l\u2019hommage \u00e0 Samuel Paty<\/em>\u00a0<\/strong><br \/>\n\u00ab\u00a0L\u2019hommage dans les lyc\u00e9es \u00e0 Samuel Paty a \u00e9t\u00e9 indigne.\u00a0\u00bb<br \/>\n\u00ab\u00a0On devait avoir des classes qui ouvraient plus tard pour permettre la minute de silence et une c\u00e9r\u00e9monie solennelle. Mais \u00e7a n\u2019a pas \u00e9t\u00e9 le cas.\u00a0\u00bb<br \/>\n\u00ab\u00a0Ce qui nous met le plus mal-\u00e0-l\u2019aise, c\u2019est qu\u2019il n\u2019y a eu aucune discussion ni sur les libert\u00e9s, ni la la\u00efcit\u00e9\u2026\u00a0\u00bb<br \/>\n\u00ab\u00a0On aurait aim\u00e9 que l\u2019\u00e9cole puisse jouer son r\u00f4le de cr\u00e9atrice de d\u00e9bats, de d\u00e9veloppement de notre esprit critique et de nos valeurs.\u00a0\u00bb<br \/>\n\u00ab\u00a0La seule chose qui a \u00e9t\u00e9 faite, c\u2019est de lire une lettre de Jean Jaur\u00e8s, manipul\u00e9e par le gouvernement dans tous les sens pour la faire rentrer dans leurs id\u00e9es alors m\u00eame que cette lettre disait l\u2019inverse.\u00a0\u00bb<br \/>\n\u00ab\u00a0On nous a dit que la lettre de Jean Jaur\u00e8s d\u00e9fendait la libert\u00e9 d\u2019expression alors qu\u2019elle correspondait juste \u00e0 la vision politique de Jean-Michel Blanquer.\u00a0\u00bb<\/p>\n<p><em>\u00a0<strong>Sur la subvention octroy\u00e9e au syndicat l\u2019Avenir lyc\u00e9en d\u00e9pens\u00e9e en frais de bouche et h\u00f4tels de luxe<\/em>\u00a0<\/strong><br \/>\n\u00ab\u00a0Oui, je maintiens que c\u2019est un scandale d\u2019Etat.\u00a0\u00bb<br \/>\n\u00ab\u00a0Quand un ministre de l\u2019Education nationale ferme les yeux sur les d\u00e9penses folles d\u2019un syndicat qu\u2019il prot\u00e8ge, c\u2019est un scandale d\u2019Etat.\u00a0\u00bb<br \/>\n\u00ab\u00a0A l\u2019UNL, on a port\u00e9 plainte avec notre avocat Ari\u00e9 Alimi parce qu\u2019on se sent l\u00e9s\u00e9s : pendant que des lyc\u00e9ens allaient dans des h\u00f4tels de luxe et se payaient des restaurants tr\u00e8s chers, nous, nos subventions ont \u00e9t\u00e9 baiss\u00e9es parce qu\u2019on osait porter une parole alternative \u00e0 celle du gouvernement.\u00a0\u00bb<div id='gallery-1' class='gallery galleryid-12568 gallery-columns-3 gallery-size-thumbnail'><figure class='gallery-item'>\n\t\t\t<div class='gallery-icon landscape'>\n\t\t\t\t<a href='https:\/\/archives.regards.fr\/wp-content\/uploads\/2020\/11\/capture_d_e_cran_2020-11-10_a_13-1f2.39.10.png'><img loading=\"lazy\" decoding=\"async\" width=\"150\" height=\"150\" src=\"https:\/\/archives.regards.fr\/wp-content\/uploads\/2020\/11\/capture_d_e_cran_2020-11-10_a_13-1f2.39.10-150x150.png\" class=\"attachment-thumbnail size-thumbnail\" alt=\"capture_d_e_cran_2020-11-10_a_13.39.10.png\" \/><\/a>\n\t\t\t<\/div><\/figure>\n\t\t<\/div>\n<\/p>\n","protected":false},"excerpt":{"rendered":"<p>Jour de gr\u00e8ve dans l\u2019\u00e9ducation nationale. Les enseignants et les lyc\u00e9ens se mobilisent pour que les conditions sanitaires soient r\u00e9unies dans les \u00e9tablissements scolaires afin d\u2019\u00e9viter leur fermeture. Le pr\u00e9sident de l\u2019Union Nationale des Lyc\u00e9ens (UNL), Mathieu Devlaminck, est l\u2019invit\u00e9 de #LaMidinale. <\/p>\n","protected":false},"author":1204,"featured_media":29898,"comment_status":"open","ping_status":"open","sticky":false,"template":"","format":"standard","meta":{"_themeisle_gutenberg_block_has_review":false,"footnotes":""},"categories":[238],"tags":[293],"class_list":["post-12568","post","type-post","status-publish","format-standard","has-post-thumbnail","hentry","category-la-midinale","tag-entretien"],"_links":{"self":[{"href":"https:\/\/archives.regards.fr\/index.php?rest_route=\/wp\/v2\/posts\/12568","targetHints":{"allow":["GET"]}}],"collection":[{"href":"https:\/\/archives.regards.fr\/index.php?rest_route=\/wp\/v2\/posts"}],"about":[{"href":"https:\/\/archives.regards.fr\/index.php?rest_route=\/wp\/v2\/types\/post"}],"author":[{"embeddable":true,"href":"https:\/\/archives.regards.fr\/index.php?rest_route=\/wp\/v2\/users\/1204"}],"replies":[{"embeddable":true,"href":"https:\/\/archives.regards.fr\/index.php?rest_route=%2Fwp%2Fv2%2Fcomments&post=12568"}],"version-history":[{"count":0,"href":"https:\/\/archives.regards.fr\/index.php?rest_route=\/wp\/v2\/posts\/12568\/revisions"}],"wp:featuredmedia":[{"embeddable":true,"href":"https:\/\/archives.regards.fr\/index.php?rest_route=\/wp\/v2\/media\/29898"}],"wp:attachment":[{"href":"https:\/\/archives.regards.fr\/index.php?rest_route=%2Fwp%2Fv2%2Fmedia&parent=12568"}],"wp:term":[{"taxonomy":"category","embeddable":true,"href":"https:\/\/archives.regards.fr\/index.php?rest_route=%2Fwp%2Fv2%2Fcategories&post=12568"},{"taxonomy":"post_tag","embeddable":true,"href":"https:\/\/archives.regards.fr\/index.php?rest_route=%2Fwp%2Fv2%2Ftags&post=12568"}],"curies":[{"name":"wp","href":"https:\/\/api.w.org\/{rel}","templated":true}]}}