{"id":12565,"date":"2020-11-09T15:28:43","date_gmt":"2020-11-09T14:28:43","guid":{"rendered":"https:\/\/wp.muchomaas.com\/article-clement-pairot-le-camp-sanders-prepare-deja-2024\/"},"modified":"2023-06-24T00:05:19","modified_gmt":"2023-06-23T22:05:19","slug":"article-clement-pairot-le-camp-sanders-prepare-deja-2024","status":"publish","type":"post","link":"https:\/\/archives.regards.fr\/?p=12565","title":{"rendered":"Cl\u00e9ment Pairot : \u00ab Le camp Sanders pr\u00e9pare d\u00e9j\u00e0 2024 \u00bb"},"content":{"rendered":"<p class=\"post_excerpt\">Lendemain d\u2019\u00e9lection aux \u00c9tats-Unis. La victoire de Joe Biden va-t-elle changer la vie des Am\u00e9ricains ? Quelle place pour la gauche des d\u00e9mocrates dans le dispositif Biden ? Qui est la nouvelle vice-pr\u00e9sidente, Kamala Harris ? Cl\u00e9ment Pairot, auteur de <em>Democrazies : un Frenchie dans la campagne de Bernie Sanders<\/em>, est l\u2019invit\u00e9 de #LaMidinale.<\/p>\n<h2>UNE MIDINALE \u00c0 VOIR&#8230;<\/h2>\n<p><iframe loading=\"lazy\" width=\"490\" height=\"276\" src=\"https:\/\/www.youtube.com\/embed\/cHD6_8WqBxw\" frameborder=\"0\" allow=\"accelerometer; autoplay; clipboard-write; encrypted-media; gyroscope; picture-in-picture\" allowfullscreen><\/iframe><\/p>\n<p>&nbsp;<\/p>\n<p><h2>ET \u00c0 LIRE&#8230;<\/h2>\n<p><em>\u00a0<strong>Sur les relations Biden\/Sanders<\/em>\u00a0<\/strong><br \/>\n\u00ab\u00a0Il y a une ambivalence dans la relation Biden\/Sanders.\u00a0\u00bb<br \/>\n\u00ab\u00a0Il y a trois composantes dans la relation Biden\/Sanders : il y a d\u2019abord une amiti\u00e9 entre deux hommes. Ils se connaissent de longue date. Il y a une vraie complicit\u00e9 humaine entre eux. L\u2019autre aspect c\u2019est que Biden a \u00e9t\u00e9 le favori de la primaire contre qui s\u2019est battu farouchement Sanders (\u2026).\u00a0D\u00e8s l\u2019abandon de Sanders dans les primaires d\u00e9mocrates, on est entr\u00e9 dans une troisi\u00e8me phase de leur relation : une phase o\u00f9 Sanders a fait en sorte d\u2019\u00eatre extr\u00eamement soutenant dans la victoire de Biden &#8211; ainsi que d\u2019autres progressistes comme Ocasio-Cortez qui ont retenu leurs coups et leurs critiques contre Biden. \u00bb<br \/>\n\u00ab\u00a0Les centristes ont toujours l\u2019impression que les gens plus \u00e0 gauche qu\u2019eux sont toujours une \u00e9pine dans leur pied m\u00eame quand \u00e7a am\u00e8ne \u00e0 des r\u00e9sultats qui ne sont pas une d\u00e9faite.\u00a0\u00bb<br \/>\n\u00ab\u00a0La gauche du parti incarn\u00e9e par AOC, Sanders ou moindrement Elisabeth Warren, mais aussi les \u00e9lues de la squad, consid\u00e8re que Joe Biden avait annonc\u00e9 d\u00e8s le d\u00e9but un programme peu ambitieux, pas \u00e0 la hauteur de la situation et pas apte \u00e0 gagner.\u00a0\u00bb<br \/>\n\u00ab\u00a0Il y a eu des groupes de travail crois\u00e9 entre les diff\u00e9rentes \u00e9quipes, ils ont travaill\u00e9 main dans la main et il y a eu un gros travail de mobilisation de terrain &#8211; notamment du c\u00f4t\u00e9 des plus progressistes.\u00a0\u00bb<br \/>\n\u00ab\u00a0Il n\u2019est pas tr\u00e8s compliqu\u00e9 d\u2019\u00eatre plus progressiste que Joe Biden.\u00a0\u00bb<\/p>\n<p><em>\u00a0<strong>Sur la place du camp Sanders dans le dispositif Biden<\/em>\u00a0<\/strong><br \/>\n\u00ab Le camp Sanders ne pourra pas \u00eatre simplement frondeur.\u00a0\u00bb<br \/>\n\u00ab\u00a0Avec Joe Biden &#8211; m\u00eame si son programme est plus progressiste qu\u2019au d\u00e9but &#8211; ses intentions sont claires.\u00a0\u00bb<br \/>\n\u00ab\u00a0Le camp Sanders pr\u00e9pare d\u00e9j\u00e0 l\u2019apr\u00e8s 2022, c\u2019est \u00e0 dire 2024. Leur but c\u2019est de faire basculer progressivement le parti d\u00e9mocrate vers un progressisme.\u00a0\u00bb<br \/>\n\u00ab\u00a0Le programme de Joe Biden est plus ambitieux qu\u2019au d\u00e9but de sa campagne mais il n\u2019a rien de contraignant.\u00a0\u00bb<br \/>\n\u00ab\u00a0Les d\u00e9mocrates ont gagn\u00e9 la Maison Blanche et ils ont conserv\u00e9 &#8211; avec moins de si\u00e8ges &#8211; la chambre des repr\u00e9sentants. En revanche, ils sont pour le moment au coude \u00e0 coude avec les R\u00e9publicains au S\u00e9nat o\u00f9 ils risquent de rester minoritaires.\u00a0\u00bb<br \/>\n\u00ab\u00a0La victoire de Joe Biden est politiquement en demie-teinte.\u00a0\u00bb<br \/>\n\u00ab\u00a0Il y a une tension \u00e0 composer un cabinet qui soit valid\u00e9 par le S\u00e9nat.\u00a0C\u2019est un jeu de ligne rouge. \u00bb<br \/>\n\u00ab\u00a0Biden serait pr\u00eat \u00e0 donner des postes \u00e0 des R\u00e9publicains mais pas forc\u00e9ment \u00e0 le compenser avec des postes plus progressistes.\u00a0\u00bb<br \/>\n\u00ab\u00a0Sanders a r\u00e9ussi \u00e0 faire passer des lois avec des R\u00e9publicains en cosignataires. \u00bb<\/p>\n<p><em>\u00a0<strong>Sur le r\u00f4le de Kamala Harris<\/em>\u00a0<\/strong><br \/>\n\u00ab\u00a0La place de Kamala Harris dans le ticket avec Joe Biden n\u2019a pas eu un effet significatif sur le vote des minorit\u00e9s.\u00a0\u00bb<br \/>\n\u00ab\u00a0Les d\u00e9mocrates ont cru que le vote des minorit\u00e9s leur \u00e9t\u00e9 acquis.\u00a0Ils n\u2019ont pas eu de strat\u00e9gie de conqu\u00eate de cet \u00e9lectorat. \u00bb<br \/>\n\u00ab\u00a0Le r\u00f4le de Kamala Harris va \u00eatre probablement significativement diff\u00e9rent des pr\u00e9c\u00e9dents vice-pr\u00e9sident. Joe Biden est le pr\u00e9sident le plus vieux jamais \u00e9lu aux Etats-Unis et il est tr\u00e8s probable qu\u2019elle soit beaucoup plus impliqu\u00e9e sur les dossiers, quasi en d\u00e9cisionnaire.\u00a0\u00bb<br \/>\n\u00ab\u00a0Il est tr\u00e8s probable que si la sant\u00e9 de Joe Biden s\u2019affaiblit en cours de mandat, il passe la main.\u00a0\u00bb<br \/>\n\u00ab\u00a0On peut imaginer un sc\u00e9nario o\u00f9 Joe Biden se retire de ses fonctions un an avant l\u2019\u00e9lection pour donner carte blanche \u00e0 Kamala Harris en tant que pr\u00e9sidente.\u00a0Et qu\u2019elle incarne la fonction pour assurer une r\u00e9\u00e9lection. \u00bb<br \/>\n\u00ab\u00a0Kamala Harris est un personnage complexe. Elle a une proximit\u00e9 forte avec les GAFA &#8211; elle est loin d\u2019avoir les m\u00eames critiques qu\u2019Elisabeth Warren.\u00a0\u00bb<br \/>\n\u00ab\u00a0Kamala Harris a un rapport \u00e0 la loi assez \u00e9trange et ambivalent de fort avec les faibles et faible avec les puissants.\u00a0\u00bb<br \/>\n\u00ab\u00a0Kamala Harris est beaucoup plus progressiste que Joe Biden.\u00a0\u00bb<\/p>\n<p><em>\u00a0<strong>Sur le programme de Joe Biden<\/em>\u00a0<\/strong><br \/>\n\u00ab\u00a0Joe Biden a annonc\u00e9 un abaissement de l\u2019\u00e2ge d\u2019acc\u00e8s au Medicare.\u00a0C\u2019est un abaissement assez faible. On est loin de l\u2019acc\u00e8s \u00e0 tous comme le proposait Bernie Sanders. \u00bb<br \/>\n\u00ab\u00a0Sur la question du climat il a un propos qui est beaucoup plus fort qu\u2019il y a quatre ans avec Hillary Clinton et m\u00eame qu\u2019au d\u00e9but de sa campagne.\u00a0\u00bb<br \/>\n\u00ab\u00a0Il a affirm\u00e9 que le climat \u00e9tait un danger existentiel. Et m\u00eame s\u2019il n\u2019est pas align\u00e9 sur le green new deal [que proposait Sanders], il est beaucoup plus ambitieux.\u00a0\u00bb<br \/>\n\u00ab\u00a0Les d\u00e9mocrates sont aussi tr\u00e8s rassembl\u00e9s notamment autour de la fin des prisons priv\u00e9es.\u00a0\u00bb<br \/>\n\u00ab\u00a0Il y a une r\u00e9forme de l\u2019immigration pour s\u2019assurer qu\u2019on ne soit plus sur des cas humanitaires aussi d\u00e9chirants que ce qu\u2019on a pu voir sous la mandature Trump qui a g\u00e9r\u00e9 \u00e7a avec une grande violence.\u00a0\u00bb<\/p>\n<p><em>\u00a0<strong>Sur le climat post \u00e9lectoral tendu aux Etats-Unis<\/em>\u00a0<\/strong><br \/>\n\u00ab\u00a0Le r\u00f4le de Trump et de son entourage sera d\u00e9cisif de m\u00eame que l\u2019attitude de l\u2019establishment des R\u00e9publicains sera d\u00e9cisive.\u00a0Enfin, les m\u00e9dias conservateurs, et notamment Fox News, ont fait un travail qu\u2019il faut saluer, d\u2019int\u00e9grit\u00e9 journalistique. Ils cherchent \u00e0 accompagner l\u2019opinion publique r\u00e9publicaine vers une acceptation de la d\u00e9faite de Donald Trump. \u00bb<div id='gallery-1' class='gallery galleryid-12565 gallery-columns-3 gallery-size-thumbnail'><figure class='gallery-item'>\n\t\t\t<div class='gallery-icon landscape'>\n\t\t\t\t<a href='https:\/\/archives.regards.fr\/wp-content\/uploads\/2020\/11\/capture_d_e_cran_2020-11-09_a_15-c5c.20.48.png'><img loading=\"lazy\" decoding=\"async\" width=\"150\" height=\"150\" src=\"https:\/\/archives.regards.fr\/wp-content\/uploads\/2020\/11\/capture_d_e_cran_2020-11-09_a_15-c5c.20.48-150x150.png\" class=\"attachment-thumbnail size-thumbnail\" alt=\"capture_d_e_cran_2020-11-09_a_15.20.48.png\" \/><\/a>\n\t\t\t<\/div><\/figure>\n\t\t<\/div>\n<\/p>\n","protected":false},"excerpt":{"rendered":"<p>Lendemain d\u2019\u00e9lection aux \u00c9tats-Unis. La victoire de Joe Biden va-t-elle changer la vie des Am\u00e9ricains ? Quelle place pour la gauche des d\u00e9mocrates dans le dispositif Biden ? Qui est la nouvelle vice-pr\u00e9sidente, Kamala Harris ? Cl\u00e9ment Pairot, auteur de <em>Democrazies : un Frenchie dans la campagne de Bernie Sanders<\/em>, est l\u2019invit\u00e9 de #LaMidinale.<\/p>\n","protected":false},"author":1204,"featured_media":29893,"comment_status":"open","ping_status":"open","sticky":false,"template":"","format":"standard","meta":{"_themeisle_gutenberg_block_has_review":false,"footnotes":""},"categories":[238],"tags":[293],"class_list":["post-12565","post","type-post","status-publish","format-standard","has-post-thumbnail","hentry","category-la-midinale","tag-entretien"],"_links":{"self":[{"href":"https:\/\/archives.regards.fr\/index.php?rest_route=\/wp\/v2\/posts\/12565","targetHints":{"allow":["GET"]}}],"collection":[{"href":"https:\/\/archives.regards.fr\/index.php?rest_route=\/wp\/v2\/posts"}],"about":[{"href":"https:\/\/archives.regards.fr\/index.php?rest_route=\/wp\/v2\/types\/post"}],"author":[{"embeddable":true,"href":"https:\/\/archives.regards.fr\/index.php?rest_route=\/wp\/v2\/users\/1204"}],"replies":[{"embeddable":true,"href":"https:\/\/archives.regards.fr\/index.php?rest_route=%2Fwp%2Fv2%2Fcomments&post=12565"}],"version-history":[{"count":0,"href":"https:\/\/archives.regards.fr\/index.php?rest_route=\/wp\/v2\/posts\/12565\/revisions"}],"wp:featuredmedia":[{"embeddable":true,"href":"https:\/\/archives.regards.fr\/index.php?rest_route=\/wp\/v2\/media\/29893"}],"wp:attachment":[{"href":"https:\/\/archives.regards.fr\/index.php?rest_route=%2Fwp%2Fv2%2Fmedia&parent=12565"}],"wp:term":[{"taxonomy":"category","embeddable":true,"href":"https:\/\/archives.regards.fr\/index.php?rest_route=%2Fwp%2Fv2%2Fcategories&post=12565"},{"taxonomy":"post_tag","embeddable":true,"href":"https:\/\/archives.regards.fr\/index.php?rest_route=%2Fwp%2Fv2%2Ftags&post=12565"}],"curies":[{"name":"wp","href":"https:\/\/api.w.org\/{rel}","templated":true}]}}