{"id":12560,"date":"2020-11-06T13:18:41","date_gmt":"2020-11-06T12:18:41","guid":{"rendered":"https:\/\/wp.muchomaas.com\/article-frederique-rolet-la-repression-des-lyceens-est-completement-disproportionnee\/"},"modified":"2023-06-24T00:05:13","modified_gmt":"2023-06-23T22:05:13","slug":"article-frederique-rolet-la-repression-des-lyceens-est-completement-disproportionnee","status":"publish","type":"post","link":"https:\/\/archives.regards.fr\/?p=12560","title":{"rendered":"Fr\u00e9d\u00e9rique Rolet : \u00ab La r\u00e9pression des lyc\u00e9ens est compl\u00e8tement disproportionn\u00e9e \u00bb"},"content":{"rendered":"<p class=\"post_excerpt\">Une premi\u00e8re semaine difficile pour les enseignants. Apr\u00e8s les hommages \u00e0 Samuel Paty ce lundi dernier, ils doivent d\u00e9sormais faire face \u00e0 la crise sanitaire. On fait le point avec Fr\u00e9d\u00e9rique Rolet, professeur de lettres et secr\u00e9taire g\u00e9n\u00e9rale du SNES-FSU, invit\u00e9e de #LaMidinale<\/p>\n<h2>UNE MIDINALE \u00c0 VOIR&#8230;<\/h2>\n<p><iframe loading=\"lazy\" width=\"490\" height=\"276\" src=\"https:\/\/www.youtube.com\/embed\/DXhq-4SYCJA\" frameborder=\"0\" allow=\"accelerometer; autoplay; clipboard-write; encrypted-media; gyroscope; picture-in-picture\" allowfullscreen><\/iframe><\/p>\n<p>&nbsp;<\/p>\n<p><h2>ET \u00c0 LIRE&#8230;<\/h2>\n<p><em>\u00a0<strong>Sur les incidents relatifs aux hommages \u00e0 Samuel Paty\u00a0<\/em>\u00a0<\/strong><br \/>\n\u00ab\u00a0Le chiffre sur les incidents m\u2019\u00e9tonne.\u00a0\u00bb<br \/>\n\u00ab\u00a0Au niveau des professeurs, on n\u2019a pas eu de mont\u00e9es particuli\u00e8res.\u00a0\u00bb<br \/>\n\u00ab\u00a0Je comprends qu\u2019il y ait des jeunes qui puissent \u00eatre choqu\u00e9s \u00e0 titre personnel : dans leur foi, dans leur croyance. Ce qu\u2019on a essay\u00e9 \u00e0 l\u2019\u00e9cole c\u2019est de mettre de la distance.\u00a0\u00bb<br \/>\n\u00ab \u00c0 l\u2019\u00e9cole, on doit montrer que tout le monde peut vivre ensemble.\u00a0\u00bb<\/p>\n<p><em>\u00a0<strong>Sur l\u2019enseignement de l\u2019\u00e9ducation civique\u00a0<\/em>\u00a0<\/strong><br \/>\n\u00ab\u00a0Le probl\u00e8me de l\u2019enseignement moral et civique au lyc\u00e9e c\u2019est qu\u2019il n\u2019a pas d\u2019horaire d\u00e9di\u00e9.\u00a0C\u2019est essentiellement ls professeurs d\u2019histoire\/g\u00e9ographie qui l\u2019assument mais avec leurs programmes tr\u00e8s lourds, \u00e7a peut passer \u00e0 la trappe. \u00bb<br \/>\n\u00ab\u00a0On demande un horaire d\u00e9di\u00e9 qui ne soit pas pris sur celui d\u2019autres disciplines.\u00a0\u00bb<br \/>\n\u00ab\u00a0Tout ce qui \u00e0 avoir avec la transmission des valeurs de la R\u00e9publique doit traverser l\u2019ensemble des disciplines et il faut renforcer la formation des enseignants.\u00a0\u00bb<br \/>\n\u00ab\u00a0On a des coll\u00e8gues qui ne sont pas \u00e0 l\u2019aise pour faire une s\u00e9ance sur les valeurs de la R\u00e9publique et de la la\u00efcit\u00e9. C\u2019est un probl\u00e8me de formation ds enseignants.\u00a0\u00bb<br \/>\n\u00ab\u00a0Ce qu\u2019il faut \u00e9viter &#8211; et c\u2019est ce qui pollue le d\u00e9bat en ce moment &#8211; c\u2019est que chacun \u00e0 sa version de la la\u00efcit\u00e9.\u00a0\u00bb<\/p>\n<p><em>\u00a0<strong>Sur la situation de l\u2019enseignement en ces temps de crise sanitaire<\/em>\u00a0<\/strong><br \/>\n\u00ab\u00a0Comme on l\u2019avait dit au mois de juin, on souhaitait que les \u00e9tablissements soient ouverts le plus longtemps possible. Mais pour cela, il fallait anticiper et instaurer un certain nombre de mesures.\u00a0\u00bb<br \/>\n\u00ab\u00a0On reproche au ministre Jean-Michel Blanquer de ne se r\u00e9veiller que maintenant o\u00f9 l\u2019on est en alerte avec une deuxi\u00e8me vague dont on nous dit qu\u2019elle sera encore plus meurtri\u00e8re que la premi\u00e8re. On a pris beaucoup de retard !\u00a0\u00bb<br \/>\n\u00ab\u00a0Il vaut mieux avoir des horaires d\u2019enseignement r\u00e9duits et un lien p\u00e9dagogique maintenu (du travail personnel \u00e0 faire qui est ensuite corrig\u00e9 en classe) que ce qui s\u2019est pass\u00e9 au moment du confinement.\u00a0\u00bb<br \/>\n\u00ab\u00a0La FSU a fait une enqu\u00eate sur le num\u00e9rique et l\u2019on a vu que, du c\u00f4t\u00e9 des professeurs, cela a beaucoup augment\u00e9 leur charge de travail, qu\u2019il n\u2019y avait plus de s\u00e9paration entre la vie priv\u00e9e et la vie professionnelle mais qu\u2019aussi, du c\u00f4t\u00e9 des \u00e9l\u00e8ves, cela a profond\u00e9ment d\u00e9grad\u00e9 leur relation aux enseignants.\u00a0\u00bb<br \/>\n\u00ab\u00a0Lors du premier confinement, beaucoup d\u2019\u00e9l\u00e8ves, m\u00eame s\u2019ils avaient r\u00e9ussi \u00e0 se connecter, n\u2019ont pas retenu grand chose de ce qui a pu \u00eatre fait et ce, quelque soit la conscience professionnelle et l\u2019investissement des coll\u00e8gues.\u00a0\u00bb<\/p>\n<p><em>\u00a0<strong>Sur le baccalaur\u00e9at dont les \u00e9preuves communes seront remplac\u00e9es par un contr\u00f4le continu<\/strong>\u00a0<\/em><br \/>\n\u00ab\u00a0Il ne faut pas parler de bac au rabais : aucune g\u00e9n\u00e9ration ne doit \u00eatre d\u00e9consid\u00e9r\u00e9e et d\u00e9l\u00e9gitim\u00e9e.\u00a0\u00bb<br \/>\n\u00ab\u00a0La r\u00e9forme du baccalaur\u00e9at pose beaucoup de probl\u00e8mes parce que l\u2019on a mis des temps d\u2019\u00e9valuation tout au long de l\u2019ann\u00e9e et cela se rel\u00e8ve impossible \u00e0 mettre en oeuvre.\u00a0\u00bb<br \/>\n\u00ab\u00a0Jean-Michel Blanquer n\u2019a rien dit sur les programmes. Or beaucoup d\u2019enseignants mettent en avant le fait qu\u2019avec les effets de l\u2019ann\u00e9e derni\u00e8re ajout\u00e9s \u00e0 la situation sanitaire d\u2019aujourd\u2019hui, on ne peut pas faire comme si on allait \u00e9tudier tous les programmes comme en situation ordinaire.\u00a0\u00bb<br \/>\n\u00a0<br \/>\n<em>\u00a0<strong>Sur les mobilisations lyc\u00e9ennes<\/em>\u00a0<\/strong><br \/>\n\u00ab\u00a0Des organisations lyc\u00e9ennes avaient alert\u00e9 sur le fait qu\u2019ils \u00e9taient entass\u00e9s dans les classes, qu\u2019ils \u00e9taient trop nombreux \u00e0 la cantine\u2026 Rien n\u2019a \u00e9t\u00e9 fait.\u00a0\u00bb<br \/>\n\u00ab\u00a0Il est sain que des \u00e9l\u00e8ves revendiquent le fait de pouvoir \u00e9tudier dans de bonnes conditions.\u00a0\u00bb<br \/>\n\u00ab\u00a0Ce qui est scandaleux, c\u2019est qu\u2019on les ai verbalis\u00e9s en leur demandant de payer 135 euros d\u2019amende.\u00a0\u00bb<br \/>\n\u00ab\u00a0Certains ont m\u00eame \u00e9t\u00e9 plac\u00e9s en garde-\u00e0-vue : cette r\u00e9pression est compl\u00e8tement disproportionn\u00e9e par rapport \u00e0 ce qu\u2019ont pu faire les lyc\u00e9ens.\u00a0\u00bb<\/p>\n<p><em>\u00a0<strong>Sur la gr\u00e8ve du 10 novembre prochain<\/em>\u00a0<\/strong><br \/>\n\u00ab\u00a0Beaucoup de parents comprennent bien que l\u2019on souhaite garder les \u00e9tablissements ouverts le plus longtemps possible &#8211; mais si on ne fait rien, \u00e7a ne sera pas possible.\u00a0\u00bb<br \/>\n\u00ab\u00a0Le ministre Blanquer aura la responsabilit\u00e9 de fermer les \u00e9tablissements scolaires parce qu\u2019il ne nous aura pas \u00e9cout\u00e9s.\u00a0\u00bb<br \/>\n\u00ab\u00a0On demande aussi \u00e0 avoir plus d\u2019agents territoriaux pour pouvoir mieux d\u00e9sinfecter les salles et le mat\u00e9riel ainsi qu\u2019un \u00e9chelonnement des services dans la restauration scolaire.\u00a0\u00bb<\/p>\n<p>Sur les sanctions \u00e0 l\u2019encontre de 4 enseignants pour s\u2019\u00eatre mobilis\u00e9s contre la r\u00e9forme du baccalaur\u00e9at en d\u00e9but d\u2019ann\u00e9e<br \/>\n\u00ab\u00a0Cela nous inqui\u00e8te beaucoup parce que l\u2019on a le sentiment que le ministre veut museler toute contestation de ses r\u00e9formes et de sa parole.\u00a0\u00bb<br \/>\n\u00ab\u00a0Si des enseignants contestent une reforme du ministre, c\u2019est parce qu\u2019ils ont une certaine vision de leur m\u00e9tier.\u00a0\u00bb<br \/>\n\u00ab\u00a0Il y a une volont\u00e9 de frapper fort pour dissuader de toute contestation ult\u00e9rieure mais cela ne marchera pas &#8211; au contraire, \u00e7a \u00e9nerve dans la profession.\u00a0\u00bb<div id='gallery-1' class='gallery galleryid-12560 gallery-columns-3 gallery-size-thumbnail'><figure class='gallery-item'>\n\t\t\t<div class='gallery-icon landscape'>\n\t\t\t\t<a href='https:\/\/archives.regards.fr\/wp-content\/uploads\/2020\/11\/capture_d_e_cran_2020-11-06_a_13-6c0.16.40.png'><img loading=\"lazy\" decoding=\"async\" width=\"150\" height=\"150\" src=\"https:\/\/archives.regards.fr\/wp-content\/uploads\/2020\/11\/capture_d_e_cran_2020-11-06_a_13-6c0.16.40-150x150.png\" class=\"attachment-thumbnail size-thumbnail\" alt=\"capture_d_e_cran_2020-11-06_a_13.16.40.png\" \/><\/a>\n\t\t\t<\/div><\/figure>\n\t\t<\/div>\n<\/p>\n","protected":false},"excerpt":{"rendered":"<p>Une premi\u00e8re semaine difficile pour les enseignants. Apr\u00e8s les hommages \u00e0 Samuel Paty ce lundi dernier, ils doivent d\u00e9sormais faire face \u00e0 la crise sanitaire. On fait le point avec Fr\u00e9d\u00e9rique Rolet, professeur de lettres et secr\u00e9taire g\u00e9n\u00e9rale du SNES-FSU, invit\u00e9e de #LaMidinale<\/p>\n","protected":false},"author":1204,"featured_media":29885,"comment_status":"open","ping_status":"open","sticky":false,"template":"","format":"standard","meta":{"_themeisle_gutenberg_block_has_review":false,"footnotes":""},"categories":[238],"tags":[293],"class_list":["post-12560","post","type-post","status-publish","format-standard","has-post-thumbnail","hentry","category-la-midinale","tag-entretien"],"_links":{"self":[{"href":"https:\/\/archives.regards.fr\/index.php?rest_route=\/wp\/v2\/posts\/12560","targetHints":{"allow":["GET"]}}],"collection":[{"href":"https:\/\/archives.regards.fr\/index.php?rest_route=\/wp\/v2\/posts"}],"about":[{"href":"https:\/\/archives.regards.fr\/index.php?rest_route=\/wp\/v2\/types\/post"}],"author":[{"embeddable":true,"href":"https:\/\/archives.regards.fr\/index.php?rest_route=\/wp\/v2\/users\/1204"}],"replies":[{"embeddable":true,"href":"https:\/\/archives.regards.fr\/index.php?rest_route=%2Fwp%2Fv2%2Fcomments&post=12560"}],"version-history":[{"count":0,"href":"https:\/\/archives.regards.fr\/index.php?rest_route=\/wp\/v2\/posts\/12560\/revisions"}],"wp:featuredmedia":[{"embeddable":true,"href":"https:\/\/archives.regards.fr\/index.php?rest_route=\/wp\/v2\/media\/29885"}],"wp:attachment":[{"href":"https:\/\/archives.regards.fr\/index.php?rest_route=%2Fwp%2Fv2%2Fmedia&parent=12560"}],"wp:term":[{"taxonomy":"category","embeddable":true,"href":"https:\/\/archives.regards.fr\/index.php?rest_route=%2Fwp%2Fv2%2Fcategories&post=12560"},{"taxonomy":"post_tag","embeddable":true,"href":"https:\/\/archives.regards.fr\/index.php?rest_route=%2Fwp%2Fv2%2Ftags&post=12560"}],"curies":[{"name":"wp","href":"https:\/\/api.w.org\/{rel}","templated":true}]}}