{"id":12556,"date":"2020-11-04T13:51:32","date_gmt":"2020-11-04T12:51:32","guid":{"rendered":"https:\/\/wp.muchomaas.com\/article-rachel-silvera-400-000-personnes-vont-sortir-du-chomage-et-vont-tout-droit-vers\/"},"modified":"2023-06-24T00:05:06","modified_gmt":"2023-06-23T22:05:06","slug":"article-rachel-silvera-400-000-personnes-vont-sortir-du-chomage-et-vont-tout-droit-vers","status":"publish","type":"post","link":"https:\/\/archives.regards.fr\/?p=12556","title":{"rendered":"Rachel Silvera : \u00ab 400.000 personnes vont sortir du ch\u00f4mage et vont tout droit vers la pauvret\u00e9 \u00bb"},"content":{"rendered":"<p class=\"post_excerpt\">Quelles cons\u00e9quences les choix \u00e9conomiques du gouvernement vont-elles avoir ? Que sait-on de l\u2019impact sur les in\u00e9galit\u00e9s ? Rachel Silvera, \u00e9conomiste, ma\u00eetresse de conf\u00e9rences \u00e0 l&#8217;universit\u00e9 Paris Ouest-Nanterre, est l\u2019invit\u00e9e de #LaMidinale.<\/p>\n<h2>UNE MIDINALE \u00c0 VOIR&#8230;<\/h2>\n<p><iframe loading=\"lazy\" width=\"490\" height=\"276\" src=\"https:\/\/www.youtube.com\/embed\/1JfascWvxPw\" frameborder=\"0\" allow=\"accelerometer; autoplay; clipboard-write; encrypted-media; gyroscope; picture-in-picture\" allowfullscreen><\/iframe><\/p>\n<p>&nbsp;<\/p>\n<p><h2>ET \u00c0 LIRE&#8230;<\/h2>\n<p><em>\u00a0<strong>Sur la strat\u00e9gie \u00e9conomique du gouvernement et ses cons\u00e9quences<\/em>\u00a0<\/strong><br \/>\n\u00ab La priorit\u00e9 du gouvernement, c\u2019est qu\u2019on travaille. C\u2019est un argument \u00e9conomiciste pour ne pas aggraver les cons\u00e9quences de la crise du Covid en mati\u00e8re de PIB et de ch\u00f4mage. \u00bb<br \/>\n\u00ab L\u2019objectif, c\u2019est d\u2019abord de permettre aux entreprises de fonctionner le mieux possible pour \u00e9viter d\u2019accroitre la dette et \u00e7a se fait au prix d\u2019in\u00e9galit\u00e9s qui vont \u00eatre croissantes. \u00bb<br \/>\n\u00ab Une partie des ch\u00f4meurs ne vont pas se d\u00e9clarer. C\u2019est ce qu\u2019on appelle le halo du ch\u00f4mage. \u00bb<br \/>\n\u00ab Il y a une autre cat\u00e9gorie qui \u00e9merge notamment chez les jeunes et les femmes : c\u2019est une sorte de d\u00e9couragement. \u00bb<br \/>\n\u00ab On estime qu\u2019environ 400.000 personnes vont sortir du ch\u00f4mage et elles vont tout droit vers la pauvret\u00e9. \u00bb<\/p>\n<p><em>\u00a0<strong>Sur la prise en compte des in\u00e9galit\u00e9s<\/em>\u00a0<\/strong><br \/>\n\u00ab La grande diff\u00e9rence entre les deux confinements c\u2019est que les enfants, pour le moment, vont pouvoir aller \u00e0 l\u2019\u00e9cole. \u00bb<br \/>\n\u00ab Lors du premier confinement, on a vu une explosion des taches domestiques qui restent malheureusement d\u00e9volues aux femmes. \u00bb<br \/>\n\u00ab Pour une femme sur deux en t\u00e9l\u00e9travail, il y a eu quatre heures de t\u00e2ches domestiques en plus par jour \u00e0 cause des enfants et du suivi scolaire. D\u2019o\u00f9 des risques d\u2019anxi\u00e9t\u00e9, voire de d\u00e9tresse. \u00bb<br \/>\n\u00ab La le\u00e7on qu\u2019on a peut \u00eatre tir\u00e9 c\u2019est qu\u2019on a maintenu les enfants \u00e0 l\u2019\u00e9cole au nom du fait que le t\u00e9l\u00e9travail est incompatible avec la garde des enfants, si ce n\u2019est au d\u00e9triment de sa sant\u00e9. \u00bb<\/p>\n<p><em>\u00a0<strong>Sur le travail gratuit <\/em>\u00a0<\/strong><br \/>\n\u00ab Il y a un travail invisible qu\u2019effectue une grande majorit\u00e9 des femmes. \u00bb<br \/>\n\u00ab Les m\u00e9tiers essentiels, ceux qui exigent un pr\u00e9sentiel et dont on ne peut pas se passer, sont des emplois majoritairement \u00e0 pr\u00e9dominance f\u00e9minine : dans la sant\u00e9 d\u2019abord. \u00bb<br \/>\n\u00ab Ces femmes n\u2019ont toujours pas eu la reconnaissance et la revalorisation de leurs m\u00e9tiers qui me parait absolument centrale si l\u2019on veut que notre soci\u00e9t\u00e9 \u00e9volue autrement. \u00bb<br \/>\n\u00ab Il faut redonner du sens aux m\u00e9tiers du soin et plus largement du lien aux autres. \u00bb<br \/>\n\u00ab Je ne suis pas favorable avec cette id\u00e9e de r\u00e9mun\u00e9rer le travail domestique. Le vrai sujet c\u2019est celui du partage des t\u00e2ches. \u00bb<\/p>\n<p><em>\u00a0<strong>Sur la hi\u00e9rarchie des m\u00e9tiers<\/em>\u00a0<\/strong><br \/>\n\u00ab On a l\u2019impression que l\u2019on a \u00e9largit le champ de l\u2019activit\u00e9 [par rapport au confinement de mars]. Il ne s\u2019agit pas pour le gouvernement d\u2019\u00e9largir le champ des m\u00e9tiers essentiels mais de maintenir l\u2019activit\u00e9 \u00e9conomique et d\u2019\u00e9viter de creuser plus encore la perte d\u2019activit\u00e9 et la fermeture des entreprises. \u00bb<br \/>\n\u00ab Je ne suis pas s\u00fbre que l\u2019on ait une vraie r\u00e9flexion sur la hi\u00e9rarchie des professions en mati\u00e8re de r\u00e9mun\u00e9ration : il n\u2019y a pas de n\u00e9gociation ouverte pour repenser la mani\u00e8re dont sont pay\u00e9s les aides \u00e0 domicile, les agents d\u2019entretien ou les caissi\u00e8res. \u00bb <\/p>\n<p><em>\u00a0<strong>Sur les mouvements citoyens<\/em>\u00a0<\/strong><br \/>\n\u00ab Je crains que par rapport \u00e0 cet \u00e9lan du printemps dernier, cette deuxi\u00e8me vague marque le pas. \u00bb<br \/>\n\u00ab La mobilisation peut \u00eatre l\u00e0 mais le gouvernement a \u00e9t\u00e9 tr\u00e8s sourd aux revendications. Durant l\u2019\u00e9t\u00e9, on a eu l\u2019impression que tout remarchait et que tout allait revenir comme avant. \u00bb<br \/>\n\u00ab Il n\u2019y a pas encore de remise en cause de notre mod\u00e8le \u00e9conomique. \u00bb<br \/>\n\u00ab On est loin d\u2019une vraie r\u00e9sistance et qui ne soit pas cette r\u00e9silience. \u00bb<\/p>\n<p><em>\u00a0<strong>Sur les indicateurs de richesse<\/em>\u00a0<\/strong><br \/>\n\u00ab Le PIB ne refl\u00e8te pas la situation exacte et ne peut pas \u00eatre le seul indicateur. \u00bb<br \/>\n\u00ab Il y a des organismes qui se battent \u00e0 l\u2019\u00e9chelle internationale pour qu\u2019on reconnaisse des indicateurs de bien-\u00eatre, d\u2019\u00e9ducation, des in\u00e9galit\u00e9s femmes\/hommes, des enjeux de d\u00e9mocratie qui soient pris en compte. \u00bb<br \/>\n\u00ab Ces crises sont l\u2019occasion de remettre l\u2019accent &#8211; comme le fait l\u2019Oxfam ou l\u2019ONU &#8211; pour dire que la pauvret\u00e9 va exploser. \u00bb<\/p>\n<p><em>\u00a0<strong>Sur la mondialisation et les relocalisations<\/em>\u00a0<\/strong><br \/>\n\u00ab Notre d\u00e9pendance \u00e9conomique \u00e0 la Chine est catastrophique : c&#8217;est le r\u00e9sultat d&#8217;ann\u00e9es de politique industrielle et de services ont abouti \u00e0 la disparition de fili\u00e8res int\u00e9gr\u00e9es de production. \u00bb<br \/>\n\u00ab On ne peut pas aller contre la mondialisation mais on peut mettre des freins \u00e0 certains abus et relocaliser certaines activit\u00e9s. \u00bb<br \/>\n\u00ab Il faut repenser notre \u00e9conomie \u00e0 l&#8217;\u00e9chelle europ\u00e9enne pour \u00e9viter le dumping social g\u00e9n\u00e9ralis\u00e9. \u00bb<br \/>\n\u00ab Qu&#8217;est-ce que cela signifie que de produire \u00e0 l&#8217;autre bout du monde et de r\u00e9internaliser une partie des pi\u00e8ces n\u00e9cessaires notamment \u00e0 l&#8217;automobile ? \u00bb<br \/>\n\u00ab J&#8217;ai l&#8217;impression qu&#8217;on entend davantage les questions de relocalisation mais je doute fort que cela se traduise en choix politiques. \u00bb<div id='gallery-1' class='gallery galleryid-12556 gallery-columns-3 gallery-size-thumbnail'><figure class='gallery-item'>\n\t\t\t<div class='gallery-icon landscape'>\n\t\t\t\t<a href='https:\/\/archives.regards.fr\/wp-content\/uploads\/2020\/11\/capture_d_e_cran_2020-11-04_a_13-b21.47.16.png'><img loading=\"lazy\" decoding=\"async\" width=\"150\" height=\"150\" src=\"https:\/\/archives.regards.fr\/wp-content\/uploads\/2020\/11\/capture_d_e_cran_2020-11-04_a_13-b21.47.16-150x150.png\" class=\"attachment-thumbnail size-thumbnail\" alt=\"capture_d_e_cran_2020-11-04_a_13.47.16.png\" \/><\/a>\n\t\t\t<\/div><\/figure>\n\t\t<\/div>\n<\/p>\n","protected":false},"excerpt":{"rendered":"<p>Quelles cons\u00e9quences les choix \u00e9conomiques du gouvernement vont-elles avoir ? Que sait-on de l\u2019impact sur les in\u00e9galit\u00e9s ? Rachel Silvera, \u00e9conomiste, ma\u00eetresse de conf\u00e9rences \u00e0 l&#8217;universit\u00e9 Paris Ouest-Nanterre, est l\u2019invit\u00e9e de #LaMidinale.<\/p>\n","protected":false},"author":1204,"featured_media":29879,"comment_status":"open","ping_status":"open","sticky":false,"template":"","format":"standard","meta":{"_themeisle_gutenberg_block_has_review":false,"footnotes":""},"categories":[238],"tags":[293],"class_list":["post-12556","post","type-post","status-publish","format-standard","has-post-thumbnail","hentry","category-la-midinale","tag-entretien"],"_links":{"self":[{"href":"https:\/\/archives.regards.fr\/index.php?rest_route=\/wp\/v2\/posts\/12556","targetHints":{"allow":["GET"]}}],"collection":[{"href":"https:\/\/archives.regards.fr\/index.php?rest_route=\/wp\/v2\/posts"}],"about":[{"href":"https:\/\/archives.regards.fr\/index.php?rest_route=\/wp\/v2\/types\/post"}],"author":[{"embeddable":true,"href":"https:\/\/archives.regards.fr\/index.php?rest_route=\/wp\/v2\/users\/1204"}],"replies":[{"embeddable":true,"href":"https:\/\/archives.regards.fr\/index.php?rest_route=%2Fwp%2Fv2%2Fcomments&post=12556"}],"version-history":[{"count":0,"href":"https:\/\/archives.regards.fr\/index.php?rest_route=\/wp\/v2\/posts\/12556\/revisions"}],"wp:featuredmedia":[{"embeddable":true,"href":"https:\/\/archives.regards.fr\/index.php?rest_route=\/wp\/v2\/media\/29879"}],"wp:attachment":[{"href":"https:\/\/archives.regards.fr\/index.php?rest_route=%2Fwp%2Fv2%2Fmedia&parent=12556"}],"wp:term":[{"taxonomy":"category","embeddable":true,"href":"https:\/\/archives.regards.fr\/index.php?rest_route=%2Fwp%2Fv2%2Fcategories&post=12556"},{"taxonomy":"post_tag","embeddable":true,"href":"https:\/\/archives.regards.fr\/index.php?rest_route=%2Fwp%2Fv2%2Ftags&post=12556"}],"curies":[{"name":"wp","href":"https:\/\/api.w.org\/{rel}","templated":true}]}}