{"id":12550,"date":"2020-11-03T11:39:13","date_gmt":"2020-11-03T10:39:13","guid":{"rendered":"https:\/\/wp.muchomaas.com\/article-arie-alimi-la-seule-reponse-a-apporter-aux-terroristes-c-est-encore-plus-de\/"},"modified":"2023-06-24T00:04:50","modified_gmt":"2023-06-23T22:04:50","slug":"article-arie-alimi-la-seule-reponse-a-apporter-aux-terroristes-c-est-encore-plus-de","status":"publish","type":"post","link":"https:\/\/archives.regards.fr\/?p=12550","title":{"rendered":"Ari\u00e9 Alimi : \u00ab La seule r\u00e9ponse \u00e0 apporter aux terroristes, c\u2019est encore plus de libert\u00e9s \u00bb"},"content":{"rendered":"<p class=\"post_excerpt\">Ce mardi 3 novembre, <em>Le Monde<\/em> publie une tribune qui appelle \u00e0 reconna\u00eetre les manquements du pass\u00e9 et \u00e0 se mobiliser autour de principes la\u00efques et r\u00e9publicains. Une tribune \u2013 r\u00e9ponse \u00e0 ceux qui accusent une partie de la gauche de laxisme, de complaisance avec l\u2019islam politique \u2013 sign\u00e9e par de nombreuses personnalit\u00e9s politiques, associatives, syndicales, intellectuelles de gauche et des \u00e9cologistes. Parmi eux, Ari\u00e9 Alimi, avocat et membre du bureau national de La LDH. Il est l\u2019invit\u00e9 de #LaMidinale.<\/p>\n<h2>UNE MIDINALE \u00c0 VOIR&#8230;<\/h2>\n<p><iframe loading=\"lazy\" width=\"490\" height=\"276\" src=\"https:\/\/www.youtube.com\/embed\/IoYcYct2dfc\" frameborder=\"0\" allow=\"accelerometer; autoplay; clipboard-write; encrypted-media; gyroscope; picture-in-picture\" allowfullscreen><\/iframe><\/p>\n<p>&nbsp;<\/p>\n<p><h2>ET \u00c0 LIRE&#8230;<\/h2>\n<p><em>\u00a0<strong>Sur les interpellations d\u2019enfants suite \u00e0 l\u2019hommage d\u2019hier<\/em>\u00a0<\/strong><br \/>\n\u00ab\u00a0La police n\u2019est pas la bonne r\u00e9ponse. C\u2019est m\u00eame le pire qui puisse arriver.\u00a0\u00bb<br \/>\n\u00ab\u00a0On remplace l\u2019\u00e9ducation par le r\u00e9pressif.\u00a0\u00bb<br \/>\n\u00ab\u00a0On a une ordonnance en France qui s\u2019appelle l\u2019ordonnance de 1945 et qui r\u00e9git toutes les probl\u00e9matiques de d\u00e9linquance des mineurs. \u00bb<br \/>\n\u00ab\u00a0Quand on est au sein de l\u2019\u00e9cole, c\u2019est une r\u00e9ponse p\u00e9dagogique qui doit \u00eatre apport\u00e9e.\u00a0\u00bb<br \/>\n\u00ab\u00a0En ce moment, on voit passer des circulaires du minist\u00e8re et du rectorat, qui enjoignent les enseignants de faire monter les informations sur des enfants qui ne respecteraient pas la minute de silence au moment d\u2019un hommage.\u00a0\u00bb<br \/>\n\u00ab\u00a0On se fourvoie compl\u00e8tement et \u00e7a correspond \u00e0 un emballement global : on est en train de remplacer l\u2019\u00e9ducatif par du r\u00e9pressif.\u00a0\u00bb<\/p>\n<p><em>\u00a0<strong>Sur la r\u00e9ponse du gouvernement par la peur<\/em>\u00a0<\/strong><br \/>\n\u00ab\u00a0L\u2019ADN est dans les \u00e9crits des groupes terroristes comme Al-Qa\u00efda ou Daesh que de cr\u00e9er des attentats terroristes pour entrainer une stigmatisation plus importante des musulmans et entrainer \u00e9galement une radicalisation des musulmans du fait de cette stigmatisation.\u00a0\u00bb<br \/>\n\u00ab\u00a0Nos dirigeants ont une communication politique outranci\u00e8re qui vise les musulmans apr\u00e8s chaque attentat terroriste ce qui va probablement entrainer encore d\u2019autres attentats.\u00a0\u00bb<br \/>\n\u00ab\u00a0La seule r\u00e9ponse \u00e0 apporter aux terroristes c\u2019est encore plus de libert\u00e9s, encore plus d\u2019Etat de droit, parce que c\u2019est l\u2019Etat de droit qui prot\u00e8ge nos libert\u00e9s.\u00a0\u00bb<\/p>\n<p><em>\u00a0<strong>Sur le projet de loi sur les s\u00e9paratismes<\/em>\u00a0<\/strong><br \/>\n\u00ab\u00a0Je ne sais pas comment est fait le lien entre le s\u00e9paratisme et le terrorisme.\u00a0\u00bb<br \/>\n\u00ab\u00a0Il y a une doctrine qui a \u00e9t\u00e9 d\u00e9velopp\u00e9e avec des concepts comme la radicalisation qui on \u00e9t\u00e9 tr\u00e8s peu \u00e9tudi\u00e9e rigoureusement &#8211; quelques sociologues seulement ont \u00e9tudi\u00e9 ce que pouvait signifier la radicalisation dans la jeunesse fran\u00e7aise &#8211; et finalement il s\u2019agit de concept un peu fourre-tout qui servent et ont servi \u00e0 cr\u00e9er de mani\u00e8re fictionnelle une continuit\u00e9 entre la pratique religieuse intensive, l\u2019Islam politique et le terrorisme. Rien aujourd\u2019hui ne permet d\u2019\u00e9tablir un lien direct entre la pratique rigoureuse de l\u2019Islam, l\u2019Islam politique et le terrorisme.\u00a0\u00bb<br \/>\n\u00ab\u00a0On peut combattre socialement l\u2019Islam politique parce qu\u2019on consid\u00e8re que \u00e7a ne correspond pas \u00e0 nos valeurs sociales mais on le fait de mani\u00e8re politique. On ne le fait pas par l\u2019interdiction ou la r\u00e9pression.\u00a0\u00bb<br \/>\n\u00ab\u00a0La meilleure mani\u00e8re de combattre le terrorisme c\u2019est le renseignement, c\u2019est l\u2019op\u00e9rationnel, et en la mati\u00e8re on a des failles op\u00e9rationnelles depuis tr\u00e8s longtemps.\u00a0\u00bb<br \/>\n\u00ab\u00a0On avait une l\u00e9gislation antiterroriste \u00e0 la pointe au niveau mondial mais on a allou\u00e9 de moins en moins de moyens aux services de renseignements.\u00a0\u00bb<br \/>\n\u00ab\u00a0Il faut renforcer l\u2019op\u00e9rationnel du renseignement et retravailler les questions de fond : l\u2019\u00e9conomique et le social dans les quartiers populaires.\u00a0\u00bb<\/p>\n<p><em>\u00a0<strong>Sur les contenus haineux sur Internet<\/em>\u00a0<\/strong><br \/>\n\u00ab\u00a0Il y a une l\u00e9gislation qui existe. On a la possibilit\u00e9 de poursuivre ou de faire poursuivre les propos haineux sur Internet et les r\u00e9seaux sociaux.\u00a0Y compris quand on s\u2019exprime dans l\u2019anonymat. \u00bb<br \/>\n\u00ab\u00a0On nous fait croire que la l\u00e9gislation n\u2019est pas suffisante mais \u00e7a n\u2019est pas vrai.\u00a0\u00bb<br \/>\n\u00ab\u00a0Ce qui manque aujourd\u2019hui c\u2019est uniquement des fonctionnaires de police, des \u00e9quipes de cybercriminalit\u00e9 v\u00e9ritablement op\u00e9rationnelles, avec des moyens informatiques qui permettent de faire des r\u00e9quisitions afin de d\u00e9terminer d\u2019ou proviennent telles ou telles personnes, telles ou telles adresses IP : on n\u2019a pas les moyens aujourd\u2019hui de lutter contre la cybercriminalit\u00e9, le harc\u00e8lement en ligne ou les discours haineux en ligne parce qu\u2019on n\u2019a pas les moyens financiers et humains. \u00c7a n\u2019est pas une question de l\u00e9gislation.\u00a0\u00bb<\/p>\n<p><em> <strong>Sur le projet de loi s\u00e9curit\u00e9 globale<\/strong> <\/em><br \/>\n\u00ab\u00a0Je pense que ces mesures peuvent faire advenir un autre mod\u00e8le de soci\u00e9t\u00e9 et pas forc\u00e9ment celui que l\u2019on souhaite avoir.\u00a0\u00bb<br \/>\n\u00ab\u00a0Ce projet de loi s\u00e9curit\u00e9 globale est un fantasme des plus r\u00e9actionnaires et des plus s\u00e9curitaires depuis toujours.\u00a0\u00bb<br \/>\n\u00ab\u00a0Ce que l\u2019on essaie de faire avec cette loi c\u2019est d\u2019appliquer la reconnaissance faciale de mani\u00e8re g\u00e9n\u00e9ralis\u00e9e.\u00a0\u00bb<br \/>\n\u00ab\u00a0Aujourd\u2019hui, il y a un fantasme qui consiste \u00e0 pouvoir regarder et surveiller de mani\u00e8re g\u00e9n\u00e9ralis\u00e9e la population, sans que la population puisse regarder les abus de la police.\u00a0\u00bb<\/p>\n<p><em>\u00a0<strong>Sur la tribune dans Le Monde<\/em>\u00a0<\/strong><br \/>\n\u00ab\u00a0On essaie de convaincre la gauche dispers\u00e9e et morcel\u00e9e, qui n\u2019est pas d\u2019accord sur beaucoup de choses et qui n\u2019arrive plus \u00e0 se trouver.\u00a0\u00bb<br \/>\n\u00ab\u00a0La gauche peut \u00eatre une force beaucoup plus importante que l\u2019int\u00e9gralit\u00e9 des forces politiques de ce pays.\u00a0\u00bb<br \/>\n\u00ab\u00a0Aujourd\u2019hui, cette tribune s\u2019adresse \u00e0 tous ceux qui ont un esprit de gauche, qui se retrouve dans les valeurs de la gauche et qui veulent essayer de retrouver un langage commun l\u00e0 o\u00f9 on est dans une tour de Babel.\u00a0\u00bb<br \/>\n\u00ab\u00a0Les \u00e9checs du pass\u00e9 font qu\u2019aujourd\u2019hui, on n\u2019arrive plus \u00e0 se regarder ou \u00e0 se reparler.\u00a0\u00bb<br \/>\n\u00ab\u00a0On doute tous un peu de nos propres certitudes, notamment avec la succession d\u2019attentats.\u00a0\u00bb<br \/>\n\u00ab\u00a0Lorsqu\u2019on voit un ami pleurer parce qu\u2019il se sent stigmatis\u00e9, attaqu\u00e9 en raison de son appartenance pr\u00e9suppos\u00e9e politique ou religieuse, on se dit qu\u2019on sait pourquoi on se bat.\u00a0\u00bb<br \/>\n\u00ab\u00a0Savoir pour quoi on se bat et pour qui on se bat, cela doit \u00eatre le coeur de la reconstruction de la gauche.\u00a0\u00bb<div id='gallery-1' class='gallery galleryid-12550 gallery-columns-3 gallery-size-thumbnail'><figure class='gallery-item'>\n\t\t\t<div class='gallery-icon landscape'>\n\t\t\t\t<a href='https:\/\/archives.regards.fr\/wp-content\/uploads\/2020\/11\/capture_d_e_cran_2020-11-03_a_11-b31.02.04.png'><img loading=\"lazy\" decoding=\"async\" width=\"150\" height=\"150\" src=\"https:\/\/archives.regards.fr\/wp-content\/uploads\/2020\/11\/capture_d_e_cran_2020-11-03_a_11-b31.02.04-150x150.png\" class=\"attachment-thumbnail size-thumbnail\" alt=\"capture_d_e_cran_2020-11-03_a_11.02.04.png\" \/><\/a>\n\t\t\t<\/div><\/figure>\n\t\t<\/div>\n<\/p>\n","protected":false},"excerpt":{"rendered":"<p>Ce mardi 3 novembre, <em>Le Monde<\/em> publie une tribune qui appelle \u00e0 reconna\u00eetre les manquements du pass\u00e9 et \u00e0 se mobiliser autour de principes la\u00efques et r\u00e9publicains. Une tribune \u2013 r\u00e9ponse \u00e0 ceux qui accusent une partie de la gauche de laxisme, de complaisance avec l\u2019islam politique \u2013 sign\u00e9e par de nombreuses personnalit\u00e9s politiques, associatives, syndicales, intellectuelles de gauche et des \u00e9cologistes. Parmi eux, Ari\u00e9 Alimi, avocat et membre du bureau national de La LDH. Il est l\u2019invit\u00e9 de #LaMidinale.<\/p>\n","protected":false},"author":1204,"featured_media":29867,"comment_status":"open","ping_status":"open","sticky":false,"template":"","format":"standard","meta":{"_themeisle_gutenberg_block_has_review":false,"footnotes":""},"categories":[238],"tags":[293],"class_list":["post-12550","post","type-post","status-publish","format-standard","has-post-thumbnail","hentry","category-la-midinale","tag-entretien"],"_links":{"self":[{"href":"https:\/\/archives.regards.fr\/index.php?rest_route=\/wp\/v2\/posts\/12550","targetHints":{"allow":["GET"]}}],"collection":[{"href":"https:\/\/archives.regards.fr\/index.php?rest_route=\/wp\/v2\/posts"}],"about":[{"href":"https:\/\/archives.regards.fr\/index.php?rest_route=\/wp\/v2\/types\/post"}],"author":[{"embeddable":true,"href":"https:\/\/archives.regards.fr\/index.php?rest_route=\/wp\/v2\/users\/1204"}],"replies":[{"embeddable":true,"href":"https:\/\/archives.regards.fr\/index.php?rest_route=%2Fwp%2Fv2%2Fcomments&post=12550"}],"version-history":[{"count":0,"href":"https:\/\/archives.regards.fr\/index.php?rest_route=\/wp\/v2\/posts\/12550\/revisions"}],"wp:featuredmedia":[{"embeddable":true,"href":"https:\/\/archives.regards.fr\/index.php?rest_route=\/wp\/v2\/media\/29867"}],"wp:attachment":[{"href":"https:\/\/archives.regards.fr\/index.php?rest_route=%2Fwp%2Fv2%2Fmedia&parent=12550"}],"wp:term":[{"taxonomy":"category","embeddable":true,"href":"https:\/\/archives.regards.fr\/index.php?rest_route=%2Fwp%2Fv2%2Fcategories&post=12550"},{"taxonomy":"post_tag","embeddable":true,"href":"https:\/\/archives.regards.fr\/index.php?rest_route=%2Fwp%2Fv2%2Ftags&post=12550"}],"curies":[{"name":"wp","href":"https:\/\/api.w.org\/{rel}","templated":true}]}}