{"id":12546,"date":"2020-11-02T12:07:45","date_gmt":"2020-11-02T11:07:45","guid":{"rendered":"https:\/\/wp.muchomaas.com\/article-eric-fassin-nos-gouvernants-repondent-a-une-politique-de-la-terreur-par-une\/"},"modified":"2023-06-24T00:04:41","modified_gmt":"2023-06-23T22:04:41","slug":"article-eric-fassin-nos-gouvernants-repondent-a-une-politique-de-la-terreur-par-une","status":"publish","type":"post","link":"https:\/\/archives.regards.fr\/?p=12546","title":{"rendered":"Eric Fassin : \u00ab Nos gouvernants r\u00e9pondent \u00e0 une politique de la terreur par une politique de la peur \u00bb"},"content":{"rendered":"<p class=\"post_excerpt\">Le sociologue \u00c9ric Fassin, r\u00e9cemment menac\u00e9 de mort par un n\u00e9onazi,  vient de publier une tribune sur Mediapart dans laquelle il pose cette question : qui est complice de qui ? Il y d\u00e9nonce aussi la remise en cause des libert\u00e9s acad\u00e9miques. Il est l\u2019invit\u00e9 de #LaMidinale.<\/p>\n<h2>UNE MIDINALE \u00c0 VOIR&#8230;<\/h2>\n<p><iframe loading=\"lazy\" width=\"490\" height=\"276\" src=\"https:\/\/www.youtube.com\/embed\/0EX555-Zqdc\" frameborder=\"0\" allow=\"accelerometer; autoplay; clipboard-write; encrypted-media; gyroscope; picture-in-picture\" allowfullscreen><\/iframe><\/p>\n<p>&nbsp;<\/p>\n<p><h2>ET \u00c0 LIRE&#8230;<\/h2>\n<p><em>\u00a0<strong>Sur le climat politique, m\u00e9diatique, intellectuel\u00a0<\/em>\u00a0<\/strong><br \/>\n\u00ab\u00a0\u00c7a fait des ann\u00e9es que je m\u2019inqui\u00e8te.\u00a0\u00bb<br \/>\n\u00ab\u00a0La d\u00e9mocratie est pr\u00e9caire en soi. \u00c7a n\u2019est pas une nature d\u00e9mocratique de nos soci\u00e9t\u00e9s mais un combat constant pour faire exister la d\u00e9mocratie un peu plus.\u00a0\u00bb<br \/>\n\u00ab\u00a0Nous vivons un moment tr\u00e8s particulier, tr\u00e8s dangereux.\u00a0Je crois que chacun le sent bien, il y a quelque chose d\u2019oppressant dans le climat actuel : on l\u2019a vu avec la r\u00e9pression n\u00e9olib\u00e9rale contre des manifestants ; on l\u2019a vu avec la r\u00e9pression dans les banlieues depuis des ann\u00e9es ; on l\u2019a vu aussi avec la r\u00e9pression qui se joue aujourd\u2019hui contre le monde intellectuel. La convergence de ces diff\u00e9rents combats, contre les minorit\u00e9s, contre les militants et contre les intellectuels critiques, nous dit quelque chose de tr\u00e8s inqui\u00e9tant pour la d\u00e9mocratie qui est plus pr\u00e9caire que jamais en France. \u00bb<\/p>\n<p><em>\u00a0<strong>Sur les menaces de mort<\/em>\u00a0<\/strong><br \/>\n\u00ab\u00a0Si j\u2019ai choisi de parler des menaces de mort dont je fais l\u2019objet, c\u2019est parce qu\u2019il y a quelque chose de significatif. \u00c7a n\u2019est pas la premi\u00e8re fois que je suis l\u2019objet de ces menaces de mort, mais c\u2019est la premi\u00e8re fois que la personne signe de son nom. Ce n\u00e9onazi se sent autoris\u00e9 \u00e0 le faire et il n\u2019a pas peur.\u00a0\u00bb<br \/>\n\u00ab\u00a0L\u2019extr\u00eame droite se sent aux portes du pouvoir et elle sait bien qu\u2019elle ne risque rien.\u00a0On l\u2019a vu avec g\u00e9n\u00e9ration identitaire qui a pu gesticuler avec un sentiment d\u2019impunit\u00e9. \u00bb<br \/>\n\u00ab\u00a0Il y a une folie en ce moment et elle est bien politique. Quand les fascistes se mobilisent, ils savent ce qu\u2019ils font.\u00a0\u00bb<br \/>\n\u00ab\u00a0Le roman de Michel Houellebecq, Soumission, est un roman qui est une sorte de dystopie o\u00f9 l\u2019Islam prendrait le pouvoir, mais qui revient \u00e0 masquer la r\u00e9alit\u00e9 : c\u2019est que l\u2019extr\u00eame droite est aux portes du pouvoir. On veut nous faire croire dans un roman que le probl\u00e8me serait qu\u2019il y ait une majorit\u00e9 de musulmans qui seraient pr\u00eats \u00e0 faire \u00e9lire &#8211; par la faiblesse de complices qui seraient de fait des islamogauchistes &#8211; un candidat islamiste.\u00a0Tr\u00e8s clairement, \u00e7a n\u2019est pas le risque principal en France. \u00c7a peut l\u2019\u00eatre dans d\u2019autres pays mais pas en France. \u00bb<br \/>\n\u00ab\u00a0Dans Soumission de Houellebecq, c\u2019est un personnage d\u2019universitaire qui est au centre. La soumission, c\u2019est d\u2019abord selon l\u2019extr\u00eame droite et michel Houellebecq, la soumission des intellectuels.\u00a0\u00bb<\/p>\n<p><em>\u00a0<strong>Sur le d\u00e9bat public impossible<\/em>\u00a0<\/strong><br \/>\n\u00ab\u00a0Il n\u2019y a aucune sym\u00e9trie et la raison pour laquelle il n\u2019y a aucune sym\u00e9trie c\u2019est que les gens comme moi ne sont pas en train d\u2019attaquer nomm\u00e9ment tel ou tel en le mena\u00e7ant.\u00a0Nous critiquons des id\u00e9es qui nous semblent dangereuses. \u00bb<br \/>\n\u00ab\u00a0Il n\u2019y a pas d\u2019\u00e9quivalent de Marianne ou Le Point &#8211; qui s\u2019en prennent aux islmogauchistes &#8211; du c\u00f4t\u00e9 de ceux qui sont accus\u00e9s d\u2019islamogauchisme. On n\u2019a pas la m\u00eame force de frappe de haine qui est propag\u00e9e par ces magazines.\u00a0\u00bb<br \/>\n\u00ab\u00a0Jean-Michel Blanquer s\u2019en prend \u00e0 la gauche, \u00e0 Mediapart, \u00e0 la France Insoumise, aux syndicats comme Sud ou l\u2019Unef &#8211; pour avoir une porte parole voil\u00e9e.\u00a0\u00bb<br \/>\n\u00ab\u00a0Le pr\u00e9sident de la R\u00e9publique lui-m\u00eame parle, dans Le Monde, des intellectuels, des universitaires, qui mettraient en danger la communaut\u00e9 nationale.\u00a0\u00bb<br \/>\n\u00ab\u00a0La terreur, c\u2019est ce que veulent le terroristes et la terreur n\u2019est pas tr\u00e8s bonne conseill\u00e8re politiquement.\u00a0\u00bb<br \/>\n\u00ab\u00a0On r\u00e9pond \u00e0 une politique de la terreur, qui est celle des terroristes, par une politique de la peur, qui est celle de nos gouvernants.\u00a0\u00bb<br \/>\n\u00ab\u00a0Il est difficile de se faire entendre. C\u2019est une raison pour parler davantage.\u00a0\u00bb<br \/>\n\u00ab\u00a0On nous avait dit que la France universaliste ne connaissait pas la question raciale. De m\u00eame que la question du genre n\u2019existait pas en France, qu\u2019elle \u00e9tait \u00e9trang\u00e8re, am\u00e9ricaine. Ce qui me frappe, c\u2019est que dans un domaine comme dans l\u2019autre, \u00e7a a boug\u00e9 : sur les questions de genre &#8211; on en parle malgr\u00e9 toutes les mobilisations &#8211; et la question raciale &#8211; on en parle aussi avec les personnes concern\u00e9es.\u00a0\u00bb<br \/>\n\u00ab\u00a0Maintenant, quand les personnes concern\u00e9es parlent, on les accuse de s\u00e9paratisme.\u00a0\u00bb<\/p>\n<p><em>\u00a0<strong>Sur l\u2019appel \u00e0 l\u2019union nationale\u00a0<\/em>\u00a0<\/strong><br \/>\n\u00ab\u00a0L\u2019union nationale est un discours de guerre. Il est important de ne pas entrer dans cette rh\u00e9torique de la guerre.\u00a0Sinon \u00e7a encourage de tous ceux qui voudraient croire \u00e0 un conflit des civilisations. \u00bb<br \/>\n\u00ab\u00a0On a un ministre de l\u2019Int\u00e9rieur qui nous parle d\u2019ennemi de l\u2019int\u00e9rieur &#8211; des \u00e9trangers, d\u2019autres, Fran\u00e7ais.\u00a0\u00c7a ne veut pas dire qu\u2019on est en guerre. Il ne faut pas tout confondre. On ne va pas envoyer des chars contre les terroristes. On na va pas envoyer des chars contre\u00a0\u00a0les pays arabes qui voient des manifestations contre la France. On n\u2019est pas en guerre. On est en d\u00e9mocratie. Il est tr\u00e8s important qu\u2019il y ait des d\u00e9bats. La d\u00e9mocratie, \u00e7a n\u2019est pas le consensus, c\u2019est le dissensus. \u00bb<br \/>\n\u00ab\u00a0Nous ne sommes pas d\u2019accord sur la mani\u00e8re de g\u00e9rer l\u2019\u00e9conomie, la question sociale, la question raciale, la politique internationale et c\u2019est tr\u00e8s bien ainsi. C\u2019est \u00e7a la d\u00e9mocratie.\u00a0\u00bb<br \/>\n\u00ab\u00a0L\u2019union nationale c\u2019est une mani\u00e8re de dire : oublions la d\u00e9mocratie le temps de restaurer l\u2019ordre. \u00c7a, \u00e7a ne peut pas \u00eatre un programme de gauche.\u00a0\u00c7a peut \u00eatre un programme pour un n\u00e9olib\u00e9ralisme autoritaire qui utilise la conjoncture terroriste pour faire avancer son agenda. \u00bb<\/p>\n<p><em>\u00a0<strong>Sur les r\u00e9actions \u00e0 l\u2019international\u00a0<\/em>\u00a0<\/strong><br \/>\n\u00ab\u00a0La libert\u00e9 d\u2019expression n\u2019est pas sans limite en France.\u00a0Elle l\u2019est \u00e0 peu pr\u00e8s aux Etats-Unis mais en France on sait que l\u2019incitation \u00e0 la haine raciale est un motif l\u00e9gal de poursuites.\u00a0\u00bb<br \/>\n\u00ab\u00a0Il y a une certaine ironie \u00e0 prendre des le\u00e7ons de d\u00e9mocratie de la part d\u2019Erdogan qui pers\u00e9cute les minorit\u00e9s, les universitaires, les journalistes, les syndicalistes et les partis d\u2019opposition.\u00a0\u00bb<br \/>\n\u00ab\u00a0Se battre pour la la\u00efcit\u00e9 c\u2019est d\u2019abord refuser que la la\u00efcit\u00e9 devienne le pr\u00e9texte pour un recul de la d\u00e9mocratie.\u00a0\u00bb<\/p>\n<p><em>\u00a0<strong>Sur la libert\u00e9 acad\u00e9mique des professeurs<\/em>\u00a0<\/strong><br \/>\n\u00ab\u00a0Je crains pour ma libert\u00e9 acad\u00e9mique &#8211; et pas seulement pour la mienne.\u00a0\u00bb<br \/>\n\u00ab\u00a0Tous mes coll\u00e8gues \u00e0 l\u2019\u00e9tranger sont stup\u00e9faits de constater que la France qui a une longue tradition critique est aujourd\u2019hui un pays o\u00f9 il y a des menaces aussi claires contre les libert\u00e9s acad\u00e9miques.\u00a0\u00bb<br \/>\n\u00ab\u00a0Il y a un renoncement \u00e0 une certaine conception du travail intellectuel et universitaire fond\u00e9 sur la libert\u00e9.\u00a0\u00bb<br \/>\n\u00ab\u00a0Si, aujourd\u2019hui, on nous dit qu\u2019il faut respecter les valeurs de la la\u00efcit\u00e9, est-ce que l\u2019on parle de la la\u00efcit\u00e9 de 1905 ou de ladite\u00a0nouvelle la\u00efcit\u00e9\u00a0qui est plus pour moi une anti-la\u00efcit\u00e9 puisqu\u2019elle est contraire \u00e0 la libert\u00e9 religieuse ?\u00a0\u00bb<br \/>\n\u00ab\u00a0On sait tr\u00e8s bien, aujourd\u2019hui en France, que lorsque l\u2019on parle de la\u00efcit\u00e9, on pense aux uns, mais surtout aux unes, c\u2019est-\u00e0-dire aux femmes musulmanes, et pas aux autres.\u00a0\u00bb<br \/>\n\u00ab\u00a0Lorsque des gens comme moi d\u00e9noncent l\u2019islamophobie, est-ce qu\u2019on va nous dire que nous n\u2019avons pas le droit ?\u00a0Lorsque des gens comme moi d\u00e9noncent le racisme d\u2019Etat \u00e0 propos des population rom, c\u2019est-\u00e0-dire une politique qui visent sp\u00e9cifiquement une cat\u00e9gorie ethnique ou raciale et revendiqu\u00e9e par le Premier ministre de l\u2019\u00e9poque Manuel Valls apr\u00e8s avoir \u00e9t\u00e9 revendiqu\u00e9e par le Pr\u00e9sident de la R\u00e9publique Nicolas Sarkozy en 2010, est-ce qu\u2019on doit se dire que je n\u2019ai pas le droit d\u2019utiliser ce terme ?\u00a0\u00bb<br \/>\n\u00a0<br \/>\n<em>\u00a0<strong>Sur la rentr\u00e9e scolaire<\/em>\u00a0<\/strong><br \/>\n\u00ab\u00a0Cette rentr\u00e9e scolaire est importante car elle est plac\u00e9e sous le signe de la question terroriste avec l\u2019assassinat de Samuel Paty et dans le contexte de la pand\u00e9mie, c\u2019est-\u00e0-dire continuer d\u2019enseigner en plein confinement pour que la machine \u00e9conomique continue de fonctionner.\u00a0\u00bb<br \/>\n\u00ab\u00a0Il y a quelques ann\u00e9es, on citait souvent la lettre de Jules Ferry aux enseignants sur le fait qu\u2019il ne fallait pas que ce que l\u2019on enseigne puisse choquer le moindre p\u00e8re de famille.\u00a0\u00bb<br \/>\n\u00ab\u00a0Le fait que la lettre de Jean Jaur\u00e8s aux enseignants soit expurg\u00e9e n\u2019est pas tr\u00e8s \u00e9tonnant : on voit bien ce que veut dire la r\u00e9pression contre l\u2019esprit critique.\u00a0\u00bb<br \/>\n\u00ab\u00a0Il est tr\u00e8s important que l\u2019on puisse parler des caricatures, c\u2019est un exemple important de la libert\u00e9 d\u2019expression qui peut mener \u00e0 des d\u00e9bats (il y a bien eu un proc\u00e8s contre ces caricatures).\u00a0Mais en parler, c\u2019est une chose, les montrer, c\u2019en est une autre.\u00a0\u00bb<br \/>\n\u00ab\u00a0Le travail de l\u2019enseignant en primaire, au coll\u00e8ge, au lyc\u00e9e ou \u00e0 l\u2019universit\u00e9, \u00e7a n\u2019est pas de proposer le choc des photos mais d\u2019utiliser le poids des mots : nous devons penser et non pas choquer.\u00a0\u00bb<br \/>\n\u00ab\u00a0Si je veux d\u00e9fendre la libert\u00e9 en France de la pornographie, je ne vais pas pour autant forc\u00e9ment montrer des images pornographiques \u00e0 mes \u00e9tudiantes et mes \u00e9tudiants.\u00a0\u00bb<br \/>\n\u00ab\u00a0Il vaut mieux raisonner que montrer car, en montrant, on risque d\u2019aveugler.\u00a0\u00bb<br \/>\n\u00ab\u00a0Il est important de d\u00e9fendre la raison contre les \u00e9motions quand ces derni\u00e8res balaient tout sur leur passage : \u00e7a ne veut pas dire qu\u2019il ne faut pas montrer la moindre caricature mais qu\u2019il faut bien r\u00e9fl\u00e9chir aux effets de ce que l\u2019on fait.\u00a0\u00bb<\/p>\n<p><em>\u00a0<strong>Sur les Etats-Unis\u00a0<\/em>\u00a0<\/strong><br \/>\n\u00ab\u00a0La d\u00e9rive depuis ce que le n\u00e9oconservatisme au d\u00e9but des ann\u00e9es 1990 appelait le politiquement correct et qui a \u00e9t\u00e9 import\u00e9 en France, jusqu\u2019au trumpisme est tr\u00e8s troublante : on pourra dire que Macron, ce n\u2019est ni Bolsonaro, ni Erdogan, ni Trump car les institutions nous prot\u00e8ge un peu plus qu\u2019en Turquie ou au Br\u00e9sil mais peut-\u00eatre moins qu\u2019aux Etats-Unis\u2026\u00a0\u00bb<br \/>\n\u00a0\u00ab\u00a0On voit aux Etats-Unis que des institutions tr\u00e8s fortes comme la Cour Supr\u00eame ou la Constitution ne suffisent pas \u00e0 prot\u00e9ger du fascisme.\u00a0\u00bb<br \/>\n\u00ab\u00a0Ce qui est frappant, c\u2019est que tout le monde aux Etats-Unis parle du risque fort que cette \u00e9lection soit vol\u00e9e.\u00a0\u00bb<br \/>\n\u00ab\u00a0Les soci\u00e9t\u00e9s d\u00e9mocratiques les plus solidement install\u00e9es ne sont pas \u00e0 l\u2019abri.\u00a0\u00bb<\/p>\n<p><em>\u00a0<strong>Sur les raisons d\u2019esp\u00e9rer<\/em>\u00a0<\/strong><br \/>\n\u00ab\u00a0La haine que suscite nos id\u00e9es est le signe qu\u2019elles d\u00e9rangent. Il faut donc continuer. Ce sera peut-\u00eatre couteux, nous le savons collectivement, mais nous n\u2019avons pas le choix et se battre est d\u00e9j\u00e0 en soi un moyen de se sentir un peu mieux&#8230; et il se pourrait d\u2019ailleurs que ce soit efficace car notre inqui\u00e9tude ne doit pas nous faire oublier celle de nos adversaires.\u00a0\u00bb<br \/>\n\u00ab\u00a0Les raisons d\u2019esp\u00e9rer, c\u2019est justement ce d\u00e9cha\u00eenement de haine. Ca bouge et il y a des gens qui ont peur, c\u2019est dangereux mais c\u2019est bon signe !\u00a0\u00bb<div id='gallery-1' class='gallery galleryid-12546 gallery-columns-3 gallery-size-thumbnail'><figure class='gallery-item'>\n\t\t\t<div class='gallery-icon landscape'>\n\t\t\t\t<a href='https:\/\/archives.regards.fr\/wp-content\/uploads\/2020\/11\/capture_d_e_cran_2020-11-02_a_11-699.55.33.png'><img loading=\"lazy\" decoding=\"async\" width=\"150\" height=\"150\" src=\"https:\/\/archives.regards.fr\/wp-content\/uploads\/2020\/11\/capture_d_e_cran_2020-11-02_a_11-699.55.33-150x150.png\" class=\"attachment-thumbnail size-thumbnail\" alt=\"capture_d_e_cran_2020-11-02_a_11.55.33.png\" \/><\/a>\n\t\t\t<\/div><\/figure>\n\t\t<\/div>\n<\/p>\n","protected":false},"excerpt":{"rendered":"<p>Le sociologue \u00c9ric Fassin, r\u00e9cemment menac\u00e9 de mort par un n\u00e9onazi,  vient de publier une tribune sur Mediapart dans laquelle il pose cette question : qui est complice de qui ? Il y d\u00e9nonce aussi la remise en cause des libert\u00e9s acad\u00e9miques. Il est l\u2019invit\u00e9 de #LaMidinale.<\/p>\n","protected":false},"author":1204,"featured_media":29861,"comment_status":"open","ping_status":"open","sticky":false,"template":"","format":"standard","meta":{"_themeisle_gutenberg_block_has_review":false,"footnotes":""},"categories":[238],"tags":[293],"class_list":["post-12546","post","type-post","status-publish","format-standard","has-post-thumbnail","hentry","category-la-midinale","tag-entretien"],"_links":{"self":[{"href":"https:\/\/archives.regards.fr\/index.php?rest_route=\/wp\/v2\/posts\/12546","targetHints":{"allow":["GET"]}}],"collection":[{"href":"https:\/\/archives.regards.fr\/index.php?rest_route=\/wp\/v2\/posts"}],"about":[{"href":"https:\/\/archives.regards.fr\/index.php?rest_route=\/wp\/v2\/types\/post"}],"author":[{"embeddable":true,"href":"https:\/\/archives.regards.fr\/index.php?rest_route=\/wp\/v2\/users\/1204"}],"replies":[{"embeddable":true,"href":"https:\/\/archives.regards.fr\/index.php?rest_route=%2Fwp%2Fv2%2Fcomments&post=12546"}],"version-history":[{"count":0,"href":"https:\/\/archives.regards.fr\/index.php?rest_route=\/wp\/v2\/posts\/12546\/revisions"}],"wp:featuredmedia":[{"embeddable":true,"href":"https:\/\/archives.regards.fr\/index.php?rest_route=\/wp\/v2\/media\/29861"}],"wp:attachment":[{"href":"https:\/\/archives.regards.fr\/index.php?rest_route=%2Fwp%2Fv2%2Fmedia&parent=12546"}],"wp:term":[{"taxonomy":"category","embeddable":true,"href":"https:\/\/archives.regards.fr\/index.php?rest_route=%2Fwp%2Fv2%2Fcategories&post=12546"},{"taxonomy":"post_tag","embeddable":true,"href":"https:\/\/archives.regards.fr\/index.php?rest_route=%2Fwp%2Fv2%2Ftags&post=12546"}],"curies":[{"name":"wp","href":"https:\/\/api.w.org\/{rel}","templated":true}]}}