{"id":12536,"date":"2020-10-29T12:56:54","date_gmt":"2020-10-29T11:56:54","guid":{"rendered":"https:\/\/wp.muchomaas.com\/article-le-mot-de-chaos-c-est-le-cri-de-detresse-des-occidentaux-qui-voient-leurs\/"},"modified":"2023-06-24T00:04:19","modified_gmt":"2023-06-23T22:04:19","slug":"article-le-mot-de-chaos-c-est-le-cri-de-detresse-des-occidentaux-qui-voient-leurs","status":"publish","type":"post","link":"https:\/\/archives.regards.fr\/?p=12536","title":{"rendered":"\u00ab Le mot de chaos, c\u2019est le cri de d\u00e9tresse des Occidentaux qui voient leurs sch\u00e9mas s\u2019effondrer \u00bb"},"content":{"rendered":"<p class=\"post_excerpt\">Ils viennent de diriger la publication de leur <em>\u00c9tat du monde 2021 : le Moyen-Orient et le monde<\/em> aux \u00e9ditions La D\u00e9couverte. Le journaliste et historien Dominique Vidal et le professeur sp\u00e9cialiste des relations internationales Bertrand Badie sont les invit\u00e9s de #LaMidinale.<\/p>\n<h2>UNE MIDINALE \u00c0 VOIR&#8230;<\/h2>\n<p><iframe loading=\"lazy\" width=\"490\" height=\"276\" src=\"https:\/\/www.youtube.com\/embed\/uSgolMuTkrE\" frameborder=\"0\" allow=\"accelerometer; autoplay; clipboard-write; encrypted-media; gyroscope; picture-in-picture\" allowfullscreen><\/iframe><\/p>\n<p>&nbsp;<\/p>\n<p><h2>ET \u00c0 LIRE&#8230;<\/h2>\n<p><em>\u00a0<strong>Sur le Covid-19<\/em>\u00a0<\/strong><br \/>\n<em>Bertrand Badie<\/em><br \/>\n\u00ab\u00a0Le grand \u00e9tonnement qu\u2019on peut avoir face \u00e0 la crise du coronavirus, c\u2019est qu\u2019elle frappe fort d\u2019abord les puissances classiques de ce monde (\u2026). On a tent\u00e9 d\u2019expliquer la chose de diff\u00e9rentes fa\u00e7ons, par la centralit\u00e9 du positionnement dans la mondialisation, par la structure d\u00e9mographique de ces pays, par l\u2019urbanisation\u2026\u00a0mais je retiens surtout de cette crise coronavirale qu\u2019elle a sensiblement modifi\u00e9 l\u2019\u00e9chelle des vuln\u00e9rabilit\u00e9s : plus que jamais la puissance appara\u00eet comme impuissante.\u00a0\u00bb<br \/>\n\u00ab\u00a0La crise du Covid-19 a r\u00e9v\u00e9l\u00e9 \u00e0 l\u2019ensemble de l\u2019humanit\u00e9 que les menaces les plus importantes, les plus graves et les plus l\u00e9tales, n\u2019\u00e9taient plus de nature g\u00e9opolitique ou g\u00e9ostrat\u00e9gique mais de nature globale.\u00a0\u00bb<br \/>\n\u00ab\u00a0Cela fait de tr\u00e8s longues ann\u00e9es que l\u2019ins\u00e9curit\u00e9 alimentaire qui est typique d\u2019une menace tue \u00e0 peu pr\u00e8s 9 millions d\u2019humains chaque ann\u00e9e\u2026\u00a0\u00bb<br \/>\n\u00ab\u00a0Nous ne savons pas passer d\u2019une culture de la s\u00e9curit\u00e9 nationale \u00e0 une culture de la s\u00e9curit\u00e9 globale alors que c\u2019est ce qu\u2019il faudrait faire.\u00a0\u00bb<br \/>\n\u00ab\u00a0Face au p\u00e9ril global qu\u2019est le Covid-19, la r\u00e9action aurait du \u00eatre celui d\u2019un effort de gouvernance globale. Mais tous les pays du monde, y compris le notre, ont nationalis\u00e9 la menace globale, ce qui est absurde.\u00a0\u00bb<br \/>\n\u00ab\u00a0Il y a donc eu tout un tas de guerres classiques autour de cette menace globale : la guerre des masques, la guerre des tests, la guerre des vaccins, la guerre des statistiques\u2026\u00a0\u00bb<br \/>\n\u00ab\u00a0Il faut apprendre \u00e0 voir la menace ind\u00e9pendamment de l\u2019ennemi : il peut y avoir une menace sans ennemi, tout comme il peut y avoir une menace sans strat\u00e8ge. Cela peut simplement \u00eatre un syst\u00e8me. Et pour lutter contre cela, une seule solution : promouvoir une gouvernance globale.\u00a0\u00bb<br \/>\n\u00ab\u00a0Ce n\u2019\u00e9tait jamais arriv\u00e9 depuis Adam et Eve : tous les \u00eatres humains ressentent intimement la m\u00eame peur.\u00a0\u00bb<br \/>\n\u00ab\u00a0L\u2019ent\u00eatement strat\u00e9gique nationaliste et clausewitzien est tel que nous n\u2019arrivons pas \u00e0 voir le d\u00e9bouch\u00e9 global.\u00a0\u00bb<br \/>\n\u00ab\u00a0Aujourd\u2019hui, le social court plus vite que le politique : les interactions sociales font l\u2019agenda international beaucoup plus que les choix intergouvernementaux qui sont t\u00e9tanis\u00e9s.\u00a0\u00bb<\/p>\n<p><em>Dominique Vidal<\/em><br \/>\n\u00ab\u00a0La Covid a malheureusement rattrap\u00e9 les pays du Moyen-Orient dans la derni\u00e8re p\u00e9riode alors qu\u2019il \u00e9tait peu touch\u00e9 jusque l\u00e0 mais avec des diff\u00e9rences \u00e9normes : l\u2019Iran a \u00e9t\u00e9 terriblement frapp\u00e9, Isra\u00ebl et les territoires palestiniens qui ne l\u2019\u00e9taient pas, le sont maintenant fortement et m\u00eame la Turquie qui semblait \u00e0 l\u2019\u00e9cart est en proie au virus.\u00a0\u00bb<br \/>\n\u00ab\u00a0Je ne suis pas s\u00fbr de la validit\u00e9 des statistiques, notamment dans les pays du Golfe : pour leurs immigr\u00e9s esclaves, je pense qu\u2019on ne regarde pas de pr\u00e8s comment ils sont touch\u00e9s par la Covid.\u00a0\u00bb<br \/>\n\u00ab\u00a0Il ne faut pas se tromper d\u2019accus\u00e9 et pointer du doigt l\u2019Organisation mondiale de la Sant\u00e9 et l\u2019Organisation des Nations Unies alors que ce qui paralysent ces institutions, ce sont les grandes puissances et leur droit de v\u00e9to.\u00a0\u00bb<br \/>\n\u00ab\u00a0En Asie, plusieurs grands pays comme la Cor\u00e9e du Sud, ont men\u00e9 une politique sanitaire qui leur a permis de refouler et de vaincre la Covid : en testant massivement, en confinant les malades et en prot\u00e9geant avec des masques tous ceux qui \u00e9taient sains.\u00a0\u00bb<\/p>\n<p><strong>\u00a0<em>Sur le Moyen-Orient comme espace de conflits<\/em>\u00a0<\/strong><br \/>\n<em>Dominique Vidal<\/em><br \/>\n\u00ab\u00a0Dans notre \u201c\u00e9tat du monde 2021\u201d, nous ne traitons pas le Moyen-Orient comme une r\u00e9gion mais dans ses rapports avec le monde.\u00a0\u00bb<br \/>\n\u00ab\u00a0Il y a une op\u00e9ration de vases communicants : le retrait am\u00e9ricain apr\u00e8s la faillite des guerres d\u2019Afghanistan et d\u2019Irak que Donald Trump poursuit apr\u00e8s Barack Obama, a eu pour cons\u00e9quences, dans la mesure o\u00f9 la nature comme le Moyen-Orient ont horreur du vide, le fait que d\u2019autres acteurs s\u2019y sont affirm\u00e9s, \u00e0 commencer par les grandes puissances r\u00e9gionales, comme Isra\u00ebl, la Turquie, l\u2019Iran ou l\u2019Arabie Saoudite, soucieuses de conqu\u00e9rir ou consolider une h\u00e9g\u00e9monie relative dans la r\u00e9gion\u00a0\u00bb<br \/>\n\u00ab\u00a0Pour les dirigeants des pays du Moyen-Orient, il y a aussi le souci de contenir la contestation populaire qui est devenue, avec les R\u00e9volutions arabes, l\u2019un des acteurs essentiels dans la r\u00e9gion.\u00a0\u00bb<br \/>\n\u00ab\u00a0La remise en cause du syst\u00e8me confessionnel libanais est devenue une remise en cause de masse : il est tr\u00e8s dommage qu\u2019Emmanuel Macron ait pr\u00e9f\u00e9r\u00e9 de continuer \u00e0 dialoguer avec les anciennes \u00e9lites corrompues plut\u00f4t que d\u2019essayer de comprendre ce que veulent les forces nouvelles. \u00bb<\/p>\n<p><em>Bertrand Badie<\/em>\u00a0<br \/>\n\u00ab\u00a0Le Moyen-Orient est la seule partie non-occidentale du monde qui touche directement l\u2019Occident.\u00a0\u00bb<br \/>\n\u00ab\u00a0Le Moyen-Orient est un noeud culturel et historique avec la concurrence des religions abrahamique et la richesse qui lui est propre.\u00a0\u00bb<br \/>\n\u00ab\u00a0Depuis la longue agonie de l\u2019Empire ottoman, le Moyen-Orient s\u2019est toujours plac\u00e9 au centre non seulement des relations internationales mais des politiques \u00e9trang\u00e8res \u00e9mises par les puissances europ\u00e9ennes.\u00a0\u00bb<br \/>\n\u00ab\u00a0Le Moyen-Orient, jusqu\u2019\u00e0 la guerre de 1973 du Kippour (ou du Ramadan), \u00e9tait caract\u00e9ris\u00e9 essentiellement par l\u2019effet des guerres inter-\u00e9tatiques : 1956, 1967 et 1973. Depuis, ce sont des guerres intra-\u00e9tatiques. Ce n\u2019est plus une concurrence entre Etats qui motivent les guerres, ni des sympt\u00f4mes de comp\u00e9tition de puissances, mais des sympt\u00f4mes de faiblesse et de d\u00e9composition des soci\u00e9t\u00e9s orientales.\u00a0\u00bb<br \/>\n\u00ab\u00a0Aujourd\u2019hui, les Etats-Unis n\u2019ont qu\u2019une id\u00e9e : s\u2019en aller de tous les conflits moyen-orientaux parce qu\u2019ils savent bien que leur leadership militaire ne fonctionne plus et que, s\u2019ils s\u2019ent\u00eatent, ils peuvent le payer tr\u00e8s cher.\u00a0\u00bb<br \/>\n\u00ab\u00a0L\u2019ordre conflictuel est li\u00e9 \u00e0 l\u2019\u00e9volution des soci\u00e9t\u00e9s.\u00a0\u00bb<br \/>\n\u00ab\u00a0Il y a une internationalisation des conflits \u00e0 l\u2019envers : les puissances doivent de plus en plus accepter la contrainte d\u2019un jeu conflictuel quand autrefois, ils les manipulaient \u00e0 leur guise et en faisait l\u2019instrument de leur h\u00e9g\u00e9monie.\u00a0\u00bb<br \/>\n\u00ab\u00a0Le mot de chaos, c\u2019est le cri de d\u00e9tresse des Occidentaux qui voient leurs sch\u00e9mas s\u2019effondrer.\u00a0\u00bb<br \/>\n\u00ab\u00a0Il y a un s\u00e9paratisme entre la vision que l\u2019on a des relations internationales qui d\u00e9bouchent sur les politiques \u00e9trang\u00e8res ou militaires que l\u2019on produit, et la r\u00e9alit\u00e9 sociale et humaine dont tout le monde se moque, y compris les gouvernements locaux.\u00a0\u00bb<\/p>\n<p><em>Dominique Vidal<\/em>\u00a0<br \/>\n\u00ab\u00a0Le retrait am\u00e9ricain du Moyen-Orient n\u2019est pas seulement militaire, c\u2019est aussi une modification du rapport des Etats-Unis avec leurs alli\u00e9s les plus proches.\u00a0\u00bb<br \/>\n\u00ab\u00a0Entre les Etats-Unis et Isra\u00ebl, il y a comme une dialectique du ma\u00eetre et de l\u2019esclave \u00e0 la Hegel. Le ma\u00eetre est le ma\u00eetre mais il a tellement besoin de l\u2019esclave qu\u2019au bout d\u2019un moment, c\u2019est ce dernier qui devient le ma\u00eetre.\u00a0Aujourd\u2019hui, c\u2019est Isra\u00ebl qui donne le la dans sa relation avec les Etats-Unis : la reconnaissance de J\u00e9rusalem comme capitale, l\u2019acceptation de l\u2019annexion du Golan et l\u2019annexion possible de la moiti\u00e9 de la Cisjordanie. \u00bb<br \/>\n\u00ab\u00a0On a l\u2019impression que Jean-Yves Le Drian n\u2019est pas vraiment ministre des Affaires \u00e9trang\u00e8res mais qu\u2019il est rest\u00e9 le VRP des ventes d\u2019armes fran\u00e7aises (n\u2019oublions pas qu\u2019il a r\u00e9ussi \u00e0 en tripler le montant ces derni\u00e8res ann\u00e9es !).\u00a0\u00bb<\/p>\n<p><em>\u00a0<strong>Sur les relations entre les musulmans fran\u00e7ais et le Moyen-Orient<\/em>\u00a0<\/strong><br \/>\n<em>Bertrand Badie<\/em><br \/>\n\u00ab\u00a0Il y a une concurrence ouverte pour le leadership, non plus tant du monde arabe, car la question ne se pose plus tellement, mais du monde musulman. Avec deux pr\u00e9tendants que sont les puissances r\u00e9gionales comme l\u2019Iran et la Turquie (ni l\u2019une ni l\u2019autre n\u2019\u00e9tant arabe).\u00a0\u00bb<br \/>\n\u00ab\u00a0Erdogan occupe un place des plus enviables dans cette course au leadership musulman dans la mesure o\u00f9 l\u2019Iran n\u2019arrive pas \u00e0 aligner une personnalit\u00e9 de la m\u00eame stature.\u00a0\u00bb<br \/>\n\u00ab\u00a0Depuis un certain temps, on appelle Erdogan le nouveau sultan mais aujourd\u2019hui, il ne pr\u00e9tend plus tant au sultanat qu\u2019au califat.\u00a0\u00bb<br \/>\n\u00ab\u00a0Erdogan se pr\u00e9sente de plus en plus comme le d\u00e9fenseur des 1,3 milliards de musulmans\u2026 Et c\u2019est assez prometteur pour lui : cela lui permettra de consolider un \u00e9lectorat, chez lui, qui commen\u00e7ait \u00e0 lui filer entre les doigts, et il pourra gagner des sympathies hors de la Turquie.\u00a0\u00bb<br \/>\n\u00ab\u00a0Cette strat\u00e9gie d\u2019Erdogan surfe sur une aubaine : il faut comprendre que ceux qui ne sont pas comme nous, ont aussi une sensibilit\u00e9 qui peut les amener \u00e0 \u00eatre choqu\u00e9s. Quand on voit une caricature du Proph\u00e8te o\u00f9 il montre son post\u00e9rieur et ses testicules et qu\u2019on \u00e9crit derri\u00e8re qu\u2019une nouvelle \u00e9toile est n\u00e9e, cela choque des croyants qui ne sont pas des fanatiques ou des assassins potentiels et qui entendent, dans le discours tr\u00e8s d\u00e9magogique, tr\u00e8s populiste, tr\u00e8s provocateur et injurieux d\u2019Erdogan, l\u2019\u00e9cho de leur \u00e9motion. Cela alimente sa strat\u00e9gie. On ne comprend pas suffisamment cela parce qu\u2019on pense \u00eatre dans une culture sup\u00e9rieure aux autres\u2026 C\u2019est la vieille id\u00e9e de Jules Ferry et des races sup\u00e9rieures : nous aurions invent\u00e9 la la\u00efcit\u00e9 qui est au-dessus de toute autre culture.\u00a0\u00bb<br \/>\n\u00ab\u00a0M\u00eame s\u2019ils se trompent, ils peuvent sinc\u00e8rement se tromper\u2026 Et dans l\u2019interstice social ainsi cr\u00e9\u00e9, s\u2019inventent des intersocialit\u00e9s qui courent plus vite que le politique !\u00a0\u00bb<br \/>\n\u00ab\u00a0Il faut apprendre \u00e0 faire de la diplomatie moderne qui int\u00e8gre ce param\u00e8tre : il n\u2019y a pas que le diplomate et le soldat qui font les relations internationales mais aussi, dans un monde de communication o\u00f9 une caricature publi\u00e9e \u00e0 Paris est le soir m\u00eame vue et connue de tous dans le monde, des intersocialit\u00e9s.\u00a0\u00bb<\/p>\n<p><em>Dominique Vidal<\/em><br \/>\n\u00ab\u00a0Le probl\u00e8me, ce n\u2019est pas tant les caricatures que l\u2019on peut consid\u00e9rer de mauvais go\u00fbt \u00e0 titre personnel, mais le fait que le Pr\u00e9sident de la R\u00e9publique se sente oblig\u00e9, dans une c\u00e9r\u00e9monie officielle d\u2019hommage \u00e0 Samuel Paty de reprendre le mot de caricature : cela va co\u00fbter tr\u00e8s cher \u00e0 l\u2019image de la France.\u00a0\u00bb<br \/>\n\u00ab\u00a0La France est mal plac\u00e9e pour d\u00e9noncer les manipulations d\u2019Erdogan : quand G\u00e9rald Darmanin, au lieu d\u2019expliquer pourquoi les services secrets fran\u00e7ais n\u2019ont pas agi contre ce Tch\u00e9tch\u00e8ne qui avait expos\u00e9 tout ce qu\u2019il voulait faire sur les r\u00e9seaux sociaux, quand Jean-Michel Blanquer, au lieu de nous expliquer pourquoi il a laiss\u00e9 les enseignants compl\u00e8tement seuls dans la d\u00e9fense de la libert\u00e9 d\u2019expression et en m\u00eame temps dans la lutte contre le racisme et toute forme d\u2019islamophobie, nous font des grands discours sur l\u2019islam, l\u2019islamisme, le terrorisme, cela me fait penser \u00e0 ce qu\u2019a dit Eric Dupont-Moretti : \u201cl\u2019exploitation \u00e0 des fins politiciennes d\u2019un drame comme celui-l\u00e0 me d\u00e9go\u00fbte\u201d\u2026\u00a0\u00bb<br \/>\n\u00ab\u00a0L\u2019extr\u00eame droite exploite comme une charognarde le cadavre de Samuel Paty pour avancer sa strat\u00e9gie de prise de pouvoir.\u00a0\u00bb<br \/>\n\u00ab\u00a0Aujourd\u2019hui en France, \u00e7a pue. Ca pue l\u2019extr\u00eame droite, \u00e7a pue l\u2019exploitation, \u00e7a pue la charogne, \u00e7a pue des gens dont on sait ce que leurs a\u00efeux ont fait. Et dans ma famille, on sait tr\u00e8s bien ce qu\u2019ils ont fait.\u00a0\u00bb<div id='gallery-1' class='gallery galleryid-12536 gallery-columns-3 gallery-size-thumbnail'><figure class='gallery-item'>\n\t\t\t<div class='gallery-icon landscape'>\n\t\t\t\t<a href='https:\/\/archives.regards.fr\/wp-content\/uploads\/2020\/10\/capture_d_e_cran_2020-10-29_a_12-81b.41.02.png'><img loading=\"lazy\" decoding=\"async\" width=\"150\" height=\"150\" src=\"https:\/\/archives.regards.fr\/wp-content\/uploads\/2020\/10\/capture_d_e_cran_2020-10-29_a_12-81b.41.02-150x150.png\" class=\"attachment-thumbnail size-thumbnail\" alt=\"capture_d_e_cran_2020-10-29_a_12.41.02.png\" \/><\/a>\n\t\t\t<\/div><\/figure>\n\t\t<\/div>\n<\/p>\n","protected":false},"excerpt":{"rendered":"<p>Ils viennent de diriger la publication de leur <em>\u00c9tat du monde 2021 : le Moyen-Orient et le monde<\/em> aux \u00e9ditions La D\u00e9couverte. Le journaliste et historien Dominique Vidal et le professeur sp\u00e9cialiste des relations internationales Bertrand Badie sont les invit\u00e9s de #LaMidinale.<\/p>\n","protected":false},"author":1204,"featured_media":29841,"comment_status":"open","ping_status":"open","sticky":false,"template":"","format":"standard","meta":{"_themeisle_gutenberg_block_has_review":false,"footnotes":""},"categories":[238],"tags":[],"class_list":["post-12536","post","type-post","status-publish","format-standard","has-post-thumbnail","hentry","category-la-midinale"],"_links":{"self":[{"href":"https:\/\/archives.regards.fr\/index.php?rest_route=\/wp\/v2\/posts\/12536","targetHints":{"allow":["GET"]}}],"collection":[{"href":"https:\/\/archives.regards.fr\/index.php?rest_route=\/wp\/v2\/posts"}],"about":[{"href":"https:\/\/archives.regards.fr\/index.php?rest_route=\/wp\/v2\/types\/post"}],"author":[{"embeddable":true,"href":"https:\/\/archives.regards.fr\/index.php?rest_route=\/wp\/v2\/users\/1204"}],"replies":[{"embeddable":true,"href":"https:\/\/archives.regards.fr\/index.php?rest_route=%2Fwp%2Fv2%2Fcomments&post=12536"}],"version-history":[{"count":0,"href":"https:\/\/archives.regards.fr\/index.php?rest_route=\/wp\/v2\/posts\/12536\/revisions"}],"wp:featuredmedia":[{"embeddable":true,"href":"https:\/\/archives.regards.fr\/index.php?rest_route=\/wp\/v2\/media\/29841"}],"wp:attachment":[{"href":"https:\/\/archives.regards.fr\/index.php?rest_route=%2Fwp%2Fv2%2Fmedia&parent=12536"}],"wp:term":[{"taxonomy":"category","embeddable":true,"href":"https:\/\/archives.regards.fr\/index.php?rest_route=%2Fwp%2Fv2%2Fcategories&post=12536"},{"taxonomy":"post_tag","embeddable":true,"href":"https:\/\/archives.regards.fr\/index.php?rest_route=%2Fwp%2Fv2%2Ftags&post=12536"}],"curies":[{"name":"wp","href":"https:\/\/api.w.org\/{rel}","templated":true}]}}