{"id":12531,"date":"2020-10-27T15:52:38","date_gmt":"2020-10-27T14:52:38","guid":{"rendered":"https:\/\/wp.muchomaas.com\/article-clement-pairot-trump-cristallise-l-opposition-si-les-democrates-doivent-se\/"},"modified":"2023-06-24T00:04:16","modified_gmt":"2023-06-23T22:04:16","slug":"article-clement-pairot-trump-cristallise-l-opposition-si-les-democrates-doivent-se","status":"publish","type":"post","link":"https:\/\/archives.regards.fr\/?p=12531","title":{"rendered":"Cl\u00e9ment Pairot : \u00ab Trump cristallise l\u2019opposition : si les D\u00e9mocrates doivent se chamailler, ce sera apr\u00e8s l&#8217;\u00e9lection \u00bb"},"content":{"rendered":"<p class=\"post_excerpt\">Quelle pr\u00e9sidence pour Joe Biden s&#8217;il est \u00e9lu ? Quelle Am\u00e9rique Donald Trump laissera-t-il derri\u00e8re lui s&#8217;il perd ? Et s&#8217;il gagnait \u00e0 nouveau ? \u00c0 une semaine de l&#8217;\u00e9lection pr\u00e9sidentielle aux \u00c9tats-Unis, Cl\u00e9ment Pairot, auteur de <em>Democrazies : un Frenchie dans la campagne de Bernie Sanders<\/em>, est l&#8217;invit\u00e9 de la Midinale.<\/p>\n<h2>UNE MIDINALE \u00c0 VOIR&#8230;<\/h2>\n<p><iframe loading=\"lazy\" width=\"490\" height=\"276\" src=\"https:\/\/www.youtube.com\/embed\/vvf3pXJ6X6A\" frameborder=\"0\" allow=\"accelerometer; autoplay; clipboard-write; encrypted-media; gyroscope; picture-in-picture\" allowfullscreen><\/iframe><\/p>\n<p>&nbsp;<\/p>\n<p><p>&nbsp;<\/p>\n<p><h2>ET \u00c0 LIRE&#8230;<\/h2>\n<p><em>\u00a0<strong>Sur l\u2019\u00e9tat de la d\u00e9mocratie \u00e9tasunienne apr\u00e8s quatre ans de mandat de Donald Trump<\/em>\u00a0<\/strong><br \/>\n\u00ab\u00a0Les quatre derni\u00e8res ann\u00e9es ont \u00e9t\u00e9 marqu\u00e9es par la polarisation du champ politique et la violence qui en a d\u00e9coul\u00e9.\u00a0\u00bb<br \/>\n\u00ab\u00a0Cette violence s\u2019est traduite dans la sph\u00e8re sociale par des \u00e9meutes et des manifestations, de l\u2019extr\u00eame droite comme de Black Lives Matter.\u00a0\u00bb<br \/>\n\u00ab\u00a0Il y a de moins en moins de porosit\u00e9 entre d\u00e9mocrates et r\u00e9publicains.\u00a0\u00bb<br \/>\n\u00ab\u00a0Des \u00e9tudes montrent que plus de 30% des Am\u00e9ricains affirment qu\u2019ils ne reconna\u00eetront pas la l\u00e9gitimit\u00e9 de l\u2019\u00e9lection, peu importe le gagnant.\u00a0\u00bb<br \/>\n\u00ab\u00a0Il y a trois Am\u00e9riques irr\u00e9conciliables : l\u2019Am\u00e9rique trumpiste radicalis\u00e9e fan de son h\u00e9ros et convaincue notamment via des th\u00e9ories complotantes qu\u2019il est leur sauveur, l\u2019Am\u00e9rique centriste incarn\u00e9e par Joe Biden, soutenue par des R\u00e9publicains anti-Trump, c\u2019est-\u00e0-dire un espace qui ne r\u00e9interroge pas le syst\u00e8me \u00e9conomique et politique, et l\u2019Am\u00e9rique tr\u00e8s progressiste qui font confiance aux constats scientifiques notamment sur la question environnementale et qui sont dans l\u2019urgence d\u2019obtenir une \u00e9galit\u00e9 de faits entre les diff\u00e9rentes minorit\u00e9s et le citoyens lambda am\u00e9ricain.\u00a0\u00bb<\/p>\n<p><em>\u00a0<strong>Sur Donald Trump \u00e0 l&#8217;aune de ses 4 ans au pouvoir<\/em>\u00a0<\/strong><br \/>\n\u00ab\u00a0Donald Trump a fondamentalement d\u00e9grad\u00e9 la fonction pr\u00e9sidentielle.\u00a0\u00bb<br \/>\n\u00ab\u00a0Le pr\u00e9sident des Etats-Unis est devenu le premier twittos du monde.\u00a0\u00bb<br \/>\n\u00ab\u00a0Pendant la campagne \u00e9lectorale, Donald Trump a confondu sa posture de pr\u00e9sident et de candidat, notamment en faisant un meeting depuis la Maison Blanche.\u00a0\u00bb<br \/>\n\u00ab\u00a0Les th\u00e9ories du complot n\u2019ont pas attendu Donald Trump pour \u00eatre pr\u00e9sentes dans l\u2019espace public mais, en revanche, le rapport du pr\u00e9sident aux faits et \u00e0 la v\u00e9rit\u00e9 a amen\u00e9 les m\u00e9dias \u00e0 ne plus savoir comment traiter sa parole\u2026\u00a0\u00bb<br \/>\n\u00ab\u00a0Donald Trump est un sympt\u00f4me et un catalyseur de ces ph\u00e9nom\u00e8nes : le probl\u00e8me, c\u2019est l\u2019ampleur qu\u2019il leur donne.\u00a0\u00bb<\/p>\n<p><em>\u00a0<strong>Sur le Parti d\u00e9mocrate<\/em>\u00a0<\/strong><br \/>\n\u00ab\u00a0La personnalit\u00e9 de Donald Trump cristallise l\u2019opposition d\u00e9mocrate &#8211; s\u2019ils doivent se chamailler, ils se chamailleront apr\u00e8s.\u00a0\u00bb<br \/>\n\u00ab\u00a0Joe Biden cherche \u00e0 m\u00e9nager la ch\u00e8vre et le chou et ne veille pas tant que ca \u00e0 dire ce que la gauche voudrait qu\u2019il dise mais \u00e0 ne surtout pas dire ce que le centre droit ne voudrait pas qu\u2019il dise : il ne parle donc pas, par exemple, de la Cour supr\u00eame alors que cela pourrait \u00eatre central, c\u2019est pour cela aussi qu\u2019il ne parle pas non plus de Green New Deal ou qu\u2019il n\u2019a pas eu de grands discours sur Black Lives Matter ou la r\u00e9forme de la police.\u00a0\u00bb<br \/>\n\u00ab\u00a0Joe Biden a int\u00e9gr\u00e9 depuis avril dans l\u2019\u00e9quipe de r\u00e9flexion sur le programme d\u00e9mocrate, une grande partie des acteurs de gauche comme Bernie Sanders de mani\u00e8re informelle ou Alexandria Ocasio-Cortez comme co-pr\u00e9sidente de la partie environnement.\u00a0\u00bb<\/p>\n<p><em>\u00a0<strong>Sur la campagne de Donald Trump<\/em>\u00a0<\/strong><br \/>\n\u00ab\u00a0Donald Trump a fait sa campagne sur la loi et l\u2019ordre, un vieux slogan conservateur historique.\u00a0\u00bb<br \/>\n\u00ab\u00a0Donald Trump passe son temps \u00e0 dire que l\u2019Am\u00e9rique se rel\u00e8ve.\u00a0\u00bb<br \/>\n\u00ab\u00a0Donald Trump a attrap\u00e9 le Covid et il en ressort moins cr\u00e9dible aupr\u00e8s des d\u00e9mocrates dans la mesure o\u00f9 m\u00eame lui a attrap\u00e9 le Covid alors qu\u2019il le d\u00e9nigrait quelques mois auparavant mais, finalement pour les \u00e9lecteurs r\u00e9publicains, il y a un effet waouh parce qu\u2019il a aussi vaincu le Covid dans sa chair.\u00a0\u00bb<br \/>\n\u00ab\u00a0Un indicateur fort, c\u2019est l\u00e0 o\u00f9 Donald Trump met son argent pour des pubs t\u00e9l\u00e9vis\u00e9es : aujourd\u2019hui, c\u2019est dans des Etats qu\u2019il avait d\u00e9j\u00e0 gagn\u00e9 en 2016. Il est donc dans une posture d\u00e9fensive.\u00a0\u00bb<\/p>\n<p><em>\u00a0<strong>Sur les suites du mouvement progressiste au sein des Parti d\u00e9mocrate<\/em>\u00a0<\/strong><br \/>\n\u00ab\u00a0Il faudra voir quelles sont les figures qui vont entrer au Congr\u00e8s et avec quelle marge.\u00a0\u00bb<br \/>\n\u00ab\u00a0Une des questions, c\u2019est : est-ce que Bernie Sanders va essayer de se placer comme secr\u00e9taire d\u2019Etat au travail comme il l\u2019a r\u00e9cemment \u00e9voqu\u00e9 sur Twitter ? M\u00eame s\u2019il semble assez improbable que Joe Biden lui fasse ce cadeau-l\u00e0 car ce serait un signal terrible pour l\u2019establishment \u00e9conomique\u2026 \u00bb<br \/>\n\u00ab\u00a0Il faudra observer si le mouvement activiste de gauche qui s\u2019\u00e9tait tr\u00e8s bien mobilis\u00e9 derri\u00e8re Elisabeth Warren et Bernie Sanders pendant la premi\u00e8re phase de la primaire va pouvoir se relancer d\u00e8s le 4 novembre pour exercer une pression importante sur Joe Biden.\u00a0\u00bb<br \/>\n\u00ab\u00a0Bernie Sanders a d\u2019ores et d\u00e9j\u00e0 annonc\u00e9 un plan pour les 100 jours post-\u00e9lection pour amener Joe Biden \u00e0 s\u2019aligner sur certaines positions et notamment d\u2019\u00eatre beaucoup plus ambitieux sur la proposition de la couverture de sant\u00e9 universelle.\u00a0\u00bb<\/p>\n<p><em>\u00a0<strong>Sur la nomination d\u2019Amy Conney Barret \u00e0 la Cour Supr\u00eame<\/em>\u00a0<\/strong><br \/>\n\u00ab\u00a0La Cour Supr\u00eame symbolise tr\u00e8s bien la faiblesse de la d\u00e9mocratie am\u00e9ricaine et les \u00e9cueils dans lesquels elle s\u2019est enferm\u00e9e.\u00a0\u00bb<br \/>\n\u00ab\u00a0Est-ce que cette Cour Supr\u00eame est fid\u00e8le \u00e0 la composition de la soci\u00e9t\u00e9 dans laquelle on vit ou est-ce que c\u2019est juste un cercle de gros r\u00e9acs qui restent plusieurs d\u2019ann\u00e9es dans leur toge ?\u00a0\u00bb<br \/>\n\u00ab\u00a0Un des enjeux si Joe Biden est \u00e9lu, \u00e7a va \u00eatre une r\u00e9forme de la Cour Supr\u00eame : il n\u2019est pas \u00e9crit dans la Constitution que la Cour Supr\u00eame doive se limiter \u00e0 9 juges ni qu\u2019ils soient nomm\u00e9s \u00e0 vie. \u00bb<div id='gallery-1' class='gallery galleryid-12531 gallery-columns-3 gallery-size-thumbnail'><figure class='gallery-item'>\n\t\t\t<div class='gallery-icon landscape'>\n\t\t\t\t<a href='https:\/\/archives.regards.fr\/wp-content\/uploads\/2020\/10\/capture_d_e_cran_2020-10-27_a_15-87d.49.41.png'><img loading=\"lazy\" decoding=\"async\" width=\"150\" height=\"150\" src=\"https:\/\/archives.regards.fr\/wp-content\/uploads\/2020\/10\/capture_d_e_cran_2020-10-27_a_15-87d.49.41-150x150.png\" class=\"attachment-thumbnail size-thumbnail\" alt=\"capture_d_e_cran_2020-10-27_a_15.49.41.png\" \/><\/a>\n\t\t\t<\/div><\/figure>\n\t\t<\/div>\n<\/p>\n","protected":false},"excerpt":{"rendered":"<p>Quelle pr\u00e9sidence pour Joe Biden s&#8217;il est \u00e9lu ? Quelle Am\u00e9rique Donald Trump laissera-t-il derri\u00e8re lui s&#8217;il perd ? Et s&#8217;il gagnait \u00e0 nouveau ? \u00c0 une semaine de l&#8217;\u00e9lection pr\u00e9sidentielle aux \u00c9tats-Unis, Cl\u00e9ment Pairot, auteur de <em>Democrazies : un Frenchie dans la campagne de Bernie Sanders<\/em>, est l&#8217;invit\u00e9 de la Midinale.<\/p>\n","protected":false},"author":1204,"featured_media":29835,"comment_status":"open","ping_status":"open","sticky":false,"template":"","format":"standard","meta":{"_themeisle_gutenberg_block_has_review":false,"footnotes":""},"categories":[238],"tags":[293],"class_list":["post-12531","post","type-post","status-publish","format-standard","has-post-thumbnail","hentry","category-la-midinale","tag-entretien"],"_links":{"self":[{"href":"https:\/\/archives.regards.fr\/index.php?rest_route=\/wp\/v2\/posts\/12531","targetHints":{"allow":["GET"]}}],"collection":[{"href":"https:\/\/archives.regards.fr\/index.php?rest_route=\/wp\/v2\/posts"}],"about":[{"href":"https:\/\/archives.regards.fr\/index.php?rest_route=\/wp\/v2\/types\/post"}],"author":[{"embeddable":true,"href":"https:\/\/archives.regards.fr\/index.php?rest_route=\/wp\/v2\/users\/1204"}],"replies":[{"embeddable":true,"href":"https:\/\/archives.regards.fr\/index.php?rest_route=%2Fwp%2Fv2%2Fcomments&post=12531"}],"version-history":[{"count":0,"href":"https:\/\/archives.regards.fr\/index.php?rest_route=\/wp\/v2\/posts\/12531\/revisions"}],"wp:featuredmedia":[{"embeddable":true,"href":"https:\/\/archives.regards.fr\/index.php?rest_route=\/wp\/v2\/media\/29835"}],"wp:attachment":[{"href":"https:\/\/archives.regards.fr\/index.php?rest_route=%2Fwp%2Fv2%2Fmedia&parent=12531"}],"wp:term":[{"taxonomy":"category","embeddable":true,"href":"https:\/\/archives.regards.fr\/index.php?rest_route=%2Fwp%2Fv2%2Fcategories&post=12531"},{"taxonomy":"post_tag","embeddable":true,"href":"https:\/\/archives.regards.fr\/index.php?rest_route=%2Fwp%2Fv2%2Ftags&post=12531"}],"curies":[{"name":"wp","href":"https:\/\/api.w.org\/{rel}","templated":true}]}}