{"id":12529,"date":"2020-10-26T15:38:01","date_gmt":"2020-10-26T14:38:01","guid":{"rendered":"https:\/\/wp.muchomaas.com\/article-melanie-luce-a-l-unef-on-est-tous-choques-d-etre-accuses-de-complicite\/"},"modified":"2023-06-24T00:04:11","modified_gmt":"2023-06-23T22:04:11","slug":"article-melanie-luce-a-l-unef-on-est-tous-choques-d-etre-accuses-de-complicite","status":"publish","type":"post","link":"https:\/\/archives.regards.fr\/?p=12529","title":{"rendered":"\u00ab \u00c0 l\u2019UNEF, on est tous choqu\u00e9s d\u2019\u00eatre accus\u00e9s de complicit\u00e9 avec le terrorisme \u00bb"},"content":{"rendered":"<p class=\"post_excerpt\">Jean-Michel Blanquer accuse l&#8217;UNEF de favoriser <em>\u00ab une id\u00e9ologie qui, de loin en loin, m\u00e8ne \u00e9videmment au pire \u00bb<\/em>. Mais il est loin d&#8217;\u00eatre le seul : hier, sur les ondes de France Culture, c&#8217;est une soi-disant proximit\u00e9 avec les Fr\u00e8res Musulmans qui a \u00e9t\u00e9 point\u00e9e du doigt (sans fondement aucun). M\u00e9lanie Luce, pr\u00e9sidente du syndicat \u00e9tudiant, est l&#8217;invit\u00e9e de #LaMidinale. <\/p>\n<h2>UNE MIDINALE \u00c0 VOIR&#8230;<\/h2>\n<p><iframe loading=\"lazy\" width=\"490\" height=\"276\" src=\"https:\/\/www.youtube.com\/embed\/6uPC_LoMgls\" frameborder=\"0\" allow=\"accelerometer; autoplay; clipboard-write; encrypted-media; gyroscope; picture-in-picture\" allowfullscreen><\/iframe><\/p>\n<p>&nbsp;<\/p>\n<p><h2>ET \u00c0 LIRE&#8230;<\/h2>\n<p><em>\u00a0<strong>Sur les attaques du gouvernement, de la droite et de l\u2019extr\u00eame droite envers l\u2019UNEF pour \u201ccomplicit\u00e9 intellectuelle avec le terrorisme\u201d<\/em>\u00a0<\/strong><br \/>\n\u00ab\u00a0L\u2019UNEF est dans le collimateur du gouvernement pour des prises de position qu\u2019on a eues par le pass\u00e9.\u00a0\u00bb<br \/>\n\u00ab\u00a0A l\u2019UNEF, on ne cesse de d\u00e9fendre la la\u00efcit\u00e9, c\u2019est un principe auquel on est tr\u00e8s attach\u00e9. Mais on est attach\u00e9 \u00e0 tout ce qui est dit dans la loi de 1905, pas seulement une partie.\u00a0\u00bb<br \/>\n\u00ab\u00a0Notre vice-pr\u00e9sidente [Maryam Pougetoux] a \u00e9t\u00e9 auditionn\u00e9e \u00e0 l\u2019Assembl\u00e9e nationale et a subi une tentative d\u2019humiliation parce qu\u2019elle porte le voile.\u00a0\u00bb<br \/>\n\u00ab\u00a0Si on exclue une part de concitoyens en les emp\u00eachant de rentrer \u00e0 l\u2019Assembl\u00e9e nationale pour raconter leur quotidien, je ne sais pas o\u00f9 l\u2019on va.\u00a0\u00bb<br \/>\n\u00ab\u00a0L\u2019UNEF repr\u00e9sente les \u00e9tudiants &#8211; et les \u00e9tudiants, c\u2019est un peu la b\u00eate noire du gouvernement.\u00a0\u00bb<br \/>\n\u00ab\u00a0Le gouvernement n\u2019a pas peur d\u2019une mobilisation massive des \u00e9tudiants dans la mesure o\u00f9 l\u2019on est en pleine \u00e9pid\u00e9mie mais parce que l\u2019UNEF repr\u00e9sente la soci\u00e9t\u00e9 de demain.\u00a0\u00bb<br \/>\n\u00ab\u00a0Une grande partie des jeunes est d\u2019accord avec ce que peut dire l\u2019UNEF.\u00a0\u00bb<\/p>\n<p><em>\u00a0<strong>Sur les accusations prof\u00e9r\u00e9es dans l\u2019\u00e9mission Signes des temps de France culture de proximit\u00e9 de l\u2019UNEF avec les Fr\u00e8res musulmans<\/em>\u00a0<\/strong><br \/>\n\u00ab\u00a0Au sein de l\u2019UNEF, il n\u2019y a aucune fracture sur ce qui se passe en ce moment : on est tous choqu\u00e9s d\u2019\u00eatre accus\u00e9s de complicit\u00e9 intellectuelle avec le terrorisme ou d&#8217;infiltration par les Fr\u00e8res Musulmans.\u00a0\u00bb<br \/>\n\u00ab\u00a0Tout le monde \u00e0 l\u2019UNEF est attach\u00e9 \u00e0 la loi de 1905, c\u2019est-\u00e0-dire le droit de croire ou de ne pas croire &#8211; et pas simplement la neutralit\u00e9 du service public.\u00a0\u00bb<br \/>\n\u00ab\u00a0Il y a toujours des d\u00e9bats parmi les \u00e9tudiants : il y en a qui sont d\u2019extr\u00eame droite et qui soutiennent des choses avec lesquelles on n\u2019est pas en accord. Mais l\u2019immense majorit\u00e9 des jeunes se reconna\u00eet dans les positions de l\u2019UNEF.\u00a0\u00bb<br \/>\n\u00ab\u00a0Sur la question de la la\u00efcit\u00e9, \u00e0 chaque fois qu\u2019il y a un attentat, on organise des choses dans les universit\u00e9s. Apr\u00e8s les attentats de Charlie Hebdo, on avait organis\u00e9 des murs d\u2019expression qui ont \u00e9t\u00e9 pl\u00e9biscit\u00e9s. Apr\u00e8s les attentats du 13 novembre 2015, on avait organis\u00e9 des actions qu\u2019on avait appel\u00e9es \u201cLocal ouvert\u201d dans la mesure o\u00f9 des \u00e9tudiants avaient \u00e9t\u00e9 choqu\u00e9s et que certains avaient m\u00eame perdu des amis. On a aussi organis\u00e9 des choses dans le cadre de la lutte contre le racisme et contre l\u2019islamophobie.\u00a0\u00bb<br \/>\n\u00ab\u00a0Quand on a fait des choses dans les universit\u00e9s contre le racisme, on a \u00e9t\u00e9 tr\u00e8s bien accueilli par des \u00e9tudiants qui \u00e9taient heureux que l\u2019on parle enfin de ce sujet.\u00a0\u00bb<br \/>\n\u00ab\u00a0Cet \u00e9t\u00e9, on a sorti une enqu\u00eate sur la question des discriminations dans l\u2019enseignement sup\u00e9rieur et cela a \u00e9t\u00e9 tr\u00e8s bien accueilli.\u00a0\u00bb<br \/>\n\u00ab\u00a0A chaque fois qu\u2019il y a une \u00e9tudiante qui porte le voile et qui se fait exclure de son cours pour cette raison, comme en cours de sport \u00e0 Lille il y a peu, on a une indignation des \u00e9tudiants parce que tout simplement, on est c\u00f4te \u00e0 c\u00f4te dans amphis et on ne comprend pas pourquoi on ne pourrait continuer \u00e0 avancer ensemble.\u00a0\u00bb<br \/>\n\u00ab\u00a0A l\u2019universit\u00e9, on a notre libert\u00e9 de conscience et on est tous capables de faire des choix.\u00a0\u00bb<\/p>\n<p><em>\u00a0<strong>Sur le rapport de l\u2019UNEF avec la religion<\/em>\u00a0<\/strong><br \/>\n\u00ab\u00a0L\u2019UNEF est un syndicat la\u00efc, ce qui ne veut pas que nos membres doivent s\u2019appliquer la neutralit\u00e9 qui est du au service public et pas aux citoyens.\u00a0\u00bb<br \/>\n\u00ab\u00a0Sur les campus, il y a des organisations confessionnelles : les \u00e9tudiants musulmans de France, des associations juives et des aum\u00f4neries qui ont des locaux qui sont fournis par les universit\u00e9s.\u00a0A l\u2019UNEF, on travaille avec tous les repr\u00e9sentants du milieu \u00e9tudiant.\u00a0\u00bb<br \/>\n\u00ab\u00a0Il n\u2019y a pas de probl\u00e8me \u00e0 travailler avec des associations confessionnelles \u00e0 partir du moment o\u00f9 l\u2019on fait la diff\u00e9rence entre ce qui est port\u00e9 par ces associations et ce que nous on porte.\u00a0\u00bb<br \/>\n\u00ab\u00a0Ces associations confessionnelles ne font pas de pros\u00e9lytisme : elles repr\u00e9sentent des \u00e9tudiants d\u2019une certaine religion.\u00a0\u00bb<br \/>\n\u00ab\u00a0On agit ensemble quand on est d\u2019accord. En ce moment par exemple, on est dans une situation de grande pr\u00e9carit\u00e9 des \u00e9tudiants &#8211; la situation est vraiment critique avec une augmentation du co\u00fbt de la vie de 3,69%, la plus forte augmentation depuis 8 ans. Les \u00e9tudiants musulmans de France organisent des distributions alimentaires : sur ce genre d\u2019action par exemple, il est possible que l\u2019on travaille ensemble.\u00a0\u00bb<br \/>\n\u00ab\u00a0Le probl\u00e8me, c\u2019est que les proc\u00e8s en infiltration par les Fr\u00e8res Musulmans sont d\u2019autant plus probl\u00e9matiques que, dans les universit\u00e9s, pour \u00eatre une association, il faut \u00eatre reconnu par l\u2019universit\u00e9.\u00a0\u00bb<br \/>\n\u00ab\u00a0On a un gouvernement qui se dit r\u00e9publicain, d\u00e9fenseur de la libert\u00e9 d\u2019expression et qui ne fait qu\u2019attaquer ces principes\u2026\u00a0\u00bb<br \/>\n\u00ab\u00a0La R\u00e9publique, c\u2019est le pluralisme, notamment politique : on ne peut pas simplement accuser son opposition d\u2019\u00eatre complice de terroristes sans preuve et sur des \u00e9lucubrations qui \u00e9tonnent tout le monde.\u00a0\u00bb<br \/>\n\u00ab\u00a0Le pluralisme, c\u2019est aussi le d\u00e9bat scientifique : les sciences sociales, ce sont des lieux de d\u00e9bats. Et quand on commence \u00e0 museler les intellectuels et les pointer du doigt, on cr\u00e9e une soci\u00e9t\u00e9 qui s\u2019\u00e9loigne de la R\u00e9publique et de la d\u00e9mocratie.\u00a0\u00bb<br \/>\n\u00ab\u00a0La R\u00e9publique que l\u2019on d\u00e9fend, c\u2019est celle du peuple qui porte ces aspirations d\u00e9fendues par les dirigeants.\u00a0\u00bb<br \/>\n\u00ab\u00a0Le gouvernement a sombr\u00e9 dans la rh\u00e9torique de l\u2019extr\u00eame droite et construit la division plut\u00f4t que l\u2019unit\u00e9.\u00a0\u00bb<br \/>\n\u00ab\u00a0Il faut se lever par rapport \u00e0 ce que dit le gouvernement et affirmer que ce sont des accusations abjectes et sans fondements.\u00a0\u00bb<\/p>\n<p><em>\u00a0<strong>Sur la r\u00e9action \u00e0 avoir en r\u00e9ponse aux attaques du gouvernement, de la droite et de l\u2019extr\u00eame droite<\/em>\u00a0<\/strong><br \/>\n\u00ab\u00a0Il serait b\u00e9n\u00e9fique d\u2019avoir une r\u00e9action commune qui rassemble largement au sein du milieu \u00e9tudiant (il n\u2019y a pas que l\u2019UNEF qui d\u00e9fend cette position), au niveau des syndicats enseignants et au niveau des pr\u00e9sidents d\u2019universit\u00e9.\u00a0\u00bb<br \/>\n\u00ab\u00a0Il y a plusieurs niveaux de fracture : dans notre R\u00e9publique, dans le principe d\u2019\u00e9galit\u00e9 pour les personnes musulmanes qui sont stigmatis\u00e9es \u00e0 outrance et pour qui cela devient insupportable d\u2019allumer la radio ou de regarder la t\u00e9l\u00e9, et avec une g\u00e9n\u00e9ration, la n\u00f4tre, qui a grandi dans la culture de l\u2019\u00e9galit\u00e9 en \u00e9tant tr\u00e8s sensible \u00e0 la question des discriminations et qui voit la stigmatisation des musulmans avec beaucoup de d\u00e9sapprobation.\u00a0\u00bb<br \/>\n\u00ab\u00a0C\u2019est tr\u00e8s inqui\u00e9tant qu\u2019un Ministre de l\u2019Education nationale attaque une jeunesse qu\u2019il est sens\u00e9 repr\u00e9senter.\u00a0\u00bb<\/p>\n<p><em>\u00a0<strong>Sur la crise du Covid et ses r\u00e9percussions sur les \u00e9tudiants<\/em>\u00a0<\/strong><br \/>\n\u00ab\u00a0La rentr\u00e9e a \u00e9t\u00e9 tr\u00e8s mal pr\u00e9par\u00e9e par le gouvernement\u2026 alors que les universit\u00e9s ont vraiment essay\u00e9 de travailler pour pouvoir r\u00e9pondre \u00e0 la situation.\u00a0\u00bb<br \/>\n\u00ab\u00a0Il y avait tellement peu de consignes de la part du gouvernement et tellement pas de moyens pour faire face \u00e0 cette situation exceptionnelle que tout a \u00e9t\u00e9 compliqu\u00e9.\u00a0\u00bb<br \/>\n\u00ab\u00a0La priorit\u00e9, c\u2019est r\u00e9pondre \u00e0 la pr\u00e9carit\u00e9 des \u00e9tudiants : 42% des \u00e9tudiants ont renonc\u00e9 aux soins faute de moyens.\u00a0\u00bb<br \/>\n\u00ab\u00a0L\u2019urgence, c\u2019est r\u00e9former les crit\u00e8res d\u2019acc\u00e8s aux bourses pour permettre d\u2019avoir plus de boursiers et en augmenter le montant.\u00a0\u00bb<br \/>\n\u00ab\u00a0Il faut aussi augmenter les APL &#8211; et pas seulement de 150 euros ! On a quand m\u00eame du se battre pour avoir acc\u00e8s \u00e0 cette prime Covid pour un mois\u2026 Ce que l\u2019on demande, c\u2019est une augmentation substantielle des APL sur le long terme.\u00a0\u00bb<br \/>\n\u00ab\u00a0Il faut \u00e9galement plancher sur la question de l\u2019insertion professionnelle avec le financement de la recherche du premier emploi.\u00a0\u00bb<br \/>\n\u00ab\u00a0Sur le long terme, il faut r\u00e9fl\u00e9chir \u00e0 notre soci\u00e9t\u00e9 : on est dans une crise qui a montr\u00e9 que les jeunes n\u2019avaient aucun filet de s\u00e9curit\u00e9.\u00a0\u00bb<br \/>\n\u00ab Cela fait presqu\u2019un an qu\u2019un \u00e9tudiant s\u2019est immol\u00e9 par le feu parce qu\u2019il \u00e9tait trop pr\u00e9caire et ne s\u2019en sortait pas\u2026 A la suite de cela, on nous a annonc\u00e9 des discussions sur la pr\u00e9carit\u00e9 \u00e9tudiante qui n\u2019ont jamais eu lieu.\u00a0\u00bb<br \/>\n\u00ab\u00a0Les \u00e9tudiants sont d\u00e9laiss\u00e9s par le gouvernement. Pire : on a \u00e9t\u00e9 la variable d\u2019ajustement du gouvernement sur les trois derni\u00e8res ann\u00e9es. Donc on a perdu de l\u2019argent \u00e0 cause de leur politique !\u00a0\u00bb<br \/>\n\u00ab\u00a0On attend toujours des annonces du Premier ministre Jean Castex sur les jeunes\u2026\u00a0Si \u00e7a n\u2019arrive pas, il faudra passer un cap et on n\u2019h\u00e9sitera pas \u00e0 le faire.\u00a0\u00bb<div id='gallery-1' class='gallery galleryid-12529 gallery-columns-3 gallery-size-thumbnail'><figure class='gallery-item'>\n\t\t\t<div class='gallery-icon landscape'>\n\t\t\t\t<a href='https:\/\/archives.regards.fr\/wp-content\/uploads\/2020\/10\/capture_d_e_cran_2020-10-26_a_15-79f.34.36.png'><img loading=\"lazy\" decoding=\"async\" width=\"150\" height=\"150\" src=\"https:\/\/archives.regards.fr\/wp-content\/uploads\/2020\/10\/capture_d_e_cran_2020-10-26_a_15-79f.34.36-150x150.png\" class=\"attachment-thumbnail size-thumbnail\" alt=\"capture_d_e_cran_2020-10-26_a_15.34.36.png\" \/><\/a>\n\t\t\t<\/div><\/figure>\n\t\t<\/div>\n<\/p>\n","protected":false},"excerpt":{"rendered":"<p>Jean-Michel Blanquer accuse l&#8217;UNEF de favoriser <em>\u00ab une id\u00e9ologie qui, de loin en loin, m\u00e8ne \u00e9videmment au pire \u00bb<\/em>. Mais il est loin d&#8217;\u00eatre le seul : hier, sur les ondes de France Culture, c&#8217;est une soi-disant proximit\u00e9 avec les Fr\u00e8res Musulmans qui a \u00e9t\u00e9 point\u00e9e du doigt (sans fondement aucun). M\u00e9lanie Luce, pr\u00e9sidente du syndicat \u00e9tudiant, est l&#8217;invit\u00e9e de #LaMidinale. <\/p>\n","protected":false},"author":1204,"featured_media":29829,"comment_status":"open","ping_status":"open","sticky":false,"template":"","format":"standard","meta":{"_themeisle_gutenberg_block_has_review":false,"footnotes":""},"categories":[238],"tags":[293],"class_list":["post-12529","post","type-post","status-publish","format-standard","has-post-thumbnail","hentry","category-la-midinale","tag-entretien"],"_links":{"self":[{"href":"https:\/\/archives.regards.fr\/index.php?rest_route=\/wp\/v2\/posts\/12529","targetHints":{"allow":["GET"]}}],"collection":[{"href":"https:\/\/archives.regards.fr\/index.php?rest_route=\/wp\/v2\/posts"}],"about":[{"href":"https:\/\/archives.regards.fr\/index.php?rest_route=\/wp\/v2\/types\/post"}],"author":[{"embeddable":true,"href":"https:\/\/archives.regards.fr\/index.php?rest_route=\/wp\/v2\/users\/1204"}],"replies":[{"embeddable":true,"href":"https:\/\/archives.regards.fr\/index.php?rest_route=%2Fwp%2Fv2%2Fcomments&post=12529"}],"version-history":[{"count":0,"href":"https:\/\/archives.regards.fr\/index.php?rest_route=\/wp\/v2\/posts\/12529\/revisions"}],"wp:featuredmedia":[{"embeddable":true,"href":"https:\/\/archives.regards.fr\/index.php?rest_route=\/wp\/v2\/media\/29829"}],"wp:attachment":[{"href":"https:\/\/archives.regards.fr\/index.php?rest_route=%2Fwp%2Fv2%2Fmedia&parent=12529"}],"wp:term":[{"taxonomy":"category","embeddable":true,"href":"https:\/\/archives.regards.fr\/index.php?rest_route=%2Fwp%2Fv2%2Fcategories&post=12529"},{"taxonomy":"post_tag","embeddable":true,"href":"https:\/\/archives.regards.fr\/index.php?rest_route=%2Fwp%2Fv2%2Ftags&post=12529"}],"curies":[{"name":"wp","href":"https:\/\/api.w.org\/{rel}","templated":true}]}}