{"id":12522,"date":"2020-10-20T12:30:00","date_gmt":"2020-10-20T10:30:00","guid":{"rendered":"https:\/\/wp.muchomaas.com\/article-si-on-accepte-a-gauche-que-la-guerre-sur-les-mots-l-emporte-sur-celle-des\/"},"modified":"2020-10-20T12:30:00","modified_gmt":"2020-10-20T10:30:00","slug":"article-si-on-accepte-a-gauche-que-la-guerre-sur-les-mots-l-emporte-sur-celle-des","status":"publish","type":"post","link":"https:\/\/archives.regards.fr\/?p=12522","title":{"rendered":"\u00ab Si on accepte, \u00e0 gauche, que la guerre sur les mots l\u2019emporte sur celle des valeurs, on est mort \u00bb"},"content":{"rendered":"<p class=\"post_excerpt\">Laurence De Cock est enseignante et chercheuse en sciences sociales. Elle est aussi l\u2019autrice de nombreux ouvrages, dont <em>\u00c9cole<\/em> aux Editions Anamosa. Elle vient de publier une tribune dans AOC dans laquelle elle revient sur l\u2019assassinat de Samuel Paty et interroge plus g\u00e9n\u00e9ralement l\u2019institution scolaire. Elle est l\u2019invit\u00e9e de #LaMidinale.<\/p>\n<h2>UNE MIDINALE \u00c0 VOIR&#8230;<\/h2>\n<p><iframe loading=\"lazy\" width=\"490\" height=\"276\" src=\"https:\/\/www.youtube.com\/embed\/yLBScx6-Y4c\" frameborder=\"0\" allow=\"accelerometer; autoplay; clipboard-write; encrypted-media; gyroscope; picture-in-picture\" allowfullscreen><\/iframe><\/p>\n<p>&nbsp;<\/p>\n<p><h2>ET \u00c0 LIRE&#8230;<\/h2>\n<p><em> <strong>Sur les d\u00e9cisions de G\u00e9rald Darmanin<\/strong> <\/em><br \/>\n\u00ab On aimerait vivre dans un monde dans lequel la r\u00e9action soit plut\u00f4t un appel \u00e0 la paix plut\u00f4t qu\u2019un appel \u00e0 la guerre. Mais surtout, on est dans un monde de droits. Et l\u2019id\u00e9al r\u00e9publicain repose sur un socle de lois. Et quand j\u2019entends que des personnes sont perquisitionn\u00e9es pour faire passer un message, je ne vois pas trop \u00e0 quel bloc de lois, \u00e7a renvoie. \u00bb<br \/>\n\u00ab Au lieu de me rassurer, ces d\u00e9cisions m\u2019angoissant. C\u2019est tr\u00e8s inqui\u00e9tant. \u00bb<br \/>\n\u00ab Je ne suis pas en guerre. Je refuse d\u2019adopter ce vocabulaire de la guerre parce que je suis enseignante et que ce qui m\u2019anime c\u2019est la paix, c\u2019est le fait de rassurer, c\u2019est le fait de vivre dans un monde dans lequel on se sent libre et de transmettre \u00e0 mes \u00e9l\u00e8ves et \u00e0 mon fils, la volont\u00e9 de vivre dans un monde libre. \u00bb<br \/>\n\u00ab Je n\u2019ai pas envie de d\u00e9clarer la guerre \u00e0 une partie de la population au pr\u00e9texte qu\u2019un criminel a assassin\u00e9 de mani\u00e8re sauvage l\u2019un des miens. On doit faire corps autour de ce qui nous unit. \u00bb<br \/>\n\u00ab J\u2019esp\u00e8re qu\u2019on n\u2019est pas au bord d\u2019une guerre civile. \u00bb<\/p>\n<p><em> <strong>Sur la stigmatisation des musulmans <\/strong>  <\/em><br \/>\n\u00ab On oublie que nous sommes toutes et tous victimes de cet attentat et y compris nos concitoyens musulmans qui vivent dans ce pays. \u00bb<br \/>\n\u00ab Consid\u00e9rer que le voile que porte une femme, que portait la nounou de mon enfant, est li\u00e9 \u00e0 cet atroce crime contre notre coll\u00e8gue est abominable. C\u2019est une mani\u00e8re de raisonner incompr\u00e9hensible. \u00bb<br \/>\n\u00ab On est pi\u00e9g\u00e9 dans une voie \u00e9troite qui consiste \u00e0 dire que ce crime est insupportable, que tout doit \u00eatre fait pour \u00e9viter que \u00e7a se reproduise mais que \u00e7a n\u2019est pas la responsabilit\u00e9 des personnes musulmanes qui vivent sur notre territoire. \u00bb<br \/>\n\u00ab Ce genre de crime d\u00e9plie le tapis rouge \u00e0 des gens qui, depuis des ann\u00e9es, font leur fond de commerce contre les populations musulmanes de ce pays. \u00bb<\/p>\n<p><em> <strong>Sur le discours m\u00e9diatique<\/strong> <\/em><br \/>\n\u00ab On est pris dans un engrenage. \u00bb<br \/>\n\u00ab Il est difficile de d\u00e9ployer une pens\u00e9e de la nuance, une pens\u00e9e du doute et humble dans l\u2019espace m\u00e9diatique. \u00bb<br \/>\n\u00ab On ne prend plus le temps de comprendre ce qui nous unit de ce qui nous s\u00e9pare. \u00bb<br \/>\n\u00ab On est dans des logiques de mise en spectacle de positions ultra caricaturales et en r\u00e9alit\u00e9, dans toute cette sc\u00e9nographie, ceux qui l\u2019emportent sont ceux qui ont des discours qui nourrissent l\u2019angoisse et fournissent des explications clef en main en mode \u2018\u00e7a fait longtemps qu\u2019on vous le dit\u2019. \u00bb<br \/>\n\u00ab La plupart des m\u00e9dias dominants, que je refuse syst\u00e9matiquement parce que je ne veux pas cautionner \u00e7a, de ce monde du clash ne donne jamais l\u2019opportunit\u00e9 de d\u00e9rouler des positions o\u00f9 on est encore dans la stupeur, la douleur. Et quand on est dans la douleur il faut avoir l\u2019humilit\u00e9 de dire : je ne sais pas trop. J\u2019ai besoin de temps, de comprendre et d\u2019\u00e9couter les gens. \u00bb<\/p>\n<p><em> <strong>Sur la gauche<\/strong> <\/em><br \/>\n\u00ab L\u2019enjeu c\u2019est de dire que la gauche a un socle, celui d\u2019\u00eatre toujours du c\u00f4t\u00e9 des plus d\u00e9munis. \u00bb<br \/>\n\u00ab Il y a des gens qui sont victimes de discriminations : les musulmans, les juifs, les roms, les Tch\u00e9tch\u00e8nes. R\u00e9guli\u00e8rement, ils se prennent des d\u00e9cisions racistes et le socle de la gauche c\u2019est d\u2019aller vers ces gens-l\u00e0. \u00bb<br \/>\n\u00ab \u00c0 gauche, on a un probl\u00e8me de vocabulaire. On a un probl\u00e8me de grammaire. Il y a des mots sur lesquels on bute : les mots islamophobie, racis\u00e9, indig\u00e9niste, communautarisme, s\u00e9paratisme. \u00bb<br \/>\n\u00ab Si on commence \u00e0 accepter \u00e0 gauche que la guerre sur les mots l\u2019emporte sur la guerre des valeurs, alors on est mort. \u00bb<br \/>\n\u00ab C\u2019est le moment de faire exploser les blocages \u00e0 gauche et de nous retrouver. \u00bb<br \/>\n\u00ab Personne ne porte des oeill\u00e8res. \u00bb<\/p>\n<p><em> <strong>Sur le m\u00e9tier d\u2019enseignant <\/strong>  <\/em><br \/>\n\u00ab Mon boulot c\u2019est d\u2019amener les jeunes \u00e0 entrer dans un raisonnement rationnel, avec des savoirs, visant la v\u00e9rit\u00e9. Je suis l\u00e0 pour leur apprendre \u00e0 d\u00e9battre, \u00e0 construire un argumentaire \u00e0 se construire comme citoyen. \u00bb<br \/>\n\u00ab On fait un travail utile. Les enfants et les adolescents ont encore le temps de changer. \u00bb<br \/>\n\u00ab On ne peut pas coller des \u00e9tiquettes \u00e0 des gamins. Je ne vais pas dire qu\u2019un gamin est fanatique. Je ne peux pas employer ce vocabulaire l\u00e0. En revanche, je peux dire qu\u2019un enfant est en danger. \u00bb<br \/>\n\u00ab Il n&#8217;y a aucun aveuglement des enseignants. \u00bb<br \/>\n\u00ab Quand on va au fond de la discussion, y compris avec lesquels je m\u2019oppose id\u00e9ologiquement, on n\u2019est pas si en d\u00e9saccord. Au final, quand on discute de ce qu\u2019on veut faire avec les \u00e9l\u00e8ves, on va au m\u00eame endroit. \u00bb<\/p>\n","protected":false},"excerpt":{"rendered":"<p>Laurence De Cock est enseignante et chercheuse en sciences sociales. Elle est aussi l\u2019autrice de nombreux ouvrages, dont <em>\u00c9cole<\/em> aux Editions Anamosa. Elle vient de publier une tribune dans AOC dans laquelle elle revient sur l\u2019assassinat de Samuel Paty et interroge plus g\u00e9n\u00e9ralement l\u2019institution scolaire. Elle est l\u2019invit\u00e9e de #LaMidinale.<\/p>\n","protected":false},"author":1039,"featured_media":0,"comment_status":"open","ping_status":"open","sticky":false,"template":"","format":"standard","meta":{"_themeisle_gutenberg_block_has_review":false,"footnotes":""},"categories":[238],"tags":[293],"class_list":["post-12522","post","type-post","status-publish","format-standard","hentry","category-la-midinale","tag-entretien"],"_links":{"self":[{"href":"https:\/\/archives.regards.fr\/index.php?rest_route=\/wp\/v2\/posts\/12522","targetHints":{"allow":["GET"]}}],"collection":[{"href":"https:\/\/archives.regards.fr\/index.php?rest_route=\/wp\/v2\/posts"}],"about":[{"href":"https:\/\/archives.regards.fr\/index.php?rest_route=\/wp\/v2\/types\/post"}],"author":[{"embeddable":true,"href":"https:\/\/archives.regards.fr\/index.php?rest_route=\/wp\/v2\/users\/1039"}],"replies":[{"embeddable":true,"href":"https:\/\/archives.regards.fr\/index.php?rest_route=%2Fwp%2Fv2%2Fcomments&post=12522"}],"version-history":[{"count":0,"href":"https:\/\/archives.regards.fr\/index.php?rest_route=\/wp\/v2\/posts\/12522\/revisions"}],"wp:attachment":[{"href":"https:\/\/archives.regards.fr\/index.php?rest_route=%2Fwp%2Fv2%2Fmedia&parent=12522"}],"wp:term":[{"taxonomy":"category","embeddable":true,"href":"https:\/\/archives.regards.fr\/index.php?rest_route=%2Fwp%2Fv2%2Fcategories&post=12522"},{"taxonomy":"post_tag","embeddable":true,"href":"https:\/\/archives.regards.fr\/index.php?rest_route=%2Fwp%2Fv2%2Ftags&post=12522"}],"curies":[{"name":"wp","href":"https:\/\/api.w.org\/{rel}","templated":true}]}}