{"id":12519,"date":"2020-10-19T15:00:00","date_gmt":"2020-10-19T13:00:00","guid":{"rendered":"https:\/\/wp.muchomaas.com\/article-clementine-autain-la-laicite-est-un-outil-contre-la-guerre-civile\/"},"modified":"2023-06-24T00:03:58","modified_gmt":"2023-06-23T22:03:58","slug":"article-clementine-autain-la-laicite-est-un-outil-contre-la-guerre-civile","status":"publish","type":"post","link":"https:\/\/archives.regards.fr\/?p=12519","title":{"rendered":"Cl\u00e9mentine Autain : \u00ab La la\u00efcit\u00e9 est un outil contre la guerre civile \u00bb"},"content":{"rendered":"<p class=\"post_excerpt\">Cl\u00e9mentine Autain est d\u00e9put\u00e9e de La France insoumise. Co-directrice de la revue Regards. Elle vient de publier <em>\u00c0 gauche en sortant de l\u2019hyper march\u00e9<\/em> aux \u00c9ditions Grasset. Elle est l\u2019invit\u00e9e de #LaMidinale.<\/p>\n<h2>UNE MIDINALE \u00c0 VOIR&#8230;<\/h2>\n<p><iframe loading=\"lazy\" width=\"490\" height=\"276\" src=\"https:\/\/www.youtube.com\/embed\/7BEZJmXtsjE\" frameborder=\"0\" allow=\"accelerometer; autoplay; clipboard-write; encrypted-media; gyroscope; picture-in-picture\" allowfullscreen><\/iframe><\/p>\n<p>&nbsp;<\/p>\n<p><h2>ET \u00c0 LIRE&#8230;<\/h2>\n<p><em> <strong>Sur l\u2019acte terroriste de Conflans-Sainte-Honorine<\/strong> <\/em><br \/>\n\u00ab J\u2019ai \u00e9t\u00e9 saisie d\u2019effroi. C\u2019est d\u2019une telle violence (\u2026). On n\u2019imagine pas qu\u2019en France, aujourd\u2019hui, il puisse y avoir un tel acte terroriste, criminel, aussi violent. \u00bb<br \/>\n\u00ab Il y beaucoup de tristesse et de col\u00e8re. On a aussi le sentiment qu\u2019on va pouvoir \u00eatre solidaires de mani\u00e8re extr\u00eamement massive, ce qui permet de se dire qu\u2019on devrait gagner cette bataille. \u00bb<br \/>\n\u00ab Ce qui est interroge c\u2019est qu\u2019il ne s\u2019agit pas de r\u00e9seau terroriste, semble-t-il, mais plut\u00f4t une radicalisation id\u00e9ologique qui viserait \u00e0 emp\u00eacher les enseignants de faire des cours sur la libert\u00e9 de la presse. On touche au coeur de ce qui fait notre R\u00e9publique. \u00bb<br \/>\n\u00ab J\u2019ai pens\u00e9 aux enfants (\u2026) je trouve \u00e7a terrible de grandir dans cette ambiance mortif\u00e8re. \u00bb<br \/>\n\u00ab Le climat g\u00e9n\u00e9ral est terriblement anxiog\u00e8ne. \u00bb<\/p>\n<p><em> <strong>Sur le rassemblement \u00e0 Paris et les critiques sur la FI<\/strong> <\/em><br \/>\n\u00ab Je ne sais pas si c\u2019est l\u2019esprit du 11 janvier qu\u2019il faut dupliquer, l\u00e0, mais il est inadmissible de pointer du doigt Jean-Luc M\u00e9lenchon, des insoumis, des membres de l\u2019UNEF vis-\u00e0-vis d\u2019un crime de la sorte. \u00bb<br \/>\n\u00ab Nous avons \u00e9t\u00e9 Charlie lors de la manifestation du 11 janvier qui \u00e9tait un rassemblement o\u00f9 il y avait des dictateurs en t\u00eate. Il y a avait cette id\u00e9e que nous faisions front commun, front R\u00e9publicain, et acte d\u2019humanit\u00e9. Notre pr\u00e9sence \u00e9tait aussi un acte d\u2019humanit\u00e9. Et l\u00e0, \u00e0 nouveau, je crois qu\u2019il fallait nous retrouver et dire l\u2019espace immense, large, dans notre pays, de solidarit\u00e9 et d\u2019attachement aux valeurs r\u00e9publicaines. \u00bb<\/p>\n<p><em> <strong>Sur \u00ab l\u2019islamo-gauchisme \u00bb<\/strong> <\/em><br \/>\n\u00ab Manuel Valls et d\u2019autres sont en train d\u2019instrumentaliser ce drame et se trompent d\u2019adversaire. \u00bb<br \/>\n\u00ab Il y a deux choses : le moment o\u00f9 nous sommes tous ensemble pour exprimer la solidarit\u00e9 et l\u2019humanit\u00e9, par del\u00e0 les divergences politiques. C\u2019\u00e9tait le sens de la manifestation d\u2019hier. Et ensuite il y a un d\u00e9bat politique et d\u00e9mocratique. Ce d\u00e9bat est confisqu\u00e9. \u00bb<br \/>\n\u00ab Il faut \u00e9couter les diff\u00e9rents points de vue et assumer qu\u2019il y a diff\u00e9rentes strat\u00e9gies possibles. \u00bb<br \/>\n\u00ab On veut emp\u00eacher le d\u00e9bat de fond sur la strat\u00e9gie qui serait la plus \u00e0-m\u00eame de faire reculer l\u2019obscurantisme. \u00bb<br \/>\n\u00ab Ce que je rapproche \u00e0 Manuel Valls et \u00e0 d\u2019autres d\u2019emp\u00eacher ce temps large, qui est celui de l\u2019humanit\u00e9, de l\u2019unit\u00e9 qui est essentiel. Et ensuite nous avons un d\u00e9bat strat\u00e9gique. \u00bb<\/p>\n<p><em> <strong>Sur la radicalisation <\/strong>  <\/em><br \/>\n\u00ab Ce que je constate dans la soci\u00e9t\u00e9 fran\u00e7aise c\u2019est qu\u2019il y a, \u00e0 la fois, un grand mouvement de s\u00e9cularisation des musulmans. \u00bb<br \/>\n\u00ab Il y a une s\u00e9cularisation massive des musulmans. \u00bb<br \/>\n\u00ab J\u2019observe aussi qu\u2019il y a une petite frange qui se radicalise, qui de plus en plus d\u00e9veloppe des modes de pens\u00e9es obscurantistes et qui recherche d\u2019une certaine mani\u00e8re, le repli. Ne pas regarder cette r\u00e9alit\u00e9 serait compl\u00e8tement dingue. C\u2019est une toute petite minorit\u00e9. \u00bb<br \/>\n\u00ab La masse des musulmans sont nos alli\u00e9s pour lutter contre ces franges int\u00e9gristes qui pourraient basculer dans la radicalisation, voire dans des actes criminels. \u00bb<br \/>\n\u00ab Si on estime que tous sont dans le m\u00eame sac [Les musulmans], on les pousse au repli et \u00e0 ce qu\u2019on appelle le communautarisme. Donc c\u2019est vraiment une question strat\u00e9gique. \u00bb<br \/>\n\u00ab Il ne s\u2019agit pas sans arr\u00eat de faire des lois plus r\u00e9pressives les unes que les autres (\u2026). On a dans les lois beaucoup d\u2019outils mais ce qui manque, ce sont les moyens humains. \u00bb<br \/>\n\u00ab L\u2019Etat a quitt\u00e9 les quartiers populaires. \u00bb<\/p>\n<p><em> <strong>Sur les mots R\u00e9publique, d\u00e9mocratie, la\u00efcit\u00e9, institution scolaire<\/strong> <\/em><br \/>\n\u00ab Ces mots ne sonnent pas creux et s\u2019ils sonnent creux c\u2019est vraiment qu\u2019il faut les remplir, leur redonner un contenu. \u00bb<br \/>\n\u00ab On a d\u00e9shabill\u00e9 la R\u00e9publique et l\u2019\u00e9cole. C\u2019est l\u2019\u00e9vident. Mais c\u2019est pas parce qu\u2019on les a d\u00e9shabill\u00e9s qu\u2019ils n\u2019ont pas une puissance et une force. \u00bb<br \/>\n\u00ab Le principe de la\u00efcit\u00e9, d\u00e8s lors qu\u2019on l\u2019entend dans l\u2019esprit de 1905, est un outil contre la guerre civile. C\u2019est un principe auquel on doit se r\u00e9f\u00e9rer dans ce moment. La R\u00e9publique, l\u2019enseignement public, la\u00efque sont des principes qu\u2019il faut r\u00e9investir, r\u00e9habiter mais qui sont des remparts par rapport \u00e0 ce qu\u2019il se passe. \u00bb<\/p>\n<p><em> <strong>Sur M\u00e9lenchon et les Tch\u00e9tch\u00e8nes <\/strong>  <\/em><br \/>\n\u00ab Je ne sais pas ce qu\u2019il a voulu dire sur les Tch\u00e9tch\u00e8nes. Moi je ne parlerais pas de communaut\u00e9 tch\u00e9tch\u00e8ne. Il y a des histoires tr\u00e8s diff\u00e9rentes entre les tch\u00e9tch\u00e8nes qui sont sur notre territoire aujourd\u2019hui et qu\u2019on a accueilli parce que le pays \u00e9tait en guerre. \u00bb<div id='gallery-1' class='gallery galleryid-12519 gallery-columns-3 gallery-size-thumbnail'><figure class='gallery-item'>\n\t\t\t<div class='gallery-icon landscape'>\n\t\t\t\t<a href='https:\/\/archives.regards.fr\/wp-content\/uploads\/2020\/10\/screenshot_2020-10-21_at_14-329.11.26.png'><img loading=\"lazy\" decoding=\"async\" width=\"150\" height=\"150\" src=\"https:\/\/archives.regards.fr\/wp-content\/uploads\/2020\/10\/screenshot_2020-10-21_at_14-329.11.26-150x150.png\" class=\"attachment-thumbnail size-thumbnail\" alt=\"screenshot_2020-10-21_at_14.11.26.png\" \/><\/a>\n\t\t\t<\/div><\/figure>\n\t\t<\/div>\n<\/p>\n","protected":false},"excerpt":{"rendered":"<p>Cl\u00e9mentine Autain est d\u00e9put\u00e9e de La France insoumise. Co-directrice de la revue Regards. Elle vient de publier <em>\u00c0 gauche en sortant de l\u2019hyper march\u00e9<\/em> aux \u00c9ditions Grasset. Elle est l\u2019invit\u00e9e de #LaMidinale.<\/p>\n","protected":false},"author":1039,"featured_media":29815,"comment_status":"open","ping_status":"open","sticky":false,"template":"","format":"standard","meta":{"_themeisle_gutenberg_block_has_review":false,"footnotes":""},"categories":[238],"tags":[293],"class_list":["post-12519","post","type-post","status-publish","format-standard","has-post-thumbnail","hentry","category-la-midinale","tag-entretien"],"_links":{"self":[{"href":"https:\/\/archives.regards.fr\/index.php?rest_route=\/wp\/v2\/posts\/12519","targetHints":{"allow":["GET"]}}],"collection":[{"href":"https:\/\/archives.regards.fr\/index.php?rest_route=\/wp\/v2\/posts"}],"about":[{"href":"https:\/\/archives.regards.fr\/index.php?rest_route=\/wp\/v2\/types\/post"}],"author":[{"embeddable":true,"href":"https:\/\/archives.regards.fr\/index.php?rest_route=\/wp\/v2\/users\/1039"}],"replies":[{"embeddable":true,"href":"https:\/\/archives.regards.fr\/index.php?rest_route=%2Fwp%2Fv2%2Fcomments&post=12519"}],"version-history":[{"count":0,"href":"https:\/\/archives.regards.fr\/index.php?rest_route=\/wp\/v2\/posts\/12519\/revisions"}],"wp:featuredmedia":[{"embeddable":true,"href":"https:\/\/archives.regards.fr\/index.php?rest_route=\/wp\/v2\/media\/29815"}],"wp:attachment":[{"href":"https:\/\/archives.regards.fr\/index.php?rest_route=%2Fwp%2Fv2%2Fmedia&parent=12519"}],"wp:term":[{"taxonomy":"category","embeddable":true,"href":"https:\/\/archives.regards.fr\/index.php?rest_route=%2Fwp%2Fv2%2Fcategories&post=12519"},{"taxonomy":"post_tag","embeddable":true,"href":"https:\/\/archives.regards.fr\/index.php?rest_route=%2Fwp%2Fv2%2Ftags&post=12519"}],"curies":[{"name":"wp","href":"https:\/\/api.w.org\/{rel}","templated":true}]}}