{"id":12517,"date":"2020-10-16T13:57:18","date_gmt":"2020-10-16T11:57:18","guid":{"rendered":"https:\/\/wp.muchomaas.com\/article-clement-senechal-il-faut-partager-l-effort-budgetaire-et-l-effort-de-sobriete\/"},"modified":"2023-06-24T00:03:51","modified_gmt":"2023-06-23T22:03:51","slug":"article-clement-senechal-il-faut-partager-l-effort-budgetaire-et-l-effort-de-sobriete","status":"publish","type":"post","link":"https:\/\/archives.regards.fr\/?p=12517","title":{"rendered":"Cl\u00e9ment S\u00e9n\u00e9chal : \u00ab Il faut partager l\u2019effort budg\u00e9taire et l&#8217;effort de sobri\u00e9t\u00e9 pour r\u00e9duire nos \u00e9missions de gaz \u00bb"},"content":{"rendered":"<p class=\"post_excerpt\">Greenpeace vient de publier un rapport \u00ab L\u2019argent sale du capital \u00bb qui revient sur l&#8217;empreinte carbone du patrimoine financier des m\u00e9nages. L\u2019empreinte carbone du patrimoine financier des 1% les plus riches est li\u00e9 \u00e0 66 fois plus d&#8217;\u00e9missions que celui du premier d\u00e9cile. On en parle avec Cl\u00e9ment S\u00e9n\u00e9chal, porte-parole des politiques climat, est l\u2019invit\u00e9 #LaMidinale.<\/p>\n<h2>UNE MIDINALE \u00c0 VOIR&#8230;<\/h2>\n<p><iframe loading=\"lazy\" width=\"490\" height=\"276\" src=\"https:\/\/www.youtube.com\/embed\/ZEBbVnuSbvs\" frameborder=\"0\" allow=\"accelerometer; autoplay; clipboard-write; encrypted-media; gyroscope; picture-in-picture\" allowfullscreen><\/iframe><\/p>\n<p>&nbsp;<\/p>\n<p><h2>ET \u00c0 LIRE&#8230;<\/h2>\n<p><em>\u00a0<strong>Sur le report de la d\u00e9cision UE sur les \u00e9missions de gaz \u00e0 effet de serre <\/em>\u00a0<\/strong><br \/>\n\u00ab Ce report est symptomatique des retards qui s\u2019accumulent au niveau europ\u00e9en sur la question climatique qui est li\u00e9 en r\u00e9alit\u00e9 au manque d\u2019ambition des \u00e9conomies nationales et des Etats. \u00bb<br \/>\n\u00ab Les Etats sont en retard sur leurs propres objectifs. \u00bb<br \/>\n\u00ab La France a pr\u00e9f\u00e9r\u00e9 augmenter ses droits \u00e0 polluer pour les prochaines ann\u00e9es plut\u00f4t que d\u2019aligner des politiques publiques ambitieuses. \u00bb<br \/>\n\u00ab La France est ambigu\u00eb et ne joue pas son r\u00f4le de leader diplomatique au niveau europ\u00e9en sur la question climatique. \u00bb<br \/>\n\u00ab On nous avait annonc\u00e9 un greendeal : la pand\u00e9mie aurait pu \u00eatre l\u2019occasion de basculer dans le monde d\u2019apr\u00e8s et en r\u00e9alit\u00e9 la pand\u00e9mie est utilis\u00e9e comme pr\u00e9texte pour remettre \u00e0 plus tard les d\u00e9cisions courageuses \u00e0 prendre. \u00bb<\/p>\n<p><em>\u00a0<strong>Sur les 30 milliards pour l\u2019\u00e9cologie et le PLF2021<\/em>\u00a0<\/strong><br \/>\n\u00ab Ce que fait le gouvernement c\u2019est de saupoudrer de mani\u00e8re temporaire quelques secteurs de la transition sans op\u00e9rer une bifurcation de notre \u00e9conomie. \u00bb<br \/>\n\u00ab Ce qui a \u00e9t\u00e9 vot\u00e9 cette semaine, c\u2019est une baisse de 10 milliards d\u2019euros par en des imp\u00f4ts de production qui va d\u2019abord profiter aux entreprises les plus polluantes et au monde de la finance alors que c\u2019est l\u00e0 que l\u2019empreinte carbone est la plus \u00e9lev\u00e9e. \u00c7a pr\u00e9pare un rebond des \u00e9missions de gaz \u00e0 effet de serre. \u00bb<br \/>\n\u00ab Il faut financer les secteurs de la transition mais aussi organiser la d\u00e9crue des secteurs qui concourent aujourd\u2019hui au r\u00e9chauffement climatique. Et le gouvernement est strictement incapable de le faire. \u00bb<\/p>\n<p><em>\u00a0<strong>Sur l\u2019ISF climatique <\/em>\u00a0<\/strong><br \/>\n\u00ab On a une fiscalit\u00e9 carbone qui est en souffrance : depuis la mobilisation des gilets jaune, on a gel\u00e9 la trajectoire de la taxe carbone. On a le levier de la tarification du carbone qui n\u2019est aujourd\u2019hui plus utilis\u00e9 par l\u2019Etat. \u00bb<br \/>\n\u00ab Le levier de la fiscalit\u00e9 est l\u2019un des leviers les plus efficaces. \u00bb<br \/>\n\u00ab La taxe carbone est injuste parce qu\u2019elle n\u2019est accompagn\u00e9e d\u2019aucun m\u00e9canisme redistributif. Elle est acquitt\u00e9e plus lourdement par les m\u00e9nages les plus modestes alors qu\u2019ils polluent moins. \u00bb<br \/>\n\u00ab Il y a un partage de l\u2019effort budg\u00e9taire et de l\u2019effort de sobri\u00e9t\u00e9 \u00e0 fournir pour r\u00e9duire nos \u00e9missions de gaz \u00e0 effet de serre. \u00bb<br \/>\n\u00ab La taxe carbone sur la consommation est injuste mais elle est aussi incoh\u00e9rente parce qu\u2019elle ne prend pas en compte certains usages du capital et notamment l\u2019usage financier du capital. \u00bb<br \/>\n\u00ab On a calcul\u00e9 l\u2019empreinte carbone du patrimoine financier des diff\u00e9rents m\u00e9nages, par d\u00e9cile, et on s\u2019est aper\u00e7u que les disparit\u00e9s en termes d\u2019empreinte carbone entre les plus pauvres et les plus riches explosent quand on prend en compte les disparit\u00e9s de l\u2019empreinte carbone du patrimoine financier (placements, actions, obligations, comptes \u00e9pargne, assurances vie. \u00bb<br \/>\n\u00ab On s\u2019est aper\u00e7u que le patrimoine financier des 1% les plus riches est li\u00e9 \u00e0 66 fois plus d\u2019\u00e9mission de gaz \u00e0 effet de serre que le patrimoine financier des 10% les plus pauvres. \u00bb<br \/>\n\u00ab Avec cet ISF climatique, plus le patrimoine financier est \u00e9metteur, plus vous payerez cher votre ISF. <\/p>\n<p><em>\u00a0<strong>Sur la Convention citoyenne pour le climat<\/em>\u00a0<\/strong><br \/>\n\u00ab C\u2019est un g\u00e2chis accompagn\u00e9 d\u2019une \u00e9norme perte de temps. \u00bb<br \/>\n\u00ab Emmanuel Macron a d\u00e9poss\u00e9d\u00e9 et les parlementaires et le minist\u00e8re de la transition \u00e9cologique de leurs pr\u00e9rogatives en proposant que \u00e7a se discute entre citoyens &#8211; comme si on ne savait pas comment r\u00e9duire les \u00e9missions de gaz \u00e0 effet de serre de 40% d\u2019ici \u00e0 2030\u2026 \u00bb<br \/>\n\u00ab Emmanuel Macron a pens\u00e9 qu\u2019en tirant au sort un panel de gens, il y aurait de l\u2019acceptabilit\u00e9. \u00bb<br \/>\n\u00ab En r\u00e9alit\u00e9, le gouvernement et les lobbies qui sont concern\u00e9s par les mesures s\u2019y opposent. \u00bb<br \/>\n\u00ab Le gouvernement d\u00e9ploie une strat\u00e9gie dilatoire en int\u00e9grant les citoyens dans des groupes de travail qui n\u2019en sont pas vraiment de fa\u00e7on interminable, en repoussant \u00e0 plus tard leurs mesures et en les vidant de leur contenu. \u00bb<div id='gallery-1' class='gallery galleryid-12517 gallery-columns-3 gallery-size-thumbnail'><figure class='gallery-item'>\n\t\t\t<div class='gallery-icon landscape'>\n\t\t\t\t<a href='https:\/\/archives.regards.fr\/wp-content\/uploads\/2020\/10\/capture_d_e_cran_2020-10-16_a_13-00e.43.54.png'><img loading=\"lazy\" decoding=\"async\" width=\"150\" height=\"150\" src=\"https:\/\/archives.regards.fr\/wp-content\/uploads\/2020\/10\/capture_d_e_cran_2020-10-16_a_13-00e.43.54-150x150.png\" class=\"attachment-thumbnail size-thumbnail\" alt=\"capture_d_e_cran_2020-10-16_a_13.43.54.png\" \/><\/a>\n\t\t\t<\/div><\/figure>\n\t\t<\/div>\n<\/p>\n","protected":false},"excerpt":{"rendered":"<p>Greenpeace vient de publier un rapport \u00ab L\u2019argent sale du capital \u00bb qui revient sur l&#8217;empreinte carbone du patrimoine financier des m\u00e9nages. L\u2019empreinte carbone du patrimoine financier des 1% les plus riches est li\u00e9 \u00e0 66 fois plus d&#8217;\u00e9missions que celui du premier d\u00e9cile. On en parle avec Cl\u00e9ment S\u00e9n\u00e9chal, porte-parole des politiques climat, est l\u2019invit\u00e9 #LaMidinale.<\/p>\n","protected":false},"author":1039,"featured_media":29811,"comment_status":"open","ping_status":"open","sticky":false,"template":"","format":"standard","meta":{"_themeisle_gutenberg_block_has_review":false,"footnotes":""},"categories":[238],"tags":[293],"class_list":["post-12517","post","type-post","status-publish","format-standard","has-post-thumbnail","hentry","category-la-midinale","tag-entretien"],"_links":{"self":[{"href":"https:\/\/archives.regards.fr\/index.php?rest_route=\/wp\/v2\/posts\/12517","targetHints":{"allow":["GET"]}}],"collection":[{"href":"https:\/\/archives.regards.fr\/index.php?rest_route=\/wp\/v2\/posts"}],"about":[{"href":"https:\/\/archives.regards.fr\/index.php?rest_route=\/wp\/v2\/types\/post"}],"author":[{"embeddable":true,"href":"https:\/\/archives.regards.fr\/index.php?rest_route=\/wp\/v2\/users\/1039"}],"replies":[{"embeddable":true,"href":"https:\/\/archives.regards.fr\/index.php?rest_route=%2Fwp%2Fv2%2Fcomments&post=12517"}],"version-history":[{"count":0,"href":"https:\/\/archives.regards.fr\/index.php?rest_route=\/wp\/v2\/posts\/12517\/revisions"}],"wp:featuredmedia":[{"embeddable":true,"href":"https:\/\/archives.regards.fr\/index.php?rest_route=\/wp\/v2\/media\/29811"}],"wp:attachment":[{"href":"https:\/\/archives.regards.fr\/index.php?rest_route=%2Fwp%2Fv2%2Fmedia&parent=12517"}],"wp:term":[{"taxonomy":"category","embeddable":true,"href":"https:\/\/archives.regards.fr\/index.php?rest_route=%2Fwp%2Fv2%2Fcategories&post=12517"},{"taxonomy":"post_tag","embeddable":true,"href":"https:\/\/archives.regards.fr\/index.php?rest_route=%2Fwp%2Fv2%2Ftags&post=12517"}],"curies":[{"name":"wp","href":"https:\/\/api.w.org\/{rel}","templated":true}]}}