{"id":12516,"date":"2020-10-15T13:06:58","date_gmt":"2020-10-15T11:06:58","guid":{"rendered":"https:\/\/wp.muchomaas.com\/article-anne-sophie-pelletier-si-on-n-avait-pas-demantele-l-hopital-on-pourrait-aujourd\/"},"modified":"2023-06-24T00:03:51","modified_gmt":"2023-06-23T22:03:51","slug":"article-anne-sophie-pelletier-si-on-n-avait-pas-demantele-l-hopital-on-pourrait-aujourd","status":"publish","type":"post","link":"https:\/\/archives.regards.fr\/?p=12516","title":{"rendered":"Anne-Sophie Pelletier : \u00ab Si on n\u2019avait pas d\u00e9mantel\u00e9 l\u2019h\u00f4pital, on pourrait aujourd\u2019hui soigner tout le monde \u00bb"},"content":{"rendered":"<p class=\"post_excerpt\">Les soignants d\u00e9filent aujourd\u2019hui partout en France pour d\u00e9noncer les conditions de travail dans l\u2019h\u00f4pital public alors que la deuxi\u00e8me vague du Covid semble s\u2019enraciner. Anne-Sophie Pelletier, d\u00e9put\u00e9e europ\u00e9enne (LFI), aide m\u00e9dico-psychologique en EHPAD, est l\u2019invit\u00e9e de #LaMidinale.<\/p>\n<h2>UNE MIDINALE \u00c0 VOIR&#8230;<\/h2>\n<p><iframe loading=\"lazy\" width=\"490\" height=\"276\" src=\"https:\/\/www.youtube.com\/embed\/KWE9r1V-3NA\" frameborder=\"0\" allow=\"accelerometer; autoplay; clipboard-write; encrypted-media; gyroscope; picture-in-picture\" allowfullscreen><\/iframe><\/p>\n<p>&nbsp;<\/p>\n<p><h2>ET \u00c0 LIRE&#8230;<\/h2>\n<p><em>\u00a0<strong>Sur les perquisitions <\/em>\u00a0<\/strong><br \/>\n\u00ab Je comprends cette proc\u00e9dure parce qu\u2019il faut trouver des responsabilit\u00e9s sur la crise du Covid. \u00bb<br \/>\n\u00ab Ils ne sont pas les seuls contre qui il y a eu des plaintes. Des familles se sont cr\u00e9\u00e9es en collectif pour porter plainte contre des Ehpad. \u00bb<br \/>\n\u00ab Qu\u2019on soit ministre ou citoyen, tout le monde est soumis aux m\u00eames r\u00e8gles et c\u2019est rassurant. \u00bb<br \/>\n\u00ab On leur reproche de ne pas avoir prot\u00e9g\u00e9 les gens. \u00bb<br \/>\n\u00ab On sait le manque de protections pour les soignants, les aides \u00e0 domicile. Ils n\u2019ont pas su g\u00e9rer cette crise. Ils n\u2019ont pas su prot\u00e9ger ni les personnes ni les patients. \u00bb<br \/>\n\u00ab Le Covid n\u2019a fait que r\u00e9v\u00e9ler la crise de l\u2019h\u00f4pital. L\u2019h\u00f4pital est malade parce que depuis des ann\u00e9es on ferme des lits et des services. \u00bb<\/p>\n<p><em>\u00a0<strong>Sur le couvre-feu<\/em>\u00a0<\/strong><br \/>\n\u00ab Je rapproche \u00e0 Emmanuel Macron ses injonctions contradictoires &#8211; comme si le virus n\u2019agissait que la nuit. \u00bb<br \/>\n\u00ab Les plus grands foyers de contamination sont dans les entreprises, dans les universit\u00e9s et dans le cadre familial. \u00bb<br \/>\n\u00ab \u00c0 8h du matin on peut prendre les transports en commun sans probl\u00e8me alors qu\u2019il y a \u00e9norm\u00e9ment de monde. \u00bb<br \/>\n\u00ab On nous demande de r\u00e9duire nos contacts sociaux mais on nous encourage \u00e0 partir en vacances. On ne comprend rien. \u00bb<br \/>\n\u00ab Je pense aux cafetiers, aux restaurateurs, au monde de la culture et du sport. \u00bb<br \/>\n\u00ab Un virus n\u2019attaque pas qu\u2019\u00e0 des heures pr\u00e9cises. Il attaque tout le temps. Ces d\u00e9cisions sont ubuesques. \u00bb<br \/>\n\u00ab On manque de lit. Macaron prend cette d\u00e9cision pour que les services de r\u00e9animation ne soient pas satur\u00e9s. \u00bb<br \/>\n\u00ab \u00c0 partir de samedi il va y avoir l\u2019exode des cadres dans leur maison secondaire. Je pense aux gens qui sont dans des petits appartements, nombreux. Les in\u00e9galit\u00e9s ont explos\u00e9. \u00bb<\/p>\n<p><em>\u00a0<strong>Sur la mobilisation des soignants <\/em>\u00a0<\/strong><br \/>\n\u00ab Les soignants sont les grands oubli\u00e9s et on ne d\u00e9couvre rien parce qu\u2019ils ont toujours \u00e9t\u00e9 les grands oubli\u00e9s. \u00bb<br \/>\n\u00ab Quand les soignants manifestent, ils re\u00e7oivent des gaz lacrymog\u00e8nes. \u00bb<br \/>\n\u00ab Le S\u00e9gur de la sant\u00e9 est une farce. \u00bb<br \/>\n\u00ab Aujourd\u2019hui, travailler \u00e0 l\u2019h\u00f4pital ne plait plus et ne cr\u00e9\u00e9 plus de vocation parce qu\u2019ils ont d\u00e9truit l\u2019h\u00f4pital public. \u00bb<br \/>\n\u00ab La sant\u00e9 est devenue une variable d\u2019ajustement de tous les gouvernements nationaux. \u00bb<br \/>\n\u00ab Je tire mon chapeau \u00e0 tous les soignants. \u00bb<br \/>\n\u00ab Il faut du temps pour former les personnels. \u00bb<br \/>\n\u00ab Les soignants inscrits sur la r\u00e9serve sanitaire ne veulent pas retourner \u00e0 l\u2019h\u00f4pital parce qu\u2019ils ne peuvent plus supporter les conditions de travail. \u00bb<br \/>\n\u00ab On trie les patients. \u00bb<br \/>\n\u00ab Si on n\u2019avait pas d\u00e9mantel\u00e9 l\u2019h\u00f4pital, aujourd\u2019hui on pourrait soigner tout le monde. \u00bb<\/p>\n<p><em>\u00a0<strong>Sur la comparaison avec les autres pays europ\u00e9ens<\/em>\u00a0<\/strong><br \/>\n\u00ab Je ne dirais pas qu\u2019ils [les autres pays europ\u00e9ens] g\u00e8rent mieux la crise que nous, ils la g\u00e8rent diff\u00e9remment. \u00bb<br \/>\n\u00ab Angela Merkel est plus dure. Elle n\u2019a pas fait de la crise du Covid une question politique mais une question sanitaire. Elle \u00e9coute plus les m\u00e9decins qu\u2019elle n\u2019\u00e9coute les prochaines \u00e9lections. \u00bb<\/p>\n<p><em>\u00a0<strong>Sur la d\u00e9mocratie <\/em>\u00a0<\/strong><br \/>\n\u00ab La crise de la d\u00e9mocratie n\u2019a pas attendu le Covid. \u00bb<br \/>\n\u00ab La prochaine pl\u00e9ni\u00e8re du Parlement n\u2019aura pas lieu \u00e0 Strasbourg. \u00bb<div id='gallery-1' class='gallery galleryid-12516 gallery-columns-3 gallery-size-thumbnail'><figure class='gallery-item'>\n\t\t\t<div class='gallery-icon landscape'>\n\t\t\t\t<a href='https:\/\/archives.regards.fr\/wp-content\/uploads\/2020\/10\/capture_d_e_cran_2020-10-15_a_12-2f3.50.18.png'><img loading=\"lazy\" decoding=\"async\" width=\"150\" height=\"150\" src=\"https:\/\/archives.regards.fr\/wp-content\/uploads\/2020\/10\/capture_d_e_cran_2020-10-15_a_12-2f3.50.18-150x150.png\" class=\"attachment-thumbnail size-thumbnail\" alt=\"capture_d_e_cran_2020-10-15_a_12.50.18.png\" \/><\/a>\n\t\t\t<\/div><\/figure>\n\t\t<\/div>\n<\/p>\n","protected":false},"excerpt":{"rendered":"<p>Les soignants d\u00e9filent aujourd\u2019hui partout en France pour d\u00e9noncer les conditions de travail dans l\u2019h\u00f4pital public alors que la deuxi\u00e8me vague du Covid semble s\u2019enraciner. Anne-Sophie Pelletier, d\u00e9put\u00e9e europ\u00e9enne (LFI), aide m\u00e9dico-psychologique en EHPAD, est l\u2019invit\u00e9e de #LaMidinale.<\/p>\n","protected":false},"author":1204,"featured_media":29809,"comment_status":"open","ping_status":"open","sticky":false,"template":"","format":"standard","meta":{"_themeisle_gutenberg_block_has_review":false,"footnotes":""},"categories":[238],"tags":[293],"class_list":["post-12516","post","type-post","status-publish","format-standard","has-post-thumbnail","hentry","category-la-midinale","tag-entretien"],"_links":{"self":[{"href":"https:\/\/archives.regards.fr\/index.php?rest_route=\/wp\/v2\/posts\/12516","targetHints":{"allow":["GET"]}}],"collection":[{"href":"https:\/\/archives.regards.fr\/index.php?rest_route=\/wp\/v2\/posts"}],"about":[{"href":"https:\/\/archives.regards.fr\/index.php?rest_route=\/wp\/v2\/types\/post"}],"author":[{"embeddable":true,"href":"https:\/\/archives.regards.fr\/index.php?rest_route=\/wp\/v2\/users\/1204"}],"replies":[{"embeddable":true,"href":"https:\/\/archives.regards.fr\/index.php?rest_route=%2Fwp%2Fv2%2Fcomments&post=12516"}],"version-history":[{"count":0,"href":"https:\/\/archives.regards.fr\/index.php?rest_route=\/wp\/v2\/posts\/12516\/revisions"}],"wp:featuredmedia":[{"embeddable":true,"href":"https:\/\/archives.regards.fr\/index.php?rest_route=\/wp\/v2\/media\/29809"}],"wp:attachment":[{"href":"https:\/\/archives.regards.fr\/index.php?rest_route=%2Fwp%2Fv2%2Fmedia&parent=12516"}],"wp:term":[{"taxonomy":"category","embeddable":true,"href":"https:\/\/archives.regards.fr\/index.php?rest_route=%2Fwp%2Fv2%2Fcategories&post=12516"},{"taxonomy":"post_tag","embeddable":true,"href":"https:\/\/archives.regards.fr\/index.php?rest_route=%2Fwp%2Fv2%2Ftags&post=12516"}],"curies":[{"name":"wp","href":"https:\/\/api.w.org\/{rel}","templated":true}]}}