{"id":12514,"date":"2020-10-14T11:27:35","date_gmt":"2020-10-14T09:27:35","guid":{"rendered":"https:\/\/wp.muchomaas.com\/article-le-premier-agent-de-l-extreme-droite-c-est-la-republique-en-marche\/"},"modified":"2023-06-24T00:03:50","modified_gmt":"2023-06-23T22:03:50","slug":"article-le-premier-agent-de-l-extreme-droite-c-est-la-republique-en-marche","status":"publish","type":"post","link":"https:\/\/archives.regards.fr\/?p=12514","title":{"rendered":"\u00ab Le premier agent de l\u2019extr\u00eame droite, c\u2019est La R\u00e9publique en marche \u00bb"},"content":{"rendered":"<p class=\"post_excerpt\">L&#8217;Observatoire national de l&#8217;extr\u00eame droite a \u00e9t\u00e9 lanc\u00e9 ce lundi. Pour en parler, Thomas Portes, son pr\u00e9sident, et Jos\u00e9phine Delpeyrat, sa secr\u00e9taire g\u00e9n\u00e9rale, sont les invit\u00e9s de #LaMidinale.<\/p>\n<h2>UNE MIDINALE \u00c0 VOIR&#8230;<\/h2>\n<p><iframe loading=\"lazy\" width=\"490\" height=\"276\" src=\"https:\/\/www.youtube.com\/embed\/05QO84gpJ04\" frameborder=\"0\" allow=\"accelerometer; autoplay; clipboard-write; encrypted-media; gyroscope; picture-in-picture\" allowfullscreen><\/iframe><\/p>\n<p>&nbsp;<\/p>\n<p><h2>ET \u00c0 LIRE&#8230;<\/h2>\n<p><em>\u00a0<strong>Sur le r\u00f4le de l\u2019Observatoire national de l\u2019extr\u00eame droite<\/em>\u00a0<\/strong><br \/>\n\u00ab\u00a0L\u2019Observatoire va servir \u00e0 mener la bataille id\u00e9ologique contre l\u2019extr\u00eame droite.\u00a0\u00bb<br \/>\n\u00ab\u00a0Il faut mener le combat frontalement avec l\u2019extr\u00eame droite.\u00a0\u00bb<br \/>\n\u00ab\u00a0Les id\u00e9es de l\u2019extr\u00eame droite prosp\u00e8rent sur les plateaux de t\u00e9l\u00e9vision, infiltrent le monde syndical, sont pr\u00e9sentes dans le monde du travail, attaquent le f\u00e9minisme\u2026\u00a0\u00bb<br \/>\n\u00ab\u00a0L\u2019un des objectifs de l\u2019Observatoire, c\u2019est d\u2019identifier les groupuscules de l\u2019extr\u00eame droite.\u00a0\u00bb<br \/>\n\u00ab\u00a0Les revendications catholiques traditionalistes reviennent beaucoup aujourd\u2019hui et s\u2019en prennent frontalement aux f\u00e9ministes ou aux homosexuels qui d\u00e9fendent notamment la PMA.\u00a0\u00bb<br \/>\n\u00ab\u00a0Il faut prendre toutes les id\u00e9es de l\u2019extr\u00eame droite et les d\u00e9construire.\u00a0\u00bb<\/p>\n<p><em>\u00a0<strong>Sur les formes que prend l\u2019extr\u00eame droite<\/em>\u00a0<\/strong><br \/>\n\u00ab\u00a0Quand on m\u00e8ne un combat contre l\u2019extr\u00eame droite, on m\u00e8ne aussi un combat contre le lib\u00e9ralisme.\u00a0\u00bb<br \/>\n\u00ab\u00a0On veut combattre l\u2019extr\u00eame droite en tant que courant de pens\u00e9e.\u00a0\u00bb<br \/>\n\u00ab\u00a0L\u2019extr\u00eame droite a investi le monde m\u00e9diatique de fa\u00e7on tr\u00e8s importante : sur CNews, tous les soirs, Eric Zemmour livre devant 500 ou 600.000 t\u00e9l\u00e9spectateurs sa version de la soci\u00e9t\u00e9 fran\u00e7aise et de l\u2019histoire avec personne pour le contredire.<br \/>\n\u00ab\u00a0Des \u00e9coles de l\u2019extr\u00eame droite structurent des \u00e9coles de pens\u00e9e : la ville de Lyon est un laboratoire tr\u00e8s puissant. C\u2019est l\u00e0 que Marion Mar\u00e9chal-Le Pen a install\u00e9 son \u00e9cole de formation de cadres politiques.\u00a0\u00bb<\/p>\n<p><em>\u00a0<strong>Sur le discours et l\u2019id\u00e9ologie de l\u2019extr\u00eame droite<\/em>\u00a0<\/strong><br \/>\n\u00ab\u00a0L\u2019id\u00e9ologie de l\u2019extr\u00eame droite a infus\u00e9 bien au-del\u00e0 des \u00e9lecteurs habituels.\u00a0\u00bb<br \/>\n\u00ab\u00a0On est de plus en plus conciliant avec le discours d\u2019extr\u00eame droite.\u00a0\u00bb<br \/>\n\u00ab\u00a0Le discours de l\u2019extr\u00eame droite, on le retrouve \u00e0 droite mais aussi \u00e0 gauche, avec des sujets comme l\u2019islamophobie : on a lourdement d\u00e9rap\u00e9 lorsque l\u2019on parle du port du voile en France, du burkini ou de la d\u00e9ch\u00e9ance de nationalit\u00e9\u2026\u00a0\u00bb<br \/>\n\u00ab\u00a0Il faut arr\u00eater de normaliser le discours de l\u2019extr\u00eame droite.\u00a0\u00bb<\/p>\n<p><em>\u00a0<strong>Sur la gauche et l\u2019extr\u00eame droite<\/em>\u00a0<\/strong><br \/>\n\u00ab\u00a0A certains moments, je pense que l\u2019on manque de courage politique.\u00a0\u00bb<br \/>\n\u00ab\u00a0Regards a \u00e9t\u00e9 \u00e0 l\u2019initiative d\u2019un appel sur la question des migrants qui a fractur\u00e9 une partie de la gauche : il n\u2019a pas \u00e9t\u00e9 assum\u00e9 nos responsabilit\u00e9s, il n\u2019a pas \u00e9t\u00e9 assum\u00e9 le fait d\u2019avoir un accueil, pour des raisons certainement \u00e9lectorales mais ce qui est tr\u00e8s dangereux.\u00a0\u00bb<br \/>\n\u00ab\u00a0Partout o\u00f9 l\u2019on c\u00e8de du terrain \u00e0 l\u2019extr\u00eame droite, derri\u00e8re, elle s\u2019implante lourdement.\u00a0\u00bb<br \/>\n\u00ab\u00a0Les mairies qui sont tomb\u00e9es dans l\u2019escarcelle du Front national ont souvent \u00e9t\u00e9 r\u00e9\u00e9lues tr\u00e8s largement en 2020.\u00a0\u00bb<br \/>\n\u00ab\u00a0Face \u00e0 l\u2019extr\u00eame droite, la gauche a une responsabilit\u00e9 qui est immense &#8211; et cela passe aussi par la question du rassemblement.\u00a0\u00bb<br \/>\n\u00ab\u00a0Il faut assumer de dire que l\u2019on est contre l\u2019extr\u00eame droite et que c\u2019est un courant de pens\u00e9e qui est naus\u00e9abond.\u00a0\u00bb<br \/>\n\u00ab\u00a0Le maire d\u2019Hayange [Fabien Engelmann] est aujourd\u2019hui encart\u00e9 au Rassemblement national mais est un ancien syndicaliste CGT.\u00a0\u00bb<br \/>\n\u00ab\u00a0Il faut le dire : il y a des gens qui votent \u00e0 l\u2019extr\u00eame droite dans les syndicats et dans les quartiers populaires, ce n\u2019est pas une majorit\u00e9 mais les chiffres l\u2019attestent.\u00a0\u00bb<br \/>\n\u00ab\u00a0Nous aurons un r\u00f4le de surveillance de tout ce qui va faire jouer une place \u00e0 l\u2019extr\u00eame droite : quand on n\u2019assume pas nos valeurs ou que l\u2019on est en recul sur certains discours, il faudra aussi le d\u00e9noncer.\u00a0\u00bb<\/p>\n<p><em>\u00a0<strong>Sur la droite et l\u2019extr\u00eame droite<\/em>\u00a0<\/strong><br \/>\n\u00ab\u00a0On revendique le caract\u00e8re militant de notre Observatoire qui m\u00e8ne une gu\u00e9rilla id\u00e9ologique assum\u00e9e.\u00a0\u00bb<br \/>\n\u00ab\u00a0Le premier agent aujourd\u2019hui de l\u2019extr\u00eame droite, c\u2019est La R\u00e9publique En Marche qui fait une rentr\u00e9e politique sur la question du s\u00e9paratisme en ciblant l\u2019islam politique. Mais dans les quartiers populaires qui nous parle d\u2019islam politique, du burkini ou du voile ? Personne. Les gens ont d\u2019autres probl\u00e9matiques : trouver un boulot, se loger ou lutter contre le r\u00e9chauffement climatique.\u00a0\u00bb<br \/>\n\u00ab\u00a0On veut nous inscrire dans un sc\u00e9nario politique qui va nous amener en 2022 avec le choix entre Marine Le Pen et Emmanuel Macron (ou un candidat qui incarnera la droite lib\u00e9rale). Sauf qu\u2019il y a d\u2019autres possibilit\u00e9s.\u00a0\u00bb<div id='gallery-1' class='gallery galleryid-12514 gallery-columns-3 gallery-size-thumbnail'><figure class='gallery-item'>\n\t\t\t<div class='gallery-icon landscape'>\n\t\t\t\t<a href='https:\/\/archives.regards.fr\/wp-content\/uploads\/2020\/10\/capture_d_e_cran_2020-10-14_a_11-639.03.16.png'><img loading=\"lazy\" decoding=\"async\" width=\"150\" height=\"150\" src=\"https:\/\/archives.regards.fr\/wp-content\/uploads\/2020\/10\/capture_d_e_cran_2020-10-14_a_11-639.03.16-150x150.png\" class=\"attachment-thumbnail size-thumbnail\" alt=\"capture_d_e_cran_2020-10-14_a_11.03.16.png\" \/><\/a>\n\t\t\t<\/div><\/figure>\n\t\t<\/div>\n<\/p>\n","protected":false},"excerpt":{"rendered":"<p>L&#8217;Observatoire national de l&#8217;extr\u00eame droite a \u00e9t\u00e9 lanc\u00e9 ce lundi. Pour en parler, Thomas Portes, son pr\u00e9sident, et Jos\u00e9phine Delpeyrat, sa secr\u00e9taire g\u00e9n\u00e9rale, sont les invit\u00e9s de #LaMidinale.<\/p>\n","protected":false},"author":1204,"featured_media":29807,"comment_status":"open","ping_status":"open","sticky":false,"template":"","format":"standard","meta":{"_themeisle_gutenberg_block_has_review":false,"footnotes":""},"categories":[238],"tags":[293],"class_list":["post-12514","post","type-post","status-publish","format-standard","has-post-thumbnail","hentry","category-la-midinale","tag-entretien"],"_links":{"self":[{"href":"https:\/\/archives.regards.fr\/index.php?rest_route=\/wp\/v2\/posts\/12514","targetHints":{"allow":["GET"]}}],"collection":[{"href":"https:\/\/archives.regards.fr\/index.php?rest_route=\/wp\/v2\/posts"}],"about":[{"href":"https:\/\/archives.regards.fr\/index.php?rest_route=\/wp\/v2\/types\/post"}],"author":[{"embeddable":true,"href":"https:\/\/archives.regards.fr\/index.php?rest_route=\/wp\/v2\/users\/1204"}],"replies":[{"embeddable":true,"href":"https:\/\/archives.regards.fr\/index.php?rest_route=%2Fwp%2Fv2%2Fcomments&post=12514"}],"version-history":[{"count":0,"href":"https:\/\/archives.regards.fr\/index.php?rest_route=\/wp\/v2\/posts\/12514\/revisions"}],"wp:featuredmedia":[{"embeddable":true,"href":"https:\/\/archives.regards.fr\/index.php?rest_route=\/wp\/v2\/media\/29807"}],"wp:attachment":[{"href":"https:\/\/archives.regards.fr\/index.php?rest_route=%2Fwp%2Fv2%2Fmedia&parent=12514"}],"wp:term":[{"taxonomy":"category","embeddable":true,"href":"https:\/\/archives.regards.fr\/index.php?rest_route=%2Fwp%2Fv2%2Fcategories&post=12514"},{"taxonomy":"post_tag","embeddable":true,"href":"https:\/\/archives.regards.fr\/index.php?rest_route=%2Fwp%2Fv2%2Ftags&post=12514"}],"curies":[{"name":"wp","href":"https:\/\/api.w.org\/{rel}","templated":true}]}}