{"id":12513,"date":"2020-10-13T14:44:46","date_gmt":"2020-10-13T12:44:46","guid":{"rendered":"https:\/\/wp.muchomaas.com\/article-alice-coffin-les-lesbiennes-sont-la-plus-lourde-menace-contre-le-patriarcat\/"},"modified":"2023-06-24T00:03:49","modified_gmt":"2023-06-23T22:03:49","slug":"article-alice-coffin-les-lesbiennes-sont-la-plus-lourde-menace-contre-le-patriarcat","status":"publish","type":"post","link":"https:\/\/archives.regards.fr\/?p=12513","title":{"rendered":"Alice Coffin : \u00ab Les lesbiennes sont la plus lourde menace contre le patriarcat \u00bb"},"content":{"rendered":"<p class=\"post_excerpt\">Alice Coffin est journaliste, militante f\u00e9ministe, activiste au sein du collectif La Barbe, co-fondatrice de l\u2019association des journalistes LGBT, de la Conf\u00e9rence europ\u00e9enne lesbienne ou encore la LIG \u2013 Lesbiennes d\u2019int\u00e9r\u00eat g\u00e9n\u00e9ral. Elle vient de publier <em>Le G\u00e9nie Lesbien<\/em> (\u00c9ditions Grasset) et elle est l\u2019invit\u00e9e de #LaMidinale. <\/p>\n<h2>UNE MIDINALE \u00c0 VOIR&#8230;<\/h2>\n<p><iframe loading=\"lazy\" width=\"490\" height=\"276\" src=\"https:\/\/www.youtube.com\/embed\/jMUB4etKle4\" frameborder=\"0\" allow=\"accelerometer; autoplay; clipboard-write; encrypted-media; gyroscope; picture-in-picture\" allowfullscreen><\/iframe><\/p>\n<p>&nbsp;<\/p>\n<p><h2>ET \u00c0 LIRE&#8230;<\/h2>\n<p><em>\u00a0<strong>Sur les critiques et la violence<\/em>\u00a0<\/strong><br \/>\n\u00ab C\u2019est dur (\u2026). Ce qui marque, ce ne sont pas les attaques, c\u2019est l\u2019inhumanit\u00e9 de certains et je pense notamment \u00e0 des journalistes. Je ne comprends pas bien la fa\u00e7on d\u2019op\u00e9rer entre \u00eatre humains. \u00bb<br \/>\n\u00ab Les sujets que j\u2019\u00e9voque sont des sujets tr\u00e8s durs et je comprends qu\u2019ils fassent r\u00e9agir parce que ce sont des sujets sur lesquels beaucoup de personnes n\u2019ont pas envie de s\u2019interroger. \u00bb<br \/>\n\u00ab \u00c7a serait bien qu\u2019on puisse toutes et tous prendre sur nous et r\u00e9fl\u00e9chir deux minutes \u00e0 la fa\u00e7on dont on agit les uns, les unes avec les autres et avoir une r\u00e9flexion sur les cons\u00e9quences que peuvent engendrer nos actes. \u00bb<br \/>\n\u00ab Je parle beaucoup de \u201cresponsabilit\u00e9s\u201d dans le livre &#8211; et notamment de la responsabilit\u00e9 des journalistes et des m\u00e9dias. Ce qui se passe ces derniers jours, c\u2019est une absence totale de responsabilit\u00e9 et un oubli absolu : celui que les journalistes ont beaucoup de pouvoir, notamment celui sur les vies individuelles. \u00bb<br \/>\n\u00ab Quand les journalistes choisissent de m\u2019interroger d\u2019une certaine mani\u00e8re, \u00e7a a des cons\u00e9quences sur la fa\u00e7on dont le d\u00e9bat public peut s\u2019organiser et \u00e7a a des cons\u00e9quences sur moi : et pour moi, c\u2019est incompr\u00e9hensible. \u00bb<br \/>\n\u00ab Le temps du combat est infini. C\u2019est ce qui rajoute parfois du d\u00e9sespoir. Je vais mourrir avant que le combat soit gagn\u00e9. Mais comme le dit ma compagne, Sylvia Casalino, on ne peut pas raisonner en terme de victoire. \u00bb<br \/>\n\u00ab On fait face \u00e0 une montagne gigantesque. \u00bb<br \/>\n\u00ab Ce qui me fait tenir, c\u2019est d\u2019\u00eatre dans l\u2019action avec d\u2019autres militantes. Le fait d\u2019\u00e9crire un livre isole un peu et \u00e7a concentre les attaques \u00e0 titre personnel avec des strat\u00e9gies d&#8217;acharnement. \u00bb<br \/>\n\u00ab Il n\u2019y a pas de discussion possible. On ne se parle pas. \u00c7a s\u2019appelle une oppression, c\u2019est-\u00e0-dire l\u2019impossibilit\u00e9 d\u2019organiser un dialogue et le refus, et presque la comp\u00e9tition, entre des histoires et des vies humaines diff\u00e9rentes. \u00bb<\/p>\n<p><em>\u00a0<strong>Sur la lesbophobie <\/em>\u00a0<\/strong><br \/>\n\u00ab C\u2019est tr\u00e8s compliqu\u00e9 pour les femmes h\u00e9t\u00e9rosexuelles mais c\u2019est vrai qu\u2019il y a beaucoup de choses qui ont \u00e0 voir avec le fait que je sois lesbienne. \u00bb<br \/>\n\u00ab Ce qui caract\u00e9rise la lesbophobie, c\u2019est souvent une oppression pas tr\u00e8s connue qui n\u2019est pas juste la somme de l\u2019homophobie et du sexisme. Il y a de l\u2019homophobie et du sexisme mais il n\u2019y a pas que \u00e7a. C\u2019est un oppression \u00e0 part enti\u00e8re et c\u2019est pour \u00e7a qu\u2019il existe un mot pour la qualifier : lesbophobie. C\u2019est l\u2019invisibilisation qui marque en particulier : le fait de ne m\u00eame pas autoriser les lesbiennes d\u2019exister. M\u00eame le mot lui-m\u00eame on a du mal \u00e0 l\u2019employer. \u00bb<br \/>\n\u00ab Les lesbiennes constituent la plus grande terreur du patriarcat. \u00bb<\/p>\n<p><em>\u00a0<strong>Sur Elisabeth Moreno, les contradicteurs et le courage en politique <\/em>\u00a0<\/strong><br \/>\n\u00ab J\u2019esp\u00e8re qu\u2019elle a lu mon livre mais je ne suis pas s\u00fbre. \u00bb<br \/>\n\u00ab C\u2019est int\u00e9ressant ce refus, cette incapacit\u00e9, de voir d\u2019o\u00f9 vient la violence et toujours la renvoyer \u00e0 celles qui essayent de s\u2019en pr\u00e9munir et de s\u2019en prot\u00e9ger un peu. C\u2019est \u00e7a la force du patriarcat. \u00bb<br \/>\n\u00ab Il y a une impunit\u00e9 totale : \u00e7a va \u00eatre dur et long parce que non seulement ils d\u00e9chainent leurs forces contre les femmes mais en plus ils leur interdisent de pouvoir s\u2019\u00e9panouir si on les d\u00e9nonce. \u00bb<br \/>\n\u00ab Ils [Elisabeth Moreno et d\u2019une mani\u00e8re g\u00e9n\u00e9rale, les contradicteurs] n\u2019ont pas compris ce qu\u2019il se passait dans le monde en termes d\u2019oppressions sexistes. Parce que s\u2019ils l\u2019avaient compris ils ne pourraient agir comme ils le font. \u00bb<br \/>\n\u00ab Il y a un probl\u00e8me de courage politique. Il y a un probl\u00e8me de pleine lucidit\u00e9 de ce qu\u2019il se passe et il y a un probl\u00e8me de la mani\u00e8re dont on le dit. \u00bb<br \/>\n\u00ab Ce matin [sur France Inter], Elisabeth Moreno \u00e9tait au bord de dire que la domination masculine est partout. \u00bb<\/p>\n<p><em>\u00a0<strong>Sur l\u2019affaire Girard\/Mazneff et les \u00e9lu-es parisiens<\/em>\u00a0<\/strong><br \/>\n\u00ab Mon pari, c\u2019est qu\u2019il y ait davantage de r\u00e9sistance dans les structures internes des champs politiques, entrepreneuriaux, dans tous les champs. \u00bb<br \/>\n\u00ab Il y a de la l\u00e2chet\u00e9 et il y a une frayeur parce qu\u2019il y a une peur en politique. Ils sont terroris\u00e9s. \u00bb<br \/>\n\u00ab Je d\u00e9couvre qu\u2019ils [les \u00e9lu-es] sont terroris\u00e9s de faire le moindre petite geste, ou de prononcer une parole qui pourrait \u00eatre r\u00e9utilis\u00e9e, interpr\u00e9t\u00e9e. \u00bb<br \/>\n\u00ab Il y a de la part des \u00e9lus parisiens une forme de l\u00e2chet\u00e9 et une peur qu\u2019on a m\u00eame essay\u00e9 de m\u2019inculquer : on m\u2019a dit \u201cfais attention, tu sais Christophe Girard est tr\u00e8s puissant\u201d. \u00bb<br \/>\n\u00ab Si j\u2019avais \u00e9t\u00e9 l\u00e0 depuis six ans [\u00e0 la mairie de Paris], je pense que de mani\u00e8re affective, peut-\u00eatre que j\u2019aurais eu plus de mal \u00e0 leur crier \u201cla honte, la honte\u201d. C\u2019est aussi \u00e7a l\u2019entre-soi et \u00e7a m\u2019a permis de mieux comprendre ce qu\u2019on entendait par \u201crenouvellement\u201d : c\u2019est-\u00e0-dire arriver dans ce champ-l\u00e0 [politique] avec la possibilit\u00e9 enti\u00e8re et une marge de manoeuvre totale. Je peux agir librement, sans affect. \u00bb<br \/>\n\u00ab Le renouvellement permet de faire exploser des cadres. \u00bb<\/p>\n<p><em>\u00a0<strong>Sur la litt\u00e9rature, le cin\u00e9ma<\/em>\u00a0<\/strong><br \/>\n\u00ab Pour \u00eatre capable de raisonner, de monter des strat\u00e9gies et de r\u00e9sister, il faut \u00e9chapper \u00e0 cette chape du regard masculin. \u00bb<br \/>\n\u00ab Je suis f\u00e2ch\u00e9e contre moi. Toute la litt\u00e9rature, tous les films &#8211; Godard, Truffaut &#8211; je les ai ador\u00e9s. J\u2019\u00e9tais pas dou\u00e9e comme f\u00e9ministe. \u00bb<br \/>\n\u00ab J\u2019ai ador\u00e9 regarder Truffaut : il est focalis\u00e9 sur les histoires de couple : un homme, une femme, un couple, avec le regard masculin et une binarit\u00e9 totale sur les genres. Les traces que \u00e7a a laiss\u00e9 sur mon comportement sont terribles. Je fais comment dans ma vie sentimentale ? Dans ma vie amoureuse ? Comment on fait quand on est nourri de \u00e7a ? Laissez nous la possibilit\u00e9, justement parce que je les connais si bien [Truffaut, Godard\u2026], d\u2019aller voir autre chose. C\u2019est de l\u2019ordre de la survie. \u00c7a a bousill\u00e9 ma vie sentimentale. D\u2019autant que le cin\u00e9ma, comme la litt\u00e9rature, sont tr\u00e8s puissants dans les imaginaires qu\u2019ils cr\u00e9ent. \u00bb<\/p>\n<p><em>\u00a0<strong>Sur les \u00ab bonnes \u00bb et les \u00ab mauvaises \u00bb f\u00e9ministes <\/em>\u00a0<\/strong><br \/>\n\u00ab Les gens se font une image de la lesbienne, m\u00e9chante, qui fait peur. \u00bb<br \/>\n\u00ab C\u2019est pas parce qu\u2019on tient un discours politique qu\u2019on ne peut pas \u00eatre adorable avec son prochain. Il y a une d\u00e9shumanisation totale. \u00bb<br \/>\n\u00ab Sur le fait d\u2019opposer les bonnes et les mauvaises f\u00e9ministes la question c\u2019est surtout : qui est-ce qui remet en cause ce qu\u2019on voudrait ne pas voir remis en cause ? \u00bb<br \/>\n\u00ab Il y a besoin d\u2019attaquer le patriarcat par le plus de fronts possibles. \u00bb<br \/>\n\u00ab Je me refuse \u00e0 dire que certaines femmes seraient ingrates alors qu\u2019on a ouvert la porte \u00e0 tellement de personnes par notre combat, notamment \u00e0 La Barbe. \u00bb<br \/>\n\u00ab On nous vole notre histoire. \u00bb<br \/>\n\u00ab Quand on prend une f\u00e9ministe pour l\u2019opposer \u00e0 une autre, c\u2019est classique et on comprend \u00e0 quoi on joue. \u00bb<br \/>\n\u00ab Je suis d\u2019accord avec Gis\u00e8le Halimi, les femmes sont plus int\u00e9ressantes \u00e0 \u00e9couter en politique et dans d\u2019autres domaines parce qu\u2019on les a moins entendues. Les hommes blancs sont l\u00e0 depuis des d\u00e9cennies et des d\u00e9cennies. Ils rab\u00e2chent et n\u2019ont pas des trucs super novateurs \u00e0 raconter. Et ils sont tr\u00e8s en panique quand je le dis. \u00bb<\/p>\n<p><em>\u00a0<strong>Sur la neutralit\u00e9 journalistique <\/em>\u00a0<\/strong><br \/>\n\u00ab L\u2019interview de Sonia Mabrouk m\u2019a beaucoup fait r\u00e9fl\u00e9chir sur mon attitude (\u2026). \u00c7a n\u2019\u00e9tait pas une interview. C\u2019est un tr\u00e8s bel exemple : je parle de m\u00e9diocrit\u00e9 des r\u00e9dactions. Il n\u2019y a aucune recherche de dialogue ou d\u2019interview. \u00bb<br \/>\n\u00ab Cette interview \u00e9tait une occasion pour Sonia Mabrouk de dire : \u2018regardez o\u00f9 je me positionne dans le champ politique et m\u00e9diatique fran\u00e7ais\u2019. \u00bb <\/p>\n<p><em>\u00a0<strong>Sur son \u00e9viction de l\u2019Institut Catholique de Paris<\/em>\u00a0<\/strong><br \/>\n\u00ab Quand je l\u2019ai appris le 4 septembre, je me suis effondr\u00e9e dans la rue. \u00bb<br \/>\n\u00ab Je sais comment cela se passe lorsqu\u2019une institution d\u00e9cide de se positionner contre un individu dans un cadre professionnel. \u00bb<br \/>\n\u00ab J\u2019enseigne \u00e0 la Catho depuis huit ans et l\u00e0, ils vont me chercher apr\u00e8s un \u00e9t\u00e9 o\u00f9 le combat \u00e9tait contre des violences p\u00e9docriminelles\u2026 Et c\u2019est l\u2019Eglise qui fait cela ! Le message envoy\u00e9 est terrible. \u00bb<br \/>\n\u00ab J\u2019ai re\u00e7u \u00e9norm\u00e9ment de mails d\u2019\u00e9tudiants et d\u2019\u00e9tudiantes de l\u2019Institut Catholique qui m\u2019ont \u00e9crit que c\u2019\u00e9tait fou parce que mes cours \u00e9taient impartiaux alors qu\u2019ils et elles ont des profs hyper racistes, hyper misogynes, hyper homophobes et que eux, on les laisse d\u00e9rouler leur argumentaire. \u00bb<br \/>\n\u00ab On sait comment les militantes f\u00e9ministes et les militantes lesbiennes finissent : dans le d\u00e9nuement et la pr\u00e9carit\u00e9. \u00bb<br \/>\n\u00ab Je vais aller devant les prud\u2019hommes [contre l\u2019ICP]. \u00bb<br \/>\n\u00ab Ce qui est dommage, c\u2019est que j\u2019aurais ador\u00e9 discuter avec eux. Parce qu\u2019il y a des choses que je peux comprendre : je suis devenue plus visible, ils re\u00e7oivent plein de pressions de donateurs, de parents, de l\u2019archev\u00eaque ou que-sais-je ! Mais il faut en parler ! Je ne comprends pas ces m\u00e9thodes qui consistent \u00e0 mettre imm\u00e9diatement la t\u00eate sous l\u2019eau. \u00bb<br \/>\n\u00ab L\u2019interview avec Sonia Mabrouk ou mon \u00e9viction de l\u2019Institut catholique, m\u00eame combat. La seule chose qui me donne un peu d\u2019espoir, c\u2019est que la chose compliqu\u00e9e, c\u2019est que le pi\u00e8ge est de leur c\u00f4t\u00e9 : leur argumentaire ne tient pas. \u00bb<br \/>\n\u00ab Il y a une volont\u00e9 de ne pas vraiment nous donner la parole parce qu\u2019une f\u00e9ministe, c\u2019est une femme qui dit la v\u00e9rit\u00e9 sur la vie. \u00bb<br \/>\n\u00ab Le message des colleuses f\u00e9ministes, c\u2019est : vous ne voulez pas les entendre dans les micros ou \u00e0 l\u2019Elys\u00e9e, et bien on va quand m\u00eame les inscrire sur tous vos murs pour les voir. \u00bb<\/p>\n<p><em>\u00a0<strong>Sur le f\u00e9minisme dans le secteur culturel<\/em>\u00a0<\/strong><br \/>\n\u00ab Lors d\u2019une action du collectif la Barbe \u00e0 l\u2019Od\u00e9on, Louis Garrel nous a r\u00e9pondu sur un ton qui nous montrait qu\u2019il nous prenait pour des \u00e9cervel\u00e9es et des incultes. \u00bb<br \/>\n\u00ab C\u2019est dans les milieux culturels que la d\u00e9n\u00e9gation est la plus forte (\u2026). Dans le monde de l\u2019entreprise, ils ne nient par exemple pas le probl\u00e8me. \u00bb<br \/>\n\u00ab Dans le monde de la culture, ils veulent absolument avoir raison et veulent nous faire passer pour des personnes qui ne comprennent rien \u00e0 l\u2019art. A savoir que la probl\u00e9matique f\u00e9ministe et sexiste n\u2019existe pas puisque tout est g\u00e9nie, tout est talent. \u00bb<br \/>\n\u00ab Il y a un d\u00e9corticage de la culture \u00e0 faire qui, parfois, est juste un autre nom pour dire masculinit\u00e9. \u00bb<div id='gallery-1' class='gallery galleryid-12513 gallery-columns-3 gallery-size-thumbnail'><figure class='gallery-item'>\n\t\t\t<div class='gallery-icon landscape'>\n\t\t\t\t<a href='https:\/\/archives.regards.fr\/wp-content\/uploads\/2020\/10\/capture_d_e_cran_2020-10-13_a_14-0d6.08.18.png'><img loading=\"lazy\" decoding=\"async\" width=\"150\" height=\"150\" src=\"https:\/\/archives.regards.fr\/wp-content\/uploads\/2020\/10\/capture_d_e_cran_2020-10-13_a_14-0d6.08.18-150x150.png\" class=\"attachment-thumbnail size-thumbnail\" alt=\"capture_d_e_cran_2020-10-13_a_14.08.18.png\" \/><\/a>\n\t\t\t<\/div><\/figure>\n\t\t<\/div>\n<\/p>\n","protected":false},"excerpt":{"rendered":"<p>Alice Coffin est journaliste, militante f\u00e9ministe, activiste au sein du collectif La Barbe, co-fondatrice de l\u2019association des journalistes LGBT, de la Conf\u00e9rence europ\u00e9enne lesbienne ou encore la LIG \u2013 Lesbiennes d\u2019int\u00e9r\u00eat g\u00e9n\u00e9ral. Elle vient de publier <em>Le G\u00e9nie Lesbien<\/em> (\u00c9ditions Grasset) et elle est l\u2019invit\u00e9e de #LaMidinale. <\/p>\n","protected":false},"author":1039,"featured_media":29805,"comment_status":"open","ping_status":"open","sticky":false,"template":"","format":"standard","meta":{"_themeisle_gutenberg_block_has_review":false,"footnotes":""},"categories":[238],"tags":[293],"class_list":["post-12513","post","type-post","status-publish","format-standard","has-post-thumbnail","hentry","category-la-midinale","tag-entretien"],"_links":{"self":[{"href":"https:\/\/archives.regards.fr\/index.php?rest_route=\/wp\/v2\/posts\/12513","targetHints":{"allow":["GET"]}}],"collection":[{"href":"https:\/\/archives.regards.fr\/index.php?rest_route=\/wp\/v2\/posts"}],"about":[{"href":"https:\/\/archives.regards.fr\/index.php?rest_route=\/wp\/v2\/types\/post"}],"author":[{"embeddable":true,"href":"https:\/\/archives.regards.fr\/index.php?rest_route=\/wp\/v2\/users\/1039"}],"replies":[{"embeddable":true,"href":"https:\/\/archives.regards.fr\/index.php?rest_route=%2Fwp%2Fv2%2Fcomments&post=12513"}],"version-history":[{"count":0,"href":"https:\/\/archives.regards.fr\/index.php?rest_route=\/wp\/v2\/posts\/12513\/revisions"}],"wp:featuredmedia":[{"embeddable":true,"href":"https:\/\/archives.regards.fr\/index.php?rest_route=\/wp\/v2\/media\/29805"}],"wp:attachment":[{"href":"https:\/\/archives.regards.fr\/index.php?rest_route=%2Fwp%2Fv2%2Fmedia&parent=12513"}],"wp:term":[{"taxonomy":"category","embeddable":true,"href":"https:\/\/archives.regards.fr\/index.php?rest_route=%2Fwp%2Fv2%2Fcategories&post=12513"},{"taxonomy":"post_tag","embeddable":true,"href":"https:\/\/archives.regards.fr\/index.php?rest_route=%2Fwp%2Fv2%2Ftags&post=12513"}],"curies":[{"name":"wp","href":"https:\/\/api.w.org\/{rel}","templated":true}]}}