{"id":12508,"date":"2020-10-12T09:17:11","date_gmt":"2020-10-12T07:17:11","guid":{"rendered":"https:\/\/wp.muchomaas.com\/article-tribune-observation-national-contre-l-extreme-droite\/"},"modified":"2023-06-24T00:03:38","modified_gmt":"2023-06-23T22:03:38","slug":"article-tribune-observation-national-contre-l-extreme-droite","status":"publish","type":"post","link":"https:\/\/archives.regards.fr\/?p=12508","title":{"rendered":"TRIBUNE. Pour la cr\u00e9ation d&#8217;un Observatoire national contre l&#8217;extr\u00eame droite"},"content":{"rendered":"<p class=\"post_excerpt\">Dans la situation politique actuelle, o\u00f9 les id\u00e9es racistes, r\u00e9actionnaires, n\u00e9ofascistes, se banalisent et se trouvent l\u00e9gitim\u00e9es par tant d&#8217;id\u00e9ologues m\u00e9diatiques et d&#8217;hommes politiques, y compris au pouvoir, est lanc\u00e9 l&#8217;Observatoire national contre l&#8217;extr\u00eame droite.<\/p>\n<p>Depuis plusieurs ann\u00e9es, \u00e9lections apr\u00e8s \u00e9lections, nous constatons que l\u2019extr\u00eame droite, dans toute sa diversit\u00e9, gagne du terrain, aussi bien dans les urnes qu\u2019en r\u00e9pandant son id\u00e9ologie au sein de l\u2019opinion publique. En 2017, au second tour des \u00e9lections pr\u00e9sidentielles, le parti de Marine Le Pen a emport\u00e9 34,2% des suffrages, passant ainsi la barre des 10 millions de voix, soit un \u00e9lecteur sur trois, un record pour le Rassemblement national. Les derni\u00e8res \u00e9lections municipales ont d\u00e9montr\u00e9 l\u2019ancrage local de maires se revendiquant d\u2019extr\u00eame droite. Dans leur tr\u00e8s grande majorit\u00e9, ils ont \u00e9t\u00e9 r\u00e9\u00e9lus d\u00e8s le premier tour.<\/p>\n<p>&nbsp;<\/p>\n<p>\n<strong>LIRE AUSSI SUR REGARDS.FR<br \/>\n>><\/strong> <em><a href=\"https:\/\/wp.muchomaas.com\/politique\/article\/ils-parlent-d-ensauvagement-et-rien-ne-vous-choque\">Ils parlent d\u2019ensauvagement et rien ne vous choque ?<\/a><\/em><\/p>\n<p>&nbsp;<\/p>\n<p>Cela doit nous interroger collectivement, qu\u2019il s\u2019agisse d\u2019un vote d\u2019adh\u00e9sion \u00e0 l\u2019ensemble du programme, ou d\u2019un vote protestataire, \u00ab anti-syst\u00e8me \u00bb pour lequel ces id\u00e9es ne constituent plus un repoussoir suffisant. Pas une semaine ne passe sans que l\u2019extr\u00eame droite n\u2019impose ses th\u00e8mes ou ses id\u00e9es \u00e0 l\u2019agenda politique et m\u00e9diatique du pays. Des groupuscules identitaires toujours plus visibles par leurs actions de vandalisation et leurs contre-manifestations face \u00e0 des mouvements tels que <em>Black Lives Matter<\/em> \u00e0 la r\u00e9cente publication de <em>Valeurs actuelles<\/em>, caricaturant une d\u00e9put\u00e9e de la Nation en esclave en raison de sa couleur de peau, t\u00e9moigne d\u2019un racisme de plus en plus d\u00e9complex\u00e9, assum\u00e9, diffus\u00e9.<\/p>\n<p>Il y a pour nous urgence \u00e0 d\u00e9velopper un outil permettant de mener une bataille id\u00e9ologique d\u2019ampleur pour sortir des combats de slogans et aller vers une d\u00e9construction id\u00e9ologique et argument\u00e9e du discours. Combattre l\u2019extr\u00eame droite ne se r\u00e9sume pas \u00e0 mener la lutte sur le th\u00e8me central de l\u2019anti-racisme, mais bien sur toutes les th\u00e9matiques qu\u2019utilise cette id\u00e9ologie pour propager son discours (\u00e9galit\u00e9 femmes-hommes, services publics, industrialisation, travail, sant\u00e9, culture, s\u00e9curit\u00e9, absence de positionnement sur les questions sociales telles que la loi retraites, les cons\u00e9quences du confinement, etc.).<\/p>\n<p>Combattre l\u2019extr\u00eame droite c\u2019est se plonger dans une n\u00e9buleuse de groupuscules, plus ou moins identifi\u00e9s, qui promeuvent la haine et se livrent \u00e0 des actions violentes comme le GUD ou G\u00e9n\u00e9ration identitaire. C\u2019est aussi refuser que la d\u00e9nonciation morale de l\u2019extr\u00eame droite ne serve qu\u2019\u00e0 faire le lit de l\u2019alternative d\u00e9l\u00e9t\u00e8re entre Marine Le Pen et Emmanuel Macron. Aussi nous, syndicalistes, militant.e.s politique, chercheurs et chercheuses, scientifiques, journalistes, \u00e9lu.e.s, citoyen.ne.s, avons d\u00e9cid\u00e9 de cr\u00e9er un Observatoire National de l\u2019Extr\u00eame Droite (ONDE), outil d\u2019observation, de d\u00e9cryptage et de d\u00e9construction de ce courant de pens\u00e9e, outil qui s\u2019inscrit, dans un souci de rassemblement des initiatives, dans le prolongement de nombreux travaux pr\u00e9existants de journalistes, d\u2019intellectuels, syndicalistes, ou encore politiques.<\/p>\n<p>Nous souhaitons \u00e9galement d\u00e9cliner notre travail en observatoire r\u00e9gional de l\u2019extr\u00eame droite, pour \u00eatre au plus pr\u00e8s des territoires et coller aux r\u00e9alit\u00e9s quotidiennes de l\u2019exercice du pouvoir par ses repr\u00e9sentants \u00e9lus. L\u2019objectif de cet observatoire est de mettre sous surveillance l\u2019extr\u00eame droite (dans toutes ses composantes), accumuler des donn\u00e9es, analyser, confronter son discours et les pratiques locales, pointes les incoh\u00e9rences entre discours et prises de positions. Notre d\u00e9marche se veut innovante, pluraliste, et ouverte \u00e0 toutes celles et ceux qui souhaitent s\u2019engager dans cette d\u00e9marche.<\/p>\n<p>Notre Observatoire aura pour missions de :<\/p>\n<ul>\n<li> Mettre sous surveillance de l\u2019extr\u00eame droite afin de faire un travail pr\u00e9cis et scientifique de recueil de donn\u00e9es<\/li>\n<li> Dresser la cartographie de son implantation, identifier ses r\u00e9seaux et ses modes de financements<\/li>\n<li> \u00c9valuer l\u2019impact de l\u2019extr\u00eame droite sur les politiques publiques lorsqu\u2019elle est au pouvoir<\/li>\n<li> Proposer des bo\u00eetes \u00e0 outil, des argumentaires et des formations pour d\u00e9construire les id\u00e9es d\u2019extr\u00eame droite<\/li>\n<li> Organiser la riposte sur les r\u00e9seaux sociaux pour d\u00e9monter les mensonges et op\u00e9rations de d\u00e9sinformation.<\/li>\n<li> En p\u00e9riode \u00e9lectorale : proposer une grille de lecture des positions locales prises par l\u2019extr\u00eame droite, une analyse programmatique des candidat.e.s d\u2019extr\u00eame droite, afin de d\u00e9montrer aupr\u00e8s des \u00e9lecteurs et \u00e9lectrices les incoh\u00e9rences entre discours et programmes.<\/li>\n<\/ul>\n<div id='gallery-1' class='gallery galleryid-12508 gallery-columns-3 gallery-size-thumbnail'><figure class='gallery-item'>\n\t\t\t<div class='gallery-icon landscape'>\n\t\t\t\t<a href='https:\/\/archives.regards.fr\/wp-content\/uploads\/2020\/10\/befunky-collage_1_-85-3e1-scaled.jpg'><img loading=\"lazy\" decoding=\"async\" width=\"150\" height=\"150\" src=\"https:\/\/archives.regards.fr\/wp-content\/uploads\/2020\/10\/befunky-collage_1_-85-3e1-150x150.jpg\" class=\"attachment-thumbnail size-thumbnail\" alt=\"befunky-collage_1_-85.jpg\" \/><\/a>\n\t\t\t<\/div><\/figure>\n\t\t<\/div>\n\n","protected":false},"excerpt":{"rendered":"<p>Dans la situation politique actuelle, o\u00f9 les id\u00e9es racistes, r\u00e9actionnaires, n\u00e9ofascistes, se banalisent et se trouvent l\u00e9gitim\u00e9es par tant d&#8217;id\u00e9ologues m\u00e9diatiques et d&#8217;hommes politiques, y compris au pouvoir, est lanc\u00e9 l&#8217;Observatoire national contre l&#8217;extr\u00eame droite.<\/p>\n","protected":false},"author":666,"featured_media":29797,"comment_status":"open","ping_status":"open","sticky":false,"template":"","format":"standard","meta":{"_themeisle_gutenberg_block_has_review":false,"footnotes":""},"categories":[278],"tags":[355],"class_list":["post-12508","post","type-post","status-publish","format-standard","has-post-thumbnail","hentry","category-tribunes","tag-extreme-droite"],"_links":{"self":[{"href":"https:\/\/archives.regards.fr\/index.php?rest_route=\/wp\/v2\/posts\/12508","targetHints":{"allow":["GET"]}}],"collection":[{"href":"https:\/\/archives.regards.fr\/index.php?rest_route=\/wp\/v2\/posts"}],"about":[{"href":"https:\/\/archives.regards.fr\/index.php?rest_route=\/wp\/v2\/types\/post"}],"author":[{"embeddable":true,"href":"https:\/\/archives.regards.fr\/index.php?rest_route=\/wp\/v2\/users\/666"}],"replies":[{"embeddable":true,"href":"https:\/\/archives.regards.fr\/index.php?rest_route=%2Fwp%2Fv2%2Fcomments&post=12508"}],"version-history":[{"count":0,"href":"https:\/\/archives.regards.fr\/index.php?rest_route=\/wp\/v2\/posts\/12508\/revisions"}],"wp:featuredmedia":[{"embeddable":true,"href":"https:\/\/archives.regards.fr\/index.php?rest_route=\/wp\/v2\/media\/29797"}],"wp:attachment":[{"href":"https:\/\/archives.regards.fr\/index.php?rest_route=%2Fwp%2Fv2%2Fmedia&parent=12508"}],"wp:term":[{"taxonomy":"category","embeddable":true,"href":"https:\/\/archives.regards.fr\/index.php?rest_route=%2Fwp%2Fv2%2Fcategories&post=12508"},{"taxonomy":"post_tag","embeddable":true,"href":"https:\/\/archives.regards.fr\/index.php?rest_route=%2Fwp%2Fv2%2Ftags&post=12508"}],"curies":[{"name":"wp","href":"https:\/\/api.w.org\/{rel}","templated":true}]}}