{"id":12506,"date":"2020-10-09T17:27:39","date_gmt":"2020-10-09T15:27:39","guid":{"rendered":"https:\/\/wp.muchomaas.com\/article-aude-lancelin-j-ai-voulu-raconter-une-epopee-la-beaute-de-ce-soulevement-par\/"},"modified":"2023-06-24T00:03:29","modified_gmt":"2023-06-23T22:03:29","slug":"article-aude-lancelin-j-ai-voulu-raconter-une-epopee-la-beaute-de-ce-soulevement-par","status":"publish","type":"post","link":"https:\/\/archives.regards.fr\/?p=12506","title":{"rendered":"Aude Lancelin: \u00ab J\u2019ai voulu raconter une \u00e9pop\u00e9e, la beaut\u00e9 de ce soul\u00e8vement par les gilets jaunes \u00bb"},"content":{"rendered":"<p class=\"post_excerpt\">Elle a fond\u00e9 le m\u00e9dia en Ligne QG, pour Quartier G\u00e9n\u00e9ral, et vient de publier son premier roman, La Fi\u00e8vre, aux \u00e9ditions Les Liens qui Lib\u00e8rent. Aude Lancelin est l\u2019invit\u00e9e de #LaMidinale.<\/p>\n<h2>UNE MIDINALE \u00c0 VOIR&#8230;<\/h2>\n<p><iframe loading=\"lazy\" width=\"490\" height=\"276\" src=\"https:\/\/www.youtube.com\/embed\/bFsYp3v32yg\" frameborder=\"0\" allow=\"accelerometer; autoplay; clipboard-write; encrypted-media; gyroscope; picture-in-picture\" allowfullscreen><\/iframe><\/p>\n<p>&nbsp;<\/p>\n<p><h2>ET \u00c0 LIRE&#8230;<\/h2>\n<p><em> <strong>Sur la fiction litt\u00e9raire <\/strong> <\/em><br \/>\n\u00ab J\u2019\u00e9tais tr\u00e8s tent\u00e9e par le roman depuis plusieurs ann\u00e9es et j\u2019avais \u00e0 coeur de laisser une trace, la plus profonde possible, du mouvement des gilets jaunes dont j\u2019avais la certitude, apr\u00e8s avoir \u00e9t\u00e9 sali, qu\u2019il serait liquid\u00e9 &#8211; y compris dans les m\u00e9moires. \u00bb<br \/>\n\u00ab Je pense que la forme litt\u00e9raire est plus adapt\u00e9e que l\u2019essai ou le docu-fiction. \u00bb<br \/>\n\u00ab Je constate que mon roman est lu par des gilets jaunes. J\u2019ai beaucoup de retour des gens du mouvement sur le livre et ils se sentent mis en valeur et consol\u00e9s par ce livre. Ils ont compris mon envie de raconter une \u00e9pop\u00e9e, la beaut\u00e9 de ce soul\u00e8vement et de montrer ses acquis et sa grandeur. \u00bb<\/p>\n<p><em> <strong>Sur les classes bourgeoises<\/strong> <\/em><br \/>\n\u00ab Le v\u00e9ritable enjeu du livre c\u2019est de convaincre, sensibiliser et conscientiser les classes bourgeoises. \u00bb<br \/>\n\u00ab J\u2019aimerais tendre la main et donner une derni\u00e8re chance de pouvoir comprendre \u00e0 toute une classe sociale &#8211; ceux qui n\u2019ont rien compris de ce mouvement ou sont pass\u00e9s \u00e0 c\u00f4t\u00e9 &#8211; ce qu\u2019il s\u2019est pass\u00e9. \u00bb <\/p>\n<p><em> <strong>Sur les gilets jaunes aujourd\u2019hui <\/strong> <\/em><br \/>\n\u00ab Il y a un travail d\u2019ensevelissement et d\u2019oubli qui est en train de se faire. Le Covid a \u00e9t\u00e9 une parenth\u00e8se enchant\u00e9e pour le pouvoir car il a mis un coup d\u2019arr\u00eat aux luttes. \u00bb<br \/>\n\u00ab Alors que la pr\u00e9sidentielle approche, il y a l\u2019espoir chez les vieux partis politiques, et au sein du pouvoir, de repartir comme en 40, c\u2019est-\u00e0-dire d\u2019oublier ce que l\u2019on a travers\u00e9 et de renter dans la cuisine \u00e9lectorale. C\u2019est tr\u00e8s inqui\u00e9tant parce que la col\u00e8re est intacte et n\u2019est pas prise en charge par les partis. \u00bb<br \/>\n\u00ab La jonction entre ceux qui d\u00e9tiennent le savoir politique, syndical, intellectuel &#8211; les intellectuels r\u00e9volutionnaires a fortiori &#8211; et les gilets jaunes s\u2019est mal faite. \u00bb<\/p>\n<p><em> <strong>Sur la d\u00e9fiance des gilets jaunes \u00e0 gauche <\/strong> <\/em><br \/>\n\u00ab On connait des gens qui se sont planqu\u00e9s pendant les mois d\u00e9cisifs o\u00f9 le pouvoir pouvait basculer. On en connait qui leur on tir\u00e9 dedans [des gilets jaunes]. On en connait aussi qui on attendu pendant six mois avant de ressurgir. Comment explique-t-on \u00e7a ? Il y a une affaire de sociologie des intellectuels fran\u00e7ais actuels dont tr\u00e8s peu ont des originaires populaires.<br \/>\n\u00ab Dans les classes pr\u00e9paratoires et dans les \u00e9lites, la classe ouvri\u00e8re n\u2019a jamais \u00e9t\u00e9 aussi peu repr\u00e9sent\u00e9e dans ces lieux. Il y a m\u00eame une r\u00e9gression par rapport \u00e0 il y a 40 ans. \u00bb<br \/>\n\u00ab Pour ne pas avoir peur du peuple, pour \u00eatre dans une empathie imm\u00e9diate avec lui, bien souvent \u00e7a passait chez les individus par une histoire personnelle, un contact familial ou autre avec le peuple. \u00bb<\/p>\n<p><em> <strong>Sur les objectifs des gilets jaunes <\/strong> <\/em><br \/>\n\u00ab Il y a un c\u00f4t\u00e9 r\u00e9volutionnaire sage chez les gilets jaunes : il ne s\u2019agit pas de gens assoiff\u00e9s de sang et qui voudraient r\u00e9tablir des guillotines. Il se seraient content\u00e9s d\u2019une certaine redistribution. \u00bb<br \/>\n\u00ab Macron et ce qu\u2019il incarne &#8211; et qui suscitait chez ces gens une horreur profonde en temps qu\u2019embl\u00e8me du parti de l\u2019argent et du m\u00e9pris-, aurait \u00e9t\u00e9 volontiers renvers\u00e9 par les gilets jaunes. \u00bb<br \/>\n\u00ab Si je devais r\u00e9sumer en deux axes les exigences des gilets jaunes : il y a d\u2019un c\u00f4t\u00e9 la justice et de l\u2019autre le respect, c\u2019est \u00e0 dire la consid\u00e9ration. \u00c7a revenait tr\u00e8s souvent chez les gilets jaunes qui se sentent profond\u00e9ment humili\u00e9s par le pouvoir. \u00bb<\/p>\n<p><em> <strong>Sur les figures des gilets jaunes<\/strong> <\/em><br \/>\n\u00ab Il y a des figures d\u2019un peuple puissant et des figures d\u2019un peuple impuissant parmi les gilets jaunes. \u00bb<br \/>\n\u00ab J\u2019ai vu la puissance de l\u2019Etat s\u2019abattre parfois sur les gilets jaunes. \u00bb<br \/>\n\u00ab La mobilisation des gilets jaunes est une insurrection bris\u00e9e. \u00c7a ne veut pas dire que les braises ne sont pas l\u00e0 ; \u00e7a ne veut pas dire que la col\u00e8re n\u2019est plus l\u00e0 mais on sait sous cette forme, la forme ritualis\u00e9e des actes, que le mouvement a v\u00e9cu. \u00bb<br \/>\n\u00ab Il y a une forme de m\u00e9lancolie chez certains acteurs du mouvement. \u00bb<\/p>\n<p><em> <strong>Sur les acquis du mouvement<\/strong> <\/em><br \/>\n\u00ab Il y a eu un apprentissage profond, un savoir politique, une connaissance profonde des rouages sociaux qui a infus\u00e9 dans le peuple et le pouvoir le sous estime gravement. Il y a des acquis de ce mouvement. \u00bb<br \/>\n\u00ab Il y a des tentatives de structuration des gilets jaunes qui \u00e9mergent comme celui, tr\u00e8s r\u00e9cent, de cr\u00e9er un syndicat de gilets jaunes. \u00bb<br \/>\n\u00ab Les gilets jaunes ont \u00e9t\u00e9 confront\u00e9s \u00e0 tous les probl\u00e8mes de la politique \u00e0 la racine : l\u2019incantation, le porte-parolat, les repr\u00e9sentants m\u00e9diatis\u00e9s\u2026 ils se sont un peu fracass\u00e9s sur ces probl\u00e9matiques. \u00bb<br \/>\n\u00ab Je pense qu\u2019une structuration serait indispensable \u00e0 ce mouvement pour peser. \u00bb<br \/>\n\u00ab Macron n\u2019a jamais eu le courage de se confronter \u00e0 une d\u00e9l\u00e9gation de gilets jaunes. \u00bb<br \/>\n\u00ab L\u2019attitude d\u2019Emmanuel Macron et de ce pouvoir en g\u00e9n\u00e9ral a fait monter d\u2019un cran le niveau de violence dans ce pays. \u00bb<br \/>\n\u00ab On peut encore se retrouver face \u00e0 des mouvements in\u00e9dits. \u00bb<div id='gallery-1' class='gallery galleryid-12506 gallery-columns-3 gallery-size-thumbnail'><figure class='gallery-item'>\n\t\t\t<div class='gallery-icon landscape'>\n\t\t\t\t<a href='https:\/\/archives.regards.fr\/wp-content\/uploads\/2020\/10\/17-496.26.08.png'><img loading=\"lazy\" decoding=\"async\" width=\"150\" height=\"150\" src=\"https:\/\/archives.regards.fr\/wp-content\/uploads\/2020\/10\/17-496.26.08-150x150.png\" class=\"attachment-thumbnail size-thumbnail\" alt=\"17.26.08.png\" \/><\/a>\n\t\t\t<\/div><\/figure>\n\t\t<\/div>\n<\/p>\n","protected":false},"excerpt":{"rendered":"<p>Elle a fond\u00e9 le m\u00e9dia en Ligne QG, pour Quartier G\u00e9n\u00e9ral, et vient de publier son premier roman, La Fi\u00e8vre, aux \u00e9ditions Les Liens qui Lib\u00e8rent. Aude Lancelin est l\u2019invit\u00e9e de #LaMidinale.<\/p>\n","protected":false},"author":1204,"featured_media":29793,"comment_status":"open","ping_status":"open","sticky":false,"template":"","format":"standard","meta":{"_themeisle_gutenberg_block_has_review":false,"footnotes":""},"categories":[238],"tags":[293],"class_list":["post-12506","post","type-post","status-publish","format-standard","has-post-thumbnail","hentry","category-la-midinale","tag-entretien"],"_links":{"self":[{"href":"https:\/\/archives.regards.fr\/index.php?rest_route=\/wp\/v2\/posts\/12506","targetHints":{"allow":["GET"]}}],"collection":[{"href":"https:\/\/archives.regards.fr\/index.php?rest_route=\/wp\/v2\/posts"}],"about":[{"href":"https:\/\/archives.regards.fr\/index.php?rest_route=\/wp\/v2\/types\/post"}],"author":[{"embeddable":true,"href":"https:\/\/archives.regards.fr\/index.php?rest_route=\/wp\/v2\/users\/1204"}],"replies":[{"embeddable":true,"href":"https:\/\/archives.regards.fr\/index.php?rest_route=%2Fwp%2Fv2%2Fcomments&post=12506"}],"version-history":[{"count":0,"href":"https:\/\/archives.regards.fr\/index.php?rest_route=\/wp\/v2\/posts\/12506\/revisions"}],"wp:featuredmedia":[{"embeddable":true,"href":"https:\/\/archives.regards.fr\/index.php?rest_route=\/wp\/v2\/media\/29793"}],"wp:attachment":[{"href":"https:\/\/archives.regards.fr\/index.php?rest_route=%2Fwp%2Fv2%2Fmedia&parent=12506"}],"wp:term":[{"taxonomy":"category","embeddable":true,"href":"https:\/\/archives.regards.fr\/index.php?rest_route=%2Fwp%2Fv2%2Fcategories&post=12506"},{"taxonomy":"post_tag","embeddable":true,"href":"https:\/\/archives.regards.fr\/index.php?rest_route=%2Fwp%2Fv2%2Ftags&post=12506"}],"curies":[{"name":"wp","href":"https:\/\/api.w.org\/{rel}","templated":true}]}}