{"id":12502,"date":"2020-10-07T13:12:51","date_gmt":"2020-10-07T11:12:51","guid":{"rendered":"https:\/\/wp.muchomaas.com\/article-laurent-mauduit-l-etat-n-est-pas-plus-vertueux-que-le-marche\/"},"modified":"2023-06-24T00:03:28","modified_gmt":"2023-06-23T22:03:28","slug":"article-laurent-mauduit-l-etat-n-est-pas-plus-vertueux-que-le-marche","status":"publish","type":"post","link":"https:\/\/archives.regards.fr\/?p=12502","title":{"rendered":"Laurent Mauduit : \u00ab L\u2019\u00c9tat n\u2019est pas plus vertueux que le march\u00e9 \u00bb"},"content":{"rendered":"<p class=\"post_excerpt\">En plein scandale du rachat des parts de Suez par Veolia, que peut l\u2019\u00c9tat face aux biens communs ? \u00c0 quoi sert l\u2019\u00c9tat actionnaire ? Faut-il plus d\u2019\u00c9tat ? La nationalisation est-elle une alternative aux privatisations ? Laurent Mauduit, auteur de <em>Pr\u00e9dations : histoires des privatisations des biens publics<\/em> (\u00c9ditions La D\u00e9couverte), est l\u2019invit\u00e9 de #LaMidinale.<\/p>\n<h2>UNE MIDINALE \u00c0 VOIR&#8230;<\/h2>\n<p><iframe loading=\"lazy\" width=\"490\" height=\"276\" src=\"https:\/\/www.youtube.com\/embed\/m754vm51Mds\" frameborder=\"0\" allow=\"accelerometer; autoplay; clipboard-write; encrypted-media; gyroscope; picture-in-picture\" allowfullscreen><\/iframe><\/p>\n<p>&nbsp;<\/p>\n<p><h2>ET \u00c0 LIRE&#8230;<\/h2>\n<p><em>\u00a0<strong>Sur les pr\u00e9dateurs<\/em>\u00a0<\/strong><br \/>\n\u00ab Les pr\u00e9dateurs sont tous les fonds d\u2019investissements, groupes du CAC40, les financiers, le monde de la finance. \u00bb<br \/>\n\u00ab Les hommes et les femmes politiques sont des co-pr\u00e9dateurs. Le coeur du capitalisme\ts\u2019est modifi\u00e9 avec les privatisations. Il y a des complicit\u00e9s au sein de l\u2019Etat. Des hauts-fonctionnaires, y compris de gauche, qui s-ont surf\u00e9 sur les vagues de privatisations et ont organis\u00e9 eux-m\u00eames les privatisations. \u00bb<br \/>\n\u00ab On est dans un syst\u00e8me poreux. La singularit\u00e9 de cette op\u00e9ration de pr\u00e9dation, \u00e7a a \u00e9t\u00e9 la prise du pouvoir par les hauts fonctionnaires. \u00bb<br \/>\n\u00ab On est dans un capitalisme qui ne connait plus de limite. Ils ont mis la main sur des biens autrefois qui \u00e9chappaient \u00e0 la sph\u00e8re marchande. Ils ont aussi la main sur une partie de l\u2019Etat, il y a une sorte de privatisation de l\u2019int\u00e9rieur de l\u2019Etat. \u00bb<br \/>\n\u00ab Le fonctionnement de l\u2019Etat est r\u00e9v\u00e9lateur du mouvement g\u00e9n\u00e9ral de privatisation et de marchandisation : ce sont les r\u00e8gles priv\u00e9es qui commandent. \u00bb<br \/>\n\u00ab L\u2019Etat est en train d\u2019\u00eatre dissout de l\u2019int\u00e9rieur. \u00bb<br \/>\n\u00ab Il y a une privatisation lente, progressive, rampante, y compris de l\u2019Etat. \u00bb<\/p>\n<p><em>\u00a0<strong>Sur le risque mafieux <\/em>\u00a0<\/strong><br \/>\n\u00ab On a v\u00e9cu deux grandes \u00e9tapes : d\u2019abord les banques et les grands groupes industriels fran\u00e7ais. \u00bb \u00ab L\u2019argument qu\u2019on avance pour privatiser c\u2019est le capitalisme populaire c\u2019est-\u00e0-dire qu\u2019on fait croire aux Fran\u00e7ais qu\u2019ils vont s\u2019enrichir : cette pr\u00e9sentation des choses est une escroquerie. La seconde phase, c\u2019est celle que l\u2019on vit depuis les ann\u00e9es 2000 et que l\u2019on vit toujours c\u2019est la privatisation des biens publics : les autoroutes, les a\u00e9roports ou la privatisation rampante de la s\u00e9curit\u00e9 sociale. \u00bb<br \/>\n\u00ab Le capitalisme s\u2019est progressivement d\u00e9sinhiber. \u00bb<\/p>\n<p><em>\u00a0<strong>Sur les concessions de l\u2019Etat<\/em>\u00a0<\/strong><br \/>\n\u00ab Derri\u00e8re les concessions, il y a les r\u00e8gles du priv\u00e9. Et les concessions sont sans cesse reconduites. \u00bb<br \/>\n\u00ab Dans les concessions il y a un cahier des charges que le concessionnaire est sens\u00e9 respecter. La concession de TF1 avait \u00e9t\u00e9 \u00e9tablie pour dix ans. La clause c\u2019\u00e9tait \u2018le mieux disant culturel\u2019. On a prolong\u00e9  la concession sans appel d\u2019offres &#8211; comme le pr\u00e9voyait la loi -, \u00e0 quatre reprises et sans que Bouygues ne paye un euro de plus : c\u2019est ce que j\u2019appelle la pr\u00e9dation. TF1 \u00e9tait un bien public. C\u2019est la m\u00eame chose pour les autoroutes. \u00bb<br \/>\n\u00ab Dans les concessions, ce sont les r\u00e8gles du capitalisme avide qui s\u2019imposent. \u00bb<br \/>\n\u00ab \u00c7a ne veut pas dire qu\u2019il faut revenir aux nationalisations. \u00bb<\/p>\n<p><em>\u00a0<strong>Sur les communs <\/em>\u00a0<\/strong><br \/>\n\u00ab La grande \u00e9quivoque du d\u00e9bat public c\u2019est qu\u2019on a voulu opposer les privatisations aux nationalisations. Mais en France, les nationalisations ont toujours pris la forme d\u2019une Etatisation. C\u2019est l\u2019Etat qui a pris la main. Y compris sur les domaines o\u00f9 il n\u2019aurait jamais du prendre la main \u00e0 l\u2019instar de la s\u00e9curit\u00e9 sociale : \u00e7a aurait du \u00eatre l\u00e9gitimement toujours aux acteurs de la r\u00e9mun\u00e9ration salariale &#8211; employeurs et employ\u00e9s &#8211; de g\u00e9rer. \u00bb<br \/>\n\u00ab L\u2019Etat a de plus en plus pris la main sur la s\u00e9curit\u00e9 sociale au point que maintenant le budget de la s\u00e9curit\u00e9 sociale est devenue une annexe du projet de loi de finance. On a \u00e9cras\u00e9 la d\u00e9mocratie sociale. \u00bb<br \/>\n\u00ab Le bilan des nationalisations est tr\u00e8s accablant. \u00bb<br \/>\n\u00ab L\u2019Etat se comporte mal et les citoyens ont \u00e9t\u00e9 dessaisis du contr\u00f4le de leurs biens. \u00bb<br \/>\n\u00ab Il faut rouvrir le d\u00e9bat sur la propri\u00e9t\u00e9 et l\u2019allier \u00e0 la question d\u00e9mocratique. \u00bb<\/p>\n<p><em>\u00a0<strong>Sur la question d\u00e9mocratique <\/em>\u00a0<\/strong><br \/>\n\u00ab Le d\u00e9bat sur la privatisation n\u2019int\u00e9ressait autrefois que les cercles politiques et les plus initi\u00e9s. \u00bb<br \/>\n\u00ab J\u2019ai \u00e9t\u00e9 tr\u00e8s frapp\u00e9 par les manifestations de l\u2019hiver dernier sur l\u2019h\u00f4pital public. Elles faisaient \u00e9chos \u00e0 ce slogan : quand tout sera privatis\u00e9, nous serons priv\u00e9s de tout. \u00bb<br \/>\n\u00ab Il y a une sorte d\u2019appropriation de ces questions autour de mobilisations locales : ceux qui d\u00e9noncent les privatisations de barrages hydro\u00e9lectriques, ceux qui d\u00e9fendent les for\u00eats\u2026 \u00bb<br \/>\n\u00ab La privatisation a \u00e9t\u00e9 la r\u00e9forme majeure de ces trente derni\u00e8res ann\u00e9es qui a modifi\u00e9 l\u2019horlogerie du capitalisme, qui a modifi\u00e9 nos vies et qui risque de modifier et de d\u00e9truire notre mod\u00e8le social. C\u2019est le coeur du probl\u00e8me. \u00bb<br \/>\n\u00ab Cette appropriation collective, par les citoyens eux-m\u00eames, va dans le bon sens. \u00bb<br \/>\n\u00ab Il faut inventer des nouvelles formes d\u00e9mocratiques d\u2019appropriation collective. Il faut inventer des mod\u00e8les qui renouent avec la question d\u00e9mocratique. \u00c7a ne se fera pas en chambre. \u00c7a se fera avec les citoyens eux-m\u00eames. \u00bb<\/p>\n<p><em>\u00a0<strong>Sur la gauche et les privatisations <\/em>\u00a0<\/strong><br \/>\n\u00ab La gauche a deux bilans \u00e0 faire : sa conversion au n\u00e9olib\u00e9ralisme. Lionel Jospin ne veut pas admettre qu\u2019il a le plus privatis\u00e9 et les chiffres sont l\u00e0. Et il y a eu une corruption d\u2019une partie des hauts fonctionnaires de gauche qui ont fait le lit de ce capitalisme. Et il y a quelque chose de plus insidieux et de plus important encore c\u2019est que la gauche a v\u00e9cu sur cette id\u00e9e, avant qu\u2019elle ne change de doctrine, qu\u2019il y avait d\u2019un c\u00f4t\u00e9 l\u2019Etat et de l\u2019autre le march\u00e9. Et que l\u2019Etat \u00e9tait plus vertueux que le march\u00e9. Et ma conviction c\u2019est que non. C\u2019est une fausse alternative. C\u2019est au coeur du d\u00e9bat sur les communs. Est-ce qu\u2019il faut s\u2019en remettre \u00e0 l\u2019Etat ? Non, je pense qu\u2019il faut s\u2019en remettre aux citoyens. \u00bb<div id='gallery-1' class='gallery galleryid-12502 gallery-columns-3 gallery-size-thumbnail'><figure class='gallery-item'>\n\t\t\t<div class='gallery-icon landscape'>\n\t\t\t\t<a href='https:\/\/archives.regards.fr\/wp-content\/uploads\/2020\/10\/capture_d_e_cran_2020-10-07_a_12-fba.58.32.png'><img loading=\"lazy\" decoding=\"async\" width=\"150\" height=\"150\" src=\"https:\/\/archives.regards.fr\/wp-content\/uploads\/2020\/10\/capture_d_e_cran_2020-10-07_a_12-fba.58.32-150x150.png\" class=\"attachment-thumbnail size-thumbnail\" alt=\"capture_d_e_cran_2020-10-07_a_12.58.32.png\" \/><\/a>\n\t\t\t<\/div><\/figure>\n\t\t<\/div>\n<\/p>\n","protected":false},"excerpt":{"rendered":"<p>En plein scandale du rachat des parts de Suez par Veolia, que peut l\u2019\u00c9tat face aux biens communs ? \u00c0 quoi sert l\u2019\u00c9tat actionnaire ? Faut-il plus d\u2019\u00c9tat ? La nationalisation est-elle une alternative aux privatisations ? Laurent Mauduit, auteur de <em>Pr\u00e9dations : histoires des privatisations des biens publics<\/em> (\u00c9ditions La D\u00e9couverte), est l\u2019invit\u00e9 de #LaMidinale.<\/p>\n","protected":false},"author":1039,"featured_media":29787,"comment_status":"open","ping_status":"open","sticky":false,"template":"","format":"standard","meta":{"_themeisle_gutenberg_block_has_review":false,"footnotes":""},"categories":[238],"tags":[293],"class_list":["post-12502","post","type-post","status-publish","format-standard","has-post-thumbnail","hentry","category-la-midinale","tag-entretien"],"_links":{"self":[{"href":"https:\/\/archives.regards.fr\/index.php?rest_route=\/wp\/v2\/posts\/12502","targetHints":{"allow":["GET"]}}],"collection":[{"href":"https:\/\/archives.regards.fr\/index.php?rest_route=\/wp\/v2\/posts"}],"about":[{"href":"https:\/\/archives.regards.fr\/index.php?rest_route=\/wp\/v2\/types\/post"}],"author":[{"embeddable":true,"href":"https:\/\/archives.regards.fr\/index.php?rest_route=\/wp\/v2\/users\/1039"}],"replies":[{"embeddable":true,"href":"https:\/\/archives.regards.fr\/index.php?rest_route=%2Fwp%2Fv2%2Fcomments&post=12502"}],"version-history":[{"count":0,"href":"https:\/\/archives.regards.fr\/index.php?rest_route=\/wp\/v2\/posts\/12502\/revisions"}],"wp:featuredmedia":[{"embeddable":true,"href":"https:\/\/archives.regards.fr\/index.php?rest_route=\/wp\/v2\/media\/29787"}],"wp:attachment":[{"href":"https:\/\/archives.regards.fr\/index.php?rest_route=%2Fwp%2Fv2%2Fmedia&parent=12502"}],"wp:term":[{"taxonomy":"category","embeddable":true,"href":"https:\/\/archives.regards.fr\/index.php?rest_route=%2Fwp%2Fv2%2Fcategories&post=12502"},{"taxonomy":"post_tag","embeddable":true,"href":"https:\/\/archives.regards.fr\/index.php?rest_route=%2Fwp%2Fv2%2Ftags&post=12502"}],"curies":[{"name":"wp","href":"https:\/\/api.w.org\/{rel}","templated":true}]}}