{"id":12500,"date":"2020-10-06T14:52:31","date_gmt":"2020-10-06T12:52:31","guid":{"rendered":"https:\/\/wp.muchomaas.com\/article-evelyne-sire-marin-dupond-moretti-a-reussi-a-faire-l-union-des-deux-syndicats\/"},"modified":"2023-06-24T00:03:23","modified_gmt":"2023-06-23T22:03:23","slug":"article-evelyne-sire-marin-dupond-moretti-a-reussi-a-faire-l-union-des-deux-syndicats","status":"publish","type":"post","link":"https:\/\/archives.regards.fr\/?p=12500","title":{"rendered":"Evelyne Sire-Marin : \u00ab Dupond-Moretti a r\u00e9ussi \u00e0 faire l\u2019union des deux syndicats de magistrats contre lui \u00bb"},"content":{"rendered":"<p class=\"post_excerpt\">Le Garde des Sceaux, \u00c9ric Dupond-Moretti, est accus\u00e9 de conflit d\u2019int\u00e9r\u00eat dans l\u2019affaire des fadettes. Peut-il rester \u00e0 la Chancellerie ? Est-il cr\u00e9dible ? Quid de l&#8217;ind\u00e9pendance du Parquet ? Evelyne Sire-Marin, magistrate, pr\u00e9sidente de la chambre sociale de la cour d\u2019appel de Versailles, est l\u2019invit\u00e9e de #LaMidinale.<\/p>\n<h2>UNE MIDINALE \u00c0 VOIR&#8230;<\/h2>\n<p><iframe loading=\"lazy\" width=\"490\" height=\"276\" src=\"https:\/\/www.youtube.com\/embed\/pyx0U1XP2FM\" frameborder=\"0\" allow=\"accelerometer; autoplay; clipboard-write; encrypted-media; gyroscope; picture-in-picture\" allowfullscreen><\/iframe><\/p>\n<p>&nbsp;<\/p>\n<p><h2>ET \u00c0 LIRE&#8230;<\/h2>\n<p><em>\u00a0<strong>Sur les 8 milliards pour la justice<\/em>\u00a0<\/strong><br \/>\n\u00ab C\u2019est une bonne nouvelle. Ceci dit on pense que cet argent qui est tr\u00e8s important &#8211; la France est 14\u00e8 sur 27 quand au budget de la justice &#8211; va servir plut\u00f4t \u00e0 nommer des \u2018ersatz\u2019 de juge qui existent d\u00e9j\u00e0, c\u2019est \u00e0 dire des d\u00e9l\u00e9gu\u00e9s du procureur qui vont traiter des proc\u00e9dures rapides et des assistants de justice, plus que des magistrats eux-m\u00eames, et \u00e9videmment renforcer comme toujours la p\u00e9nitentiaire qui est le budget tr\u00e8s important de la justice. On esp\u00e8re que \u00e7a ne va pas \u00eatre pour construire des prisons \u00e0 nouveau. \u00bb<br \/>\n\u00ab Il y a avait quelque chose de tr\u00e8s positif dans le discours d\u2019investiture de monsieur Dupond-Moretti. \u00bb<br \/>\n\u00ab Il y a une volont\u00e9 chez Dupond-Moretti d\u2019humanisation de la peine, de la prison, etc. \u00bb<br \/>\n\u00ab On a l\u2019impression que la justice de proximit\u00e9 pr\u00f4n\u00e9e par le premier ministre et repris par le Garde des Sceaux, va plut\u00f4t \u00eatre une justice p\u00e9nale, imm\u00e9diate, extr\u00eamement rapide. C\u2019est pas une justice tr\u00e8s int\u00e9ressante. \u00bb<br \/>\n\u00ab \u00c0 quoi va servir cet argent ? Grosse question. \u00bb<\/p>\n<p><em>\u00a0<strong>Sur la justice de proximit\u00e9<\/em>\u00a0<\/strong><br \/>\n\u00ab Il y a beaucoup de contradictions entre le premier ministre et monsieur Dupond-Moretti. \u00bb<br \/>\n\u00ab Il y a quelque chose d\u2019ubuesque d\u2019avoir supprim\u00e9 les juges de proximit\u00e9 en 2017 et de les r\u00e9tablir en 2020. C\u2019est totalement aberrant. \u00bb<br \/>\n\u00ab Cette justice de proximit\u00e9, pour le premier ministre, est une justice qui doit sanctionner, p\u00e9naliser, punir, de fa\u00e7on rapide. En revanche, pour monsieur Dupond-Moretti, pour le Garde des Sceaux, c\u2019est plut\u00f4t l\u2019id\u00e9e de se rapprocher du justiciable. \u00bb<br \/>\n\u00ab Il y a une contradiction entre le politique, qui est monsieur Castex et qui veut de la s\u00e9curit\u00e9, alors que dans l\u2019esprit de monsieur Dupond-Moretti, qui est un avocat \u00e0 l\u2019origine, \u00e7a n\u2019est pas exactement \u00e7a. Et c\u2019est \u00e9videmment le politique qui va prendre le dessus. \u00bb<\/p>\n<p><em>\u00a0<strong>Sur le conflit d\u2019int\u00e9r\u00eat qui touche Dupond-Moretti<\/em>\u00a0<\/strong><br \/>\n\u00ab La posture des syndicats qui consiste \u00e0 dire \u2018je ne te parle plus\u2019 [\u00ab Il n\u2019est plus notre interlocuteur \u00bb, avait dit le syndicat de la magistrature], n\u2019est pas sp\u00e9cialement tr\u00e8s int\u00e9ressante. C\u2019est compr\u00e9hensible du point de vue d\u2019un syndicat car c\u2019est une question d\u2019instauration de rapport de force. \u00bb<br \/>\n\u00ab Monsieur Dupond-Moretti a r\u00e9ussi \u00e0 faire l\u2019union des deux syndicats de magistrats contre lui. \u00c7a n\u2019\u00e9tait pas arriv\u00e9 depuis monsieur Sarkozy. \u00bb<br \/>\n\u00ab Dupond-Moretti donne un coup de pied dans la fourmili\u00e8re du corporatisme et je ne peux pas me lamenter par rapport \u00e0 \u00e7a. \u00bb<br \/>\n\u00ab S\u2019agissant des fadettes, il y a un gros probl\u00e8me de conflit d\u2019int\u00e9r\u00eat puisqu\u2019il est l\u2019ami de monsieur Herzog, qui va \u00eatre jug\u00e9 en novembre avec monsieur Sarkozy, dans l\u2019affaire des \u00e9coutes. \u00bb<br \/>\n\u00ab En sa qualit\u00e9 de Garde des Sceaux, il peut tout \u00e0 fait savoir, gr\u00e2ce \u00e0 l\u2019enqu\u00eate, ce qu\u2019il s\u2019est pass\u00e9 dans cette affaire. Il b\u00e9n\u00e9ficie des remont\u00e9es d\u2019informations des procureurs et des procureurs g\u00e9n\u00e9raux. Les informations lui arrivent directement. Donc il y a un vrai probl\u00e8me de conflit d\u2019int\u00e9r\u00eat. \u00bb<br \/>\n\u00ab Dans l\u2019affaire Urvoas, on a montr\u00e9 que qu\u2019un Garde des Sceaux pouvait \u00eatre condamn\u00e9 par la Cour de justice de la R\u00e9publique pour prise ill\u00e9gale d\u2019int\u00e9r\u00eat &#8211; pour avoir utilis\u00e9 des informations donn\u00e9es, \u00e0 des fins personnelles. C\u2019est ce qui risque d\u2019arriver \u00e0 monsieur Dupond-Moretti. \u00bb<\/p>\n<p><em>\u00a0<strong>Sur l\u2019ind\u00e9pendance de la justice<\/em>\u00a0<\/strong><br \/>\n\u00ab Il faut limiter les remont\u00e9es d\u2019informations \u00e0 la Chancellerie. \u00bb<br \/>\n\u00ab On peut envisager l\u2019ind\u00e9pendance du parquet pour qu\u2019il n\u2019y ait plus d\u2019obligation du parquet de rendre compte au parquet g\u00e9n\u00e9ral et \u00e0 la Chancellerie. \u00bb<br \/>\n\u00ab Le procureur g\u00e9n\u00e9ral de la cour des comptes ne d\u00e9pend pas du tout de la chancellerie. Il se d\u00e9brouille avec son parquet. Il peut g\u00e9rer son parquet de fa\u00e7on ind\u00e9pendante. \u00bb<br \/>\n\u00ab Il n\u2019y a que trois pays en Europe, dont la France, o\u00f9 le parquet n\u2019est pas ind\u00e9pendant. \u00bb<br \/>\n\u00ab Il faut que les procureurs ne soient plus nomm\u00e9s par la Chancellerie. La r\u00e9forme est pr\u00eate. C\u2019est un engagement de Macron. \u00bb<br \/>\n\u00ab Il faut que la carri\u00e8re des procureurs ne d\u00e9pende plus du pouvoir politique qu\u2019est la Chancellerie. \u00bb<\/p>\n<p><em>\u00a0<strong>Sur la commission d\u2019enqu\u00eate parlementaire <\/em>\u00a0<\/strong><br \/>\n\u00ab La saisine du parquet de Paris pour \u00e9ventuellement poursuivre le procureur de Paris ne peut mener \u00e0 rien. Il ne va pas s\u2019auto-accuser. \u00bb<br \/>\n\u00ab On soup\u00e7onne madame Houlette &#8211; qui dirigeait le parquet financier &#8211; de ne pas tout \u00e0 fait dire la v\u00e9rit\u00e9. Pareil pour madame Champrenault. \u00bb<br \/>\n\u00ab On ne peut pas reprocher aux magistrats du parquet d\u2019avoir ob\u00e9i aux ordres. Le parquet est hi\u00e9rarchis\u00e9. C\u2019est avant tout une question d\u2019ind\u00e9pendance. \u00bb<br \/>\n\u00ab On a le pouvoir l\u00e9gislatif qui s\u2019immisce dans l\u2019autorit\u00e9 judiciaire (\u2026). Il est difficile d\u2019admettre que le pouvoir l\u00e9gislatif peut mettre son nez dans la d\u00e9signation d\u2019un juge d\u2019instruction. Il faut quand m\u00eame respecter la s\u00e9paration des pouvoirs. \u00bb<\/p>\n<p><em>\u00a0<strong>Sur la judiciarisation de la vie politique<\/em>\u00a0<\/strong><br \/>\n\u00ab Les drames humains, c\u2019est notre travail de juge. \u00bb<br \/>\n\u00ab La question en France de la saisine de la justice par les associations ou les collectifs citoyens, c\u2019est la question de la constitution de partie civile : on a limit\u00e9 depuis les derni\u00e8res ann\u00e9es la possibilit\u00e9 de constituer partie civile. \u00bb<br \/>\n\u00ab On a limit\u00e9 de plus en plus cette possibilit\u00e9 pour les collectifs citoyens, les associations, de saisir la justice en les \u00e9tranglants dans cette saisine. Et c\u2019est dommage parce que la plupart des affaires environnementales et financi\u00e8res ont \u00e9t\u00e9 jug\u00e9es gr\u00e2ce \u00e0 des associations. \u00bb<div id='gallery-1' class='gallery galleryid-12500 gallery-columns-3 gallery-size-thumbnail'><figure class='gallery-item'>\n\t\t\t<div class='gallery-icon landscape'>\n\t\t\t\t<a href='https:\/\/archives.regards.fr\/wp-content\/uploads\/2020\/10\/capture_d_e_cran_2020-10-06_a_13-a8c.41.05.png'><img loading=\"lazy\" decoding=\"async\" width=\"150\" height=\"150\" src=\"https:\/\/archives.regards.fr\/wp-content\/uploads\/2020\/10\/capture_d_e_cran_2020-10-06_a_13-a8c.41.05-150x150.png\" class=\"attachment-thumbnail size-thumbnail\" alt=\"capture_d_e_cran_2020-10-06_a_13.41.05.png\" \/><\/a>\n\t\t\t<\/div><\/figure>\n\t\t<\/div>\n<\/p>\n","protected":false},"excerpt":{"rendered":"<p>Le Garde des Sceaux, \u00c9ric Dupond-Moretti, est accus\u00e9 de conflit d\u2019int\u00e9r\u00eat dans l\u2019affaire des fadettes. Peut-il rester \u00e0 la Chancellerie ? Est-il cr\u00e9dible ? Quid de l&#8217;ind\u00e9pendance du Parquet ? Evelyne Sire-Marin, magistrate, pr\u00e9sidente de la chambre sociale de la cour d\u2019appel de Versailles, est l\u2019invit\u00e9e de #LaMidinale.<\/p>\n","protected":false},"author":1039,"featured_media":29783,"comment_status":"open","ping_status":"open","sticky":false,"template":"","format":"standard","meta":{"_themeisle_gutenberg_block_has_review":false,"footnotes":""},"categories":[238],"tags":[293],"class_list":["post-12500","post","type-post","status-publish","format-standard","has-post-thumbnail","hentry","category-la-midinale","tag-entretien"],"_links":{"self":[{"href":"https:\/\/archives.regards.fr\/index.php?rest_route=\/wp\/v2\/posts\/12500","targetHints":{"allow":["GET"]}}],"collection":[{"href":"https:\/\/archives.regards.fr\/index.php?rest_route=\/wp\/v2\/posts"}],"about":[{"href":"https:\/\/archives.regards.fr\/index.php?rest_route=\/wp\/v2\/types\/post"}],"author":[{"embeddable":true,"href":"https:\/\/archives.regards.fr\/index.php?rest_route=\/wp\/v2\/users\/1039"}],"replies":[{"embeddable":true,"href":"https:\/\/archives.regards.fr\/index.php?rest_route=%2Fwp%2Fv2%2Fcomments&post=12500"}],"version-history":[{"count":0,"href":"https:\/\/archives.regards.fr\/index.php?rest_route=\/wp\/v2\/posts\/12500\/revisions"}],"wp:featuredmedia":[{"embeddable":true,"href":"https:\/\/archives.regards.fr\/index.php?rest_route=\/wp\/v2\/media\/29783"}],"wp:attachment":[{"href":"https:\/\/archives.regards.fr\/index.php?rest_route=%2Fwp%2Fv2%2Fmedia&parent=12500"}],"wp:term":[{"taxonomy":"category","embeddable":true,"href":"https:\/\/archives.regards.fr\/index.php?rest_route=%2Fwp%2Fv2%2Fcategories&post=12500"},{"taxonomy":"post_tag","embeddable":true,"href":"https:\/\/archives.regards.fr\/index.php?rest_route=%2Fwp%2Fv2%2Ftags&post=12500"}],"curies":[{"name":"wp","href":"https:\/\/api.w.org\/{rel}","templated":true}]}}