{"id":1250,"date":"1999-02-01T00:00:00","date_gmt":"1999-01-31T23:00:00","guid":{"rendered":"https:\/\/wp.muchomaas.com\/relever-le-niveau-de-vie-des-plus1250\/"},"modified":"1999-02-01T00:00:00","modified_gmt":"1999-01-31T23:00:00","slug":"relever-le-niveau-de-vie-des-plus1250","status":"publish","type":"post","link":"https:\/\/archives.regards.fr\/?p=1250","title":{"rendered":"\u00abRelever le niveau de vie des plus pauvres est urgent \u00bb"},"content":{"rendered":"<p class=\"post_excerpt\"> Entretien avec Nicole Borvo <\/p>\n<p><strong> Estimez-vous suffisante et efficace la loi contre l&#8217;exclusion ? <\/strong><\/p>\n<p><strong> Nicole Borvo : <\/strong> Les associations, notamment ATD-Quart monde, ont lutt\u00e9 pendant des ann\u00e9es pour obtenir cette loi-cadre. Dans le long processus qui a abouti \u00e0 son vote, le mot &#8220;exclusion&#8221; a \u00e9t\u00e9 mis en d\u00e9bat car il pr\u00eate \u00e0 confusion. Il pourrait laisser croire qu&#8217;un nombre r\u00e9siduel d&#8217;habitants de notre pays serait incapable de s&#8217;int\u00e9grer \u00e0 une soci\u00e9t\u00e9 en bon \u00e9tat de marche. En r\u00e9alit\u00e9 une partie croissante des cat\u00e9gories populaires est priv\u00e9e de ressources normales \u00e0 cause de l&#8217;insuffisance d&#8217;emploi. Ce sont des salari\u00e9s, surtout ouvriers et employ\u00e9s, qui p\u00e2tissent de la forte d\u00e9gradation de l&#8217;emploi et de l&#8217;in\u00e9galit\u00e9 croissante entre la part des salaires et celle des profits. Ils forment une partie importante de la soci\u00e9t\u00e9.<\/p>\n<p>Le PCF a soutenu la loi vot\u00e9e en 1998, plus pertinente que le projet de la droite, qui n&#8217;a d&#8217;ailleurs jamais vu le jour pour cause de dissolution. Cette loi est un premier pas. Elle concentre et red\u00e9ploie des moyens existants, de fa\u00e7on quelquefois non n\u00e9gligeable, pour rem\u00e9dier aux aspects les plus visibles de l&#8217;exclusion. Elle ne pr\u00e9voit pas de moyens r\u00e9ellement nouveaux ; elle reste dans le curatif, l&#8217;assistance sociale ; elle ne s&#8217;attaque pas suffisamment aux causes et \u00e0 la pr\u00e9vention de la pauvret\u00e9.<\/p>\n<p>Cette faiblesse provient en partie de ce que les entreprises ne sont pas mises \u00e0 contribution, ne serait-ce que pour indemniser le ch\u00f4mage. Or la d\u00e9gressivit\u00e9 des indemnit\u00e9s est un drame pour de nombreux ch\u00f4meurs. Et des milliers de jeunes ne trouvent que de petits boulots pr\u00e9caires n&#8217;ouvrant pas droit \u00e0 indemnisation. Le volet assurance maladie universelle ne figure pas dans la loi. Quant au logement, des mesures d&#8217;interdiction d&#8217;expulsions sont amorc\u00e9es mais le texte reste \u00e0 mi-chemin concernant les taxations de logement vacants et les r\u00e9quisitions.<\/p>\n<p><strong> Quelles sont les mesures urgentes \u00e0 prendre ? <\/strong><\/p>\n<p><strong> Nicole Borvo : <\/strong> Le rel\u00e8vement du niveau de vie des plus pauvres. Un dixi\u00e8me de la population vit avec moins de 3800 francs par mois. La hausse de 3% des minima sociaux est trop faible. Leur augmentation et celle des bas salaires serait une mesure de justice sociale et contribuerait \u00e0 une amorce de croissance.<\/p>\n<p>La fiscalit\u00e9 des entreprises devrait p\u00e9naliser les suppressions d&#8217;emplois. Aujourd&#8217;hui, les licenciements massifs prennent de vitesse les trop faibles cr\u00e9ations d&#8217;emplois. Le maintien de l&#8217;emploi existant est indispensable. Les incitations publiques doivent \u00eatre plus pertinentes et les aides \u00e0 la cr\u00e9ation d&#8217;emplois plus contraignantes pour les entreprises. Ce n&#8217;est pas le cas aujourd&#8217;hui.<\/p>\n<p>La pr\u00e9carit\u00e9 frappe massivement les jeunes. Les dispositions de la loi contre l&#8217;exclusion pour les int\u00e9grer sont trop limit\u00e9es. Une dynamique plus forte passe par des mesures contraignantes d&#8217;embauche des jeunes. Les entreprises ne s&#8217;engagent pas dans des emplois durables alors qu&#8217;elles b\u00e9n\u00e9ficient depuis des ann\u00e9es d&#8217;une pr\u00e9carisation du travail qui ne leur co\u00fbte pas cher. Je pense qu&#8217;il n&#8217;y a pas \u00e0 leur accorder d&#8217;aides publiques suppl\u00e9mentaires. Le budget reste cependant dans une logique de diminution des charges pour les employeurs sans aucune contrepartie. En m\u00eame temps, la pr\u00e9carit\u00e9 se d\u00e9veloppe, la proportion des contrats \u00e0 dur\u00e9e d\u00e9termin\u00e9e par rapport aux emplois stables cro\u00eet et embellit.<\/p>\n<p><strong> Notez-vous un changement global d&#8217;attitude concernant la pauvret\u00e9 ? <\/strong><\/p>\n<p><strong> Nicole Borvo : <\/strong> Une combativit\u00e9 nouvelle se fait jour depuis quelques ann\u00e9es. Elle est li\u00e9e \u00e0 la massification de l&#8217;appauvrissement des cat\u00e9gories populaires. M\u00eame si les plus militants sont minoritaires, ils repr\u00e9sentent beaucoup de monde. Leur mise en mouvement est une heureuse surprise. Apr\u00e8s les &#8220;ann\u00e9es fric&#8221;, le mouvement des salari\u00e9s de 1995 et celui des ch\u00f4meurs de 1997 constituent les deux manifestations nouvelles de r\u00e9sistance et de mobilisation contre le lib\u00e9ralisme d\u00e9brid\u00e9. Peut-\u00eatre amorcent-elles, bien qu&#8217;on ne puisse rien pr\u00e9dire, une inversion de tendance et une reprise de la combativit\u00e9 sociale ?<\/p>\n<p>* Secr\u00e9taire du comit\u00e9 national du PCF, responsable des questions de soci\u00e9t\u00e9<\/p>\n","protected":false},"excerpt":{"rendered":"<p> Entretien avec Nicole Borvo <\/p>\n","protected":false},"author":1,"featured_media":0,"comment_status":"open","ping_status":"open","sticky":false,"template":"","format":"standard","meta":{"_themeisle_gutenberg_block_has_review":false,"footnotes":""},"categories":[141],"tags":[297],"class_list":["post-1250","post","type-post","status-publish","format-standard","hentry","category-archives-web","tag-inegalites"],"_links":{"self":[{"href":"https:\/\/archives.regards.fr\/index.php?rest_route=\/wp\/v2\/posts\/1250","targetHints":{"allow":["GET"]}}],"collection":[{"href":"https:\/\/archives.regards.fr\/index.php?rest_route=\/wp\/v2\/posts"}],"about":[{"href":"https:\/\/archives.regards.fr\/index.php?rest_route=\/wp\/v2\/types\/post"}],"author":[{"embeddable":true,"href":"https:\/\/archives.regards.fr\/index.php?rest_route=\/wp\/v2\/users\/1"}],"replies":[{"embeddable":true,"href":"https:\/\/archives.regards.fr\/index.php?rest_route=%2Fwp%2Fv2%2Fcomments&post=1250"}],"version-history":[{"count":0,"href":"https:\/\/archives.regards.fr\/index.php?rest_route=\/wp\/v2\/posts\/1250\/revisions"}],"wp:attachment":[{"href":"https:\/\/archives.regards.fr\/index.php?rest_route=%2Fwp%2Fv2%2Fmedia&parent=1250"}],"wp:term":[{"taxonomy":"category","embeddable":true,"href":"https:\/\/archives.regards.fr\/index.php?rest_route=%2Fwp%2Fv2%2Fcategories&post=1250"},{"taxonomy":"post_tag","embeddable":true,"href":"https:\/\/archives.regards.fr\/index.php?rest_route=%2Fwp%2Fv2%2Ftags&post=1250"}],"curies":[{"name":"wp","href":"https:\/\/api.w.org\/{rel}","templated":true}]}}