{"id":12492,"date":"2020-10-02T15:26:23","date_gmt":"2020-10-02T13:26:23","guid":{"rendered":"https:\/\/wp.muchomaas.com\/article-dr-raybaud-il-faut-durcir-le-ton-sur-le-port-du-masque-tout-le-monde-partout\/"},"modified":"2023-06-24T00:03:14","modified_gmt":"2023-06-23T22:03:14","slug":"article-dr-raybaud-il-faut-durcir-le-ton-sur-le-port-du-masque-tout-le-monde-partout","status":"publish","type":"post","link":"https:\/\/archives.regards.fr\/?p=12492","title":{"rendered":"Dr Raybaud : \u00ab Il faut durcir le ton sur le port du masque : tout le monde, partout, tout le temps \u00bb"},"content":{"rendered":"<p class=\"post_excerpt\">L&#8217;\u00e9pid\u00e9mie de Covid-19 ne semble pas faiblir. Au contraire. Pour en parler, le m\u00e9decin g\u00e9n\u00e9raliste Pierre-Jacques Raybaud est l&#8217;invit\u00e9 de #LaMidinale.<\/p>\n<h2>UNE MIDINALE \u00c0 VOIR&#8230;<\/h2>\n<p><iframe loading=\"lazy\" width=\"490\" height=\"276\" src=\"https:\/\/www.youtube.com\/embed\/KKrhz28RCL0\" frameborder=\"0\" allow=\"accelerometer; autoplay; clipboard-write; encrypted-media; gyroscope; picture-in-picture\" allowfullscreen><\/iframe><\/p>\n<p>&nbsp;<\/p>\n<p><h2>ET \u00c0 LIRE&#8230;<\/h2>\n<p><em>\u00a0<strong>Sur l\u2019augmentation du nombre de cas, d\u2019hospitalisations et de morts et sur le port du masque<\/em>\u00a0<\/strong><br \/>\n\u00ab\u00a0Il n\u2019est pas vrai que tout le monde porte le masque : 68% des Fran\u00e7ais portent le masque\u2026 mais pas tout le temps.\u00a0Il faudrait que tout le monde le porte, tout le temps et partout.\u00a0\u00bb<br \/>\n\u00ab\u00a0Il faut 80% de port de masque avec une observance maximale pour que le virus arr\u00eate de se propager &#8211; c\u2019est ce qui s\u2019est pass\u00e9 en Cor\u00e9e, \u00e0 Hong-Kong et dans beaucoup de pays asiatiques.\u00a0\u00bb<br \/>\n\u00ab\u00a0Il ne faut ni fermer les restaurants ni fermer les caf\u00e9s : \u00e7a massacrerait encore plus l\u2019\u00e9conomie.\u00a0\u00bb<br \/>\n\u00ab\u00a0Il faut sanctionner les clients et non pas les cafetiers.\u00a0\u00bb<br \/>\n\u00ab\u00a0On peut manger et boire avec un masque : il suffit de le baisser au moment o\u00f9 on le porte \u00e0 la bouche &#8211; car quand on avale, on ne respire plus, ni expiration, ni inspiration.\u00a0\u00bb<br \/>\n\u00ab\u00a0On ne devrait pas pratiquer de sport en int\u00e9rieur, avec ou sans masque.\u00a0\u00bb<br \/>\n\u00ab\u00a0Pour les \u00e9tablissements scolaires, on observe partout le non-port du masque \u00e0 la sortie des \u00e9tablissements : c\u2019est sur ce point-l\u00e0 qu\u2019il faudrait agir.\u00a0\u00bb<br \/>\n\u00ab\u00a0Il faut \u00eatre plus radical quant au port du masque &#8211; il faut durcir le ton.\u00a0\u00bb<br \/>\n\u00ab\u00a0Je pense qu\u2019il y a un petit tassement de la propagation de l\u2019\u00e9pid\u00e9mie, r\u00e9sultat d\u2019une pression sur l\u2019obligation de porter le masque. Mais il faut continuer.\u00a0\u00bb<br \/>\n\u00ab\u00a0La mortalit\u00e9 augmente mais pas dans les m\u00eames proportions qu\u2019au plus fort de l\u2019\u00e9pid\u00e9mie.\u00a0\u00bb<br \/>\n\u00ab\u00a0Les jeunes font circuler le virus.\u00a0\u00bb<br \/>\n\u00ab\u00a0Il faut rester vigilant m\u00eame lorsqu\u2019on est jeune.\u00a0\u00bb<\/p>\n<p><strong>\u00a0<em>Sur les traitements et les solutions<\/em>\u00a0<\/strong><br \/>\n\u00ab\u00a0J\u2019aurais tendance \u00e0 dire, qu\u2019au vu de l\u2019\u00e9tude qu\u2019il a faite, le professeur Raoult a raison : l\u2019hydroxychloroquine marche, mais un peu. Ce n\u2019est pas un rem\u00e8de miracle !\u00a0\u00bb<br \/>\n\u00ab\u00a0Je trouve assez insupportable de critiquer un chercheur du niveau du professeur Raoult. Il y a plus adroit en mati\u00e8re de communication (\u2026) mais il ne faut pas oublier qu\u2019il a eu le Grand Prix INSERM 2010 parce qu\u2019il a ouvert des voies de recherche extraordinaires.\u00a0\u00bb<br \/>\n\u00ab\u00a0En moyenne, un vaccin, c\u2019est 24 mois minimum pour une mise sur le march\u00e9.\u00a0\u00bb<br \/>\n\u00ab\u00a0Le confinement sans le masque, ce n\u2019est rien d\u2019autre qu\u2019un grand rassemblement priv\u00e9 qui va acc\u00e9l\u00e9rer l\u2019\u00e9pid\u00e9mie.\u00a0\u00bb<br \/>\n\u00ab\u00a0Stop COVID \u00e9tait une tr\u00e8s bonne id\u00e9e. Sauf qu\u2019il fallait l\u2019adh\u00e9sion des Fran\u00e7ais &#8211; et l\u00e0, rien a \u00e9t\u00e9 fait pour\u2026\u00a0\u00bb<br \/>\n\u00ab\u00a0Il y a un probl\u00e8me qui n\u2019a pas \u00e9t\u00e9 corrig\u00e9 : le nombre de lits en r\u00e9animation\u2026\u00a0\u00bb<div id='gallery-1' class='gallery galleryid-12492 gallery-columns-3 gallery-size-thumbnail'><figure class='gallery-item'>\n\t\t\t<div class='gallery-icon landscape'>\n\t\t\t\t<a href='https:\/\/archives.regards.fr\/wp-content\/uploads\/2020\/10\/capture_d_e_cran_2020-10-02_a_15-a11.24.19.png'><img loading=\"lazy\" decoding=\"async\" width=\"150\" height=\"150\" src=\"https:\/\/archives.regards.fr\/wp-content\/uploads\/2020\/10\/capture_d_e_cran_2020-10-02_a_15-a11.24.19-150x150.png\" class=\"attachment-thumbnail size-thumbnail\" alt=\"capture_d_e_cran_2020-10-02_a_15.24.19.png\" \/><\/a>\n\t\t\t<\/div><\/figure>\n\t\t<\/div>\n<\/p>\n","protected":false},"excerpt":{"rendered":"<p>L&#8217;\u00e9pid\u00e9mie de Covid-19 ne semble pas faiblir. Au contraire. Pour en parler, le m\u00e9decin g\u00e9n\u00e9raliste Pierre-Jacques Raybaud est l&#8217;invit\u00e9 de #LaMidinale.<\/p>\n","protected":false},"author":1204,"featured_media":29769,"comment_status":"open","ping_status":"open","sticky":false,"template":"","format":"standard","meta":{"_themeisle_gutenberg_block_has_review":false,"footnotes":""},"categories":[238],"tags":[293],"class_list":["post-12492","post","type-post","status-publish","format-standard","has-post-thumbnail","hentry","category-la-midinale","tag-entretien"],"_links":{"self":[{"href":"https:\/\/archives.regards.fr\/index.php?rest_route=\/wp\/v2\/posts\/12492","targetHints":{"allow":["GET"]}}],"collection":[{"href":"https:\/\/archives.regards.fr\/index.php?rest_route=\/wp\/v2\/posts"}],"about":[{"href":"https:\/\/archives.regards.fr\/index.php?rest_route=\/wp\/v2\/types\/post"}],"author":[{"embeddable":true,"href":"https:\/\/archives.regards.fr\/index.php?rest_route=\/wp\/v2\/users\/1204"}],"replies":[{"embeddable":true,"href":"https:\/\/archives.regards.fr\/index.php?rest_route=%2Fwp%2Fv2%2Fcomments&post=12492"}],"version-history":[{"count":0,"href":"https:\/\/archives.regards.fr\/index.php?rest_route=\/wp\/v2\/posts\/12492\/revisions"}],"wp:featuredmedia":[{"embeddable":true,"href":"https:\/\/archives.regards.fr\/index.php?rest_route=\/wp\/v2\/media\/29769"}],"wp:attachment":[{"href":"https:\/\/archives.regards.fr\/index.php?rest_route=%2Fwp%2Fv2%2Fmedia&parent=12492"}],"wp:term":[{"taxonomy":"category","embeddable":true,"href":"https:\/\/archives.regards.fr\/index.php?rest_route=%2Fwp%2Fv2%2Fcategories&post=12492"},{"taxonomy":"post_tag","embeddable":true,"href":"https:\/\/archives.regards.fr\/index.php?rest_route=%2Fwp%2Fv2%2Ftags&post=12492"}],"curies":[{"name":"wp","href":"https:\/\/api.w.org\/{rel}","templated":true}]}}