{"id":12491,"date":"2020-10-01T14:38:00","date_gmt":"2020-10-01T12:38:00","guid":{"rendered":"https:\/\/wp.muchomaas.com\/article-malik-salemkour-on-fera-condamner-eric-zemmour\/"},"modified":"2023-06-24T00:03:13","modified_gmt":"2023-06-23T22:03:13","slug":"article-malik-salemkour-on-fera-condamner-eric-zemmour","status":"publish","type":"post","link":"https:\/\/archives.regards.fr\/?p=12491","title":{"rendered":"Malik Salemkour : \u00ab On fera condamner Eric Zemmour \u00bb"},"content":{"rendered":"<p class=\"post_excerpt\">Demain, vendredi 2 octobre, Emmanuel Macron doit prononcer un discours sur les s\u00e9paratismes. Pour en parler, Malik Salemkour, pr\u00e9sident de la Ligue des Droits de l\u2019Homme, est l\u2019invit\u00e9 de #LaMidinale.<\/p>\n<h2>UNE MIDINALE \u00c0 VOIR&#8230;<\/h2>\n<p><iframe loading=\"lazy\" width=\"490\" height=\"276\" src=\"https:\/\/www.youtube.com\/embed\/ppYr-SxGmdA\" frameborder=\"0\" allow=\"accelerometer; autoplay; clipboard-write; encrypted-media; gyroscope; picture-in-picture\" allowfullscreen><\/iframe><\/p>\n<p>&nbsp;<\/p>\n<p><h2>ET \u00c0 LIRE&#8230;<\/h2>\n<p><em>\u00a0<strong>Sur l\u2019\u00e9volution s\u00e9mantique<\/em>\u00a0<\/strong><br \/>\n\u00ab Macron a d\u2019abord voulu clore le d\u00e9bat sur le communautarisme (\u2026). La lutte contre le communautarisme n\u2019\u00e9tait pas fond\u00e9e en droit donc il a choisi les s\u00e9paratismes. \u00bb<br \/>\n\u00ab Si le fait d\u2019abandonner le communautarisme \u00e9tait une chose positive, e s\u00e9paratisme renvoie quand m\u00eame \u00e0 des notions historiques particuli\u00e8res : le s\u00e9cessionnisme. \u00bb<br \/>\n\u00ab Pour Darmanin et Schiappa c\u2019est clairement les musulmans qui posent probl\u00e8me. \u00bb<br \/>\n\u00ab Qu\u2019il y ait besoin de lutter contre les int\u00e9grismes, contre les d\u00e9rives sectaires, ces actes qui font que les lois de la R\u00e9publique ne seraient pas partag\u00e9es, on le partage tous. \u00bb<\/p>\n<p><em>\u00a0<strong>Sur la R\u00e9publique qui exclue<\/em>\u00a0<\/strong><br \/>\n\u00ab Il y a une vraie responsabilit\u00e9 de la R\u00e9publique a accueillir chacun en son sein et \u00e0 lui offrir ses principes dans une r\u00e9alit\u00e9 : une vraie \u00e9galit\u00e9, une vraie libert\u00e9, une vraie fraternit\u00e9. \u00bb<br \/>\n\u00ab Il est des mesures d\u2019Etat qui cr\u00e9ent des tensions et qui stigmatisent. \u00bb<br \/>\n\u00ab La r\u00e9publique n\u2019est pas exemplaire. Parler de s\u00e9paratisme de la R\u00e9publique c\u2019est aussi ne pas oublier qu\u2019il y a des gens qui ont d\u00e9fil\u00e9 le 10 novembre 2019 pour dire \u2018je suis musulman, et je suis dans a R\u00e9publique et je demande de la justice, de l\u2019\u00e9galit\u00e9 et de la non discrimination\u2019. Ils appelaient \u00e0 la R\u00e9publique. \u00bb<\/p>\n<p><em>\u00a0<strong>Sur l\u2019arsenal juridique existant<\/em>\u00a0<\/strong><br \/>\n\u00ab On a d\u00e9j\u00e0 les outils pour lutter contre les factieux. \u00bb<br \/>\n\u00ab Il y a des lieux d\u2019extr\u00eames droites qui ouvrent et qu\u2019on ne peut pas fermer : on ne peut pas parce que ce qui est un d\u00e9lit, ce n\u2019est pas d\u2019\u00eatre militants d\u2019extr\u00eame droite, c\u2019est lorsqu\u2019il du r\u00e9visionnisme ou l\u2019apologie de crime contre l\u2019humanit\u00e9, qu\u2019il l\u2019est. \u00bb<br \/>\n\u00ab Faire \u00e9voluer les textes est tr\u00e8s compliqu\u00e9 juridiquement. \u00bb<br \/>\n\u00ab On voit plut\u00f4t dans le projet de loi des rappels de principe. \u00bb<\/p>\n<p><strong>\u00a0<em>Sur la lutte contre les influences \u00e9trang\u00e8res<\/em>\u00a0<\/strong><br \/>\n\u00ab Pour lutter contre la corruption, on a besoin d\u2019avoir la transparence sur les financements qui circulent d\u2019une fronti\u00e8re \u00e0 une autre &#8211; qu\u2019il s\u2019agisse d\u2019activit\u00e9 \u00e9conomique l\u00e9gale mais aussi quand il s\u2019agit de l\u2019influence et on voit sur les r\u00e9seaux sociaux l\u2019influence de certains pays pour d\u00e9stabiliser la d\u00e9mocratie. \u00bb<br \/>\n\u00ab Sur le financement des lieux de culte, l\u2019origine des fonds doit \u00eatre assur\u00e9e [mais c\u2019est d\u00e9j\u00e0 pr\u00e9vu par la loi]. \u00bb<br \/>\n\u00ab La France a bon dos quand elle refuse l\u2019argent pour financer les mosqu\u00e9es mais qu\u2019elle utilise ce m\u00eame argent pour payer des armes au Moyen-Orient. \u00bb<\/p>\n<p><em>\u00a0<strong>Sur l\u2019organisation du culte musulman<\/em>\u00a0<\/strong><br \/>\n\u00ab Plusieurs pr\u00e9sidents de la R\u00e9publique ont consid\u00e9r\u00e9 qu\u2019il faut aider les musulmans \u00e0 s\u2019organiser. \u00bb<br \/>\n\u00ab La particularit\u00e9 de la religion musulmane, c\u2019est qu\u2019elle n\u2019est pas hi\u00e9rarchique. \u00bb<br \/>\n\u00ab Il y a des influences \u00e9trang\u00e8res et c\u2019est aux musulmans de France de s\u2019organiser eux-m\u00eames. Et \u00e7a n\u2019est pas \u00e0 l\u2019Etat de d\u00e9cider qui est son interlocuteur. \u00bb<\/p>\n<p><em>\u00a0<strong>Sur la libert\u00e9 de culte<\/em>\u00a0<\/strong><br \/>\n\u00ab \u00c0 la LDH, on est attach\u00e9 \u00e0 la libert\u00e9 de conscience et \u00e0 la libert\u00e9 du culte. \u00bb<br \/>\n\u00ab On n\u2019a pas d\u2019avis [\u00e0 la LDH] \u00e0 donner sur l\u2019organisation du culte. Et pas plus l\u2019Etat n\u2019a d\u2019avis \u00e0 donner. \u00bb<\/p>\n<p><em>\u00a0<strong>Sur le risque d\u2019un d\u00e9bat sur les s\u00e9paratismes<\/em>\u00a0<\/strong><br \/>\n\u00ab Il y a des consid\u00e9rations \u00e9lectorales extr\u00eamement fortes. \u00bb<br \/>\n\u00ab La pr\u00e9sidentielle se pr\u00e9parer maintenant (\u2026). On jette en p\u00e2ture des sujets : la migration, la s\u00e9curit\u00e9, l\u2019Islam. On sait que \u00e7a divise la gauche et que \u00e7a cristallise la droite. \u00c7a nous inqui\u00e8te. \u00bb<br \/>\n\u00ab Personne ne demandait cette loi sur les s\u00e9paratismes. \u00c7a n\u2019est pas un bon d\u00e9bat \u00e0 mener. En revanche, luttons contre le racisme. \u00bb<\/p>\n<p><em>\u00a0<strong>Sur Eric Zemmour<\/em>\u00a0<\/strong><br \/>\n\u00ab Il y a un vrai d\u00e9bat de d\u00e9ontologie des journalistes et des r\u00e9dactions. On doit aussi avoir un vrai d\u00e9bat avec les actionnaires pour savoir comment aujourd\u2019hui la presse doit apaiser ou diviser. \u00bb<br \/>\n\u00ab Lorsqu\u2019on est dans la discrimination et l\u2019incitation \u00e0 la haine, \u00e7a interroge sur la d\u00e9ontologie ds journalistes. Il y a un probl\u00e8me d\u2019\u00e9thique. \u00bb<br \/>\n\u00ab On fera condamner Eric Zemmour. \u00bb<br \/>\n\u00ab C\u2019est au CSA de veiller au respect des r\u00e8gles de d\u00e9ontologie. \u00bb<div id='gallery-1' class='gallery galleryid-12491 gallery-columns-3 gallery-size-thumbnail'><figure class='gallery-item'>\n\t\t\t<div class='gallery-icon landscape'>\n\t\t\t\t<a href='https:\/\/archives.regards.fr\/wp-content\/uploads\/2020\/10\/capture_d_e_cran_2020-10-01_a_14-cfe.22.30.png'><img loading=\"lazy\" decoding=\"async\" width=\"150\" height=\"150\" src=\"https:\/\/archives.regards.fr\/wp-content\/uploads\/2020\/10\/capture_d_e_cran_2020-10-01_a_14-cfe.22.30-150x150.png\" class=\"attachment-thumbnail size-thumbnail\" alt=\"capture_d_e_cran_2020-10-01_a_14.22.30.png\" \/><\/a>\n\t\t\t<\/div><\/figure>\n\t\t<\/div>\n<\/p>\n","protected":false},"excerpt":{"rendered":"<p>Demain, vendredi 2 octobre, Emmanuel Macron doit prononcer un discours sur les s\u00e9paratismes. Pour en parler, Malik Salemkour, pr\u00e9sident de la Ligue des Droits de l\u2019Homme, est l\u2019invit\u00e9 de #LaMidinale.<\/p>\n","protected":false},"author":1204,"featured_media":29767,"comment_status":"open","ping_status":"open","sticky":false,"template":"","format":"standard","meta":{"_themeisle_gutenberg_block_has_review":false,"footnotes":""},"categories":[238],"tags":[293],"class_list":["post-12491","post","type-post","status-publish","format-standard","has-post-thumbnail","hentry","category-la-midinale","tag-entretien"],"_links":{"self":[{"href":"https:\/\/archives.regards.fr\/index.php?rest_route=\/wp\/v2\/posts\/12491","targetHints":{"allow":["GET"]}}],"collection":[{"href":"https:\/\/archives.regards.fr\/index.php?rest_route=\/wp\/v2\/posts"}],"about":[{"href":"https:\/\/archives.regards.fr\/index.php?rest_route=\/wp\/v2\/types\/post"}],"author":[{"embeddable":true,"href":"https:\/\/archives.regards.fr\/index.php?rest_route=\/wp\/v2\/users\/1204"}],"replies":[{"embeddable":true,"href":"https:\/\/archives.regards.fr\/index.php?rest_route=%2Fwp%2Fv2%2Fcomments&post=12491"}],"version-history":[{"count":0,"href":"https:\/\/archives.regards.fr\/index.php?rest_route=\/wp\/v2\/posts\/12491\/revisions"}],"wp:featuredmedia":[{"embeddable":true,"href":"https:\/\/archives.regards.fr\/index.php?rest_route=\/wp\/v2\/media\/29767"}],"wp:attachment":[{"href":"https:\/\/archives.regards.fr\/index.php?rest_route=%2Fwp%2Fv2%2Fmedia&parent=12491"}],"wp:term":[{"taxonomy":"category","embeddable":true,"href":"https:\/\/archives.regards.fr\/index.php?rest_route=%2Fwp%2Fv2%2Fcategories&post=12491"},{"taxonomy":"post_tag","embeddable":true,"href":"https:\/\/archives.regards.fr\/index.php?rest_route=%2Fwp%2Fv2%2Ftags&post=12491"}],"curies":[{"name":"wp","href":"https:\/\/api.w.org\/{rel}","templated":true}]}}