{"id":12485,"date":"2020-09-29T14:00:18","date_gmt":"2020-09-29T12:00:18","guid":{"rendered":"https:\/\/wp.muchomaas.com\/article-alexis-levrier-face-a-sonia-devillers-le-president-du-csa-a-avoue-son\/"},"modified":"2023-06-24T00:03:03","modified_gmt":"2023-06-23T22:03:03","slug":"article-alexis-levrier-face-a-sonia-devillers-le-president-du-csa-a-avoue-son","status":"publish","type":"post","link":"https:\/\/archives.regards.fr\/?p=12485","title":{"rendered":"Alexis Levrier : \u00ab Face \u00e0 Sonia Devillers, le pr\u00e9sident du CSA a avou\u00e9 son impuissance \u00bb"},"content":{"rendered":"<p class=\"post_excerpt\">Lundi 28 septembre, dans l\u2019\u00e9mission de Sonia Devillers, L\u2019Instant M sur France Inter, le pr\u00e9sident du CSA a avou\u00e9 l\u2019absence d\u2019instrument pour r\u00e9pondre \u00e0 la droitisation des chaines d\u2019infos. On fait le point avec Alexis Levrier, universitaire et sp\u00e9cialiste de l\u2019histoire du journalisme, invit\u00e9 de #LaMidinale.<\/p>\n<h2>UNE MIDINALE \u00c0 VOIR&#8230;<\/h2>\n<p><iframe loading=\"lazy\" width=\"490\" height=\"276\" src=\"https:\/\/www.youtube.com\/embed\/8GrTFGm5edY\" frameborder=\"0\" allow=\"accelerometer; autoplay; clipboard-write; encrypted-media; gyroscope; picture-in-picture\" allowfullscreen><\/iframe><\/p>\n<p>&nbsp;<\/p>\n<p><h2>ET \u00c0 LIRE&#8230;<\/h2>\n<p><em>\u00a0<strong>Sur la droitisation des cha\u00eenes d\u2019infos<\/em>\u00a0<\/strong><br \/>\n\u00ab Il y a une droitisation des chaines d\u2019infos qui pl\u00e9biscitent un journalisme d\u2019opinion plut\u00f4t qu\u2019un journalisme d\u2019information. \u00bb<br \/>\n\u00ab Sur ces chaines, il y a de moins de moins de reportages. \u00bb<br \/>\n\u00ab Ce qui fait de l\u2019audience, c\u2019est ce qui clive, ce qui est du domaine de l\u2019affrontement. \u00bb<br \/>\n\u00ab \u00c7a coute moins cher d\u2019inviter des gens qu\u2019on ne paye pas que d\u2019envoyer des journalistes faire du reportage de qualit\u00e9. \u00bb<br \/>\n\u00ab Il y a un d\u00e9s\u00e9quilibre total des invit\u00e9s : les gens qui incarnent la gauche, ou les gens qui sont sens\u00e9s \u00eatre \u00e0 distance comme les universitaires, se retrouvent en minorit\u00e9. \u00bb<br \/>\n\u00ab On met en sc\u00e8ne de nouveaux visages [sur les chaines d\u2019infos] comme Charlotte d\u2019Ornellas ou Geoffroy Lejeune, c\u2019est-\u00e0-dire la r\u00e9daction de Valeurs Actuelles qui incarne une droite rance, moisie, qui vient de Maurras, Barr\u00e8s, la libre parole de l\u2019action fran\u00e7aise, issue d\u2019une longue histoire de la presse d\u2019extr\u00eame droite et dans laquelle s\u2019inscrit Valeurs Actuelles. Ils incarnent \u00e7a avec un c\u00f4t\u00e9 plus jeune, plus dynamique avec un discours qui peut donner l\u2019impression qu\u2019on n\u2019avait pas le droit de le dire il y a quelques ann\u00e9es et que maintenant c\u2019est accept\u00e9. \u00bb<br \/>\n\u00ab Zemmour est un multi r\u00e9cidiviste de la haine raciale. \u00bb<br \/>\n\u00ab Le juge de paix, c\u2019est l\u2019audience. \u00bb<br \/>\n\u00ab Il n\u2019y a pas de figure de gauche \u00e9quivalente \u00e0 Zemmour. \u00bb<\/p>\n<p><em>\u00a0<strong>Sur le r\u00f4le du CSA<\/em>\u00a0<\/strong><br \/>\n\u00ab Sonia Devillers a mis en difficult\u00e9 le pr\u00e9sident du CSA : il a avou\u00e9 son impuissance [\u00e0 veiller au pluralisme politique]. \u00bb<br \/>\n\u00ab Aujourd\u2019hui, on appelle \u00e9ditorialiste n\u2019importe qui. Il y a de tout. C\u2019est un terme attrape-tout. \u00bb<br \/>\n\u00ab Un homme ou une femme politique peut \u00eatre comptabilis\u00e9 mais quand il s\u2019agit de journaliste, je crois qu\u2019effectivement, le CSA ne dispose pas d\u2019instrument. \u00bb<br \/>\n\u00ab Il faut peut-\u00eatre mener une r\u00e9flexion collective pour que le CSA soit dot\u00e9 de nouveaux instruments, soit utiliser le nouvel outil qui n\u2019en est qu\u2019\u00e0 ses d\u00e9buts et qui est le conseil de d\u00e9ontologie et de l\u2019information. Il n\u2019a pas de pouvoir de sanction mais il pourrait donner des avis qui obligeraient ces cha\u00eenes \u00e0 se remettre en question. \u00bb<\/p>\n<p><em>\u00a0<strong>Sur le cas de Radio France <\/em>\u00a0<\/strong><br \/>\n\u00ab La couleur politique de Radio France a vari\u00e9 selon les \u00e9poques. Actuellement Radio France joue un r\u00f4le de contre-pouvoir. On fait venir des humoristes qui sont plut\u00f4t de gauche et qui le revendiquent au milieu de tranches d\u2019informations. \u00bb<br \/>\n\u00ab Il y a une rigueur \u00e0 Radio France et s\u2019ils obtiennent des records d\u2019audience c\u2019est parce qu\u2019un \u00e9quilibre est respect\u00e9. \u00bb<br \/>\n\u00ab \u00c7a n\u2019est pas la m\u00eame chose d\u2019avoir des personnalit\u00e9s de droite ou de gauche que d\u2019avoir des personnalit\u00e9s d\u2019extr\u00eame droite qui franchissent les limites \u00e9thiques et juridiques. \u00bb<\/p>\n<p><em>\u00a0<strong>Sur l\u2019histoire de la presse<\/em>\u00a0<\/strong><br \/>\n\u00ab Il y a toujours eu une presse populaire qui se pr\u00e9occupe du peuple, de ce qu\u2019il pense et de ce qu\u2019il faut lui dire. Une presse qui veut plaire \u00e0 ce public populaire. \u00bb<br \/>\n\u00ab Il faut veiller \u00e0 ce que le discours journalistique ne devienne pas le pr\u00e9texte \u00e0 des discussions du caf\u00e9 du commerce. Cet \u00e9quilibre a \u00e9t\u00e9 rompu parce que \u00e7a co\u00fbte moins cher et que \u00e7a fait de l\u2019audience. \u00bb<\/p>\n<p><em>\u00a0<strong>Sur politique et journalisme<\/em>\u00a0<\/strong><br \/>\n\u00ab Les allers-retours entre les deux mondes existent depuis toujours et on ne peut pas les emp\u00eacher tant que \u00e7a se fait dans la clart\u00e9. \u00bb<br \/>\n\u00ab Ce qui est choquant avec Louis de Raguenel [ex r\u00e9dacteur en chef de valeurs Actuelles nomm\u00e9 \u00e0 Europe1] c\u2019est qu\u2019il vient de Valeurs Actuelles et qu\u2019on lui donne une place tr\u00e8s importante au sein d\u2019Europe 1. \u00bb<br \/>\n\u00ab La r\u00e9daction n\u2019a pas r\u00e9ussi \u00e0 emp\u00eacher l\u2019arriv\u00e9e de Louis de Raguenel. \u00bb<br \/>\n\u00ab Il faut se rappeler que c\u2019est Louis de Raguenel qui a permis d\u2019avoir une interview d\u2019Emmanuel Macron dans Valeurs actuelles, dans des conditions exceptionnelles, depuis l\u2019avion pr\u00e9sidentiel, sans personne autour et avec tr\u00e8s peu de relecture a posteriori. Et par ailleurs, le pr\u00e9sident est all\u00e9 dans le sens de la ligne \u00e9ditoriale du journal. \u00bb<\/p>\n<p><em>\u00a0<strong>Sur l\u2019initiative de Julia Cag\u00e9 \u2018Un Bout Du Monde\u2019<\/em>\u00a0<\/strong><br \/>\n\u00ab Le Monde, l\u2019Equipe, et d\u2019autres journaux ont r\u00e9ussi leur passage au num\u00e9rique et n\u2019ont jamais eu autant d\u2019abonn\u00e9s num\u00e9riques. \u00bb<br \/>\n\u00ab Certains ont fait l\u2019erreur de croire que l\u2019information pouvait \u00eatre gratuite en pensant que les recettes publicitaires suffiraient. \u00bb<br \/>\n\u00ab L\u2019information a un co\u00fbt donc elle doit avoir un prix. \u00bb<br \/>\n\u00ab J\u2019esp\u00e8re que l\u2019initiative de Julia Caf\u00e9 va fonctionner. Il s\u2019agit de proposer aux journaux un capital suppl\u00e9mentaire qui impliquerait les lecteurs. \u00bb<br \/>\n\u00ab On souhaite tous aller vers un mod\u00e8le o\u00f9 les lecteurs pourraient contribuer \u00e0 l\u2019ind\u00e9pendance de leur journal. \u00bb<br \/>\n\u00ab Il n\u2019y a pas de mod\u00e8le totalement pur de financement de la presse : quand c\u2019est le mod\u00e8le \u00e9tatique il y a le risque de l\u2019intervention de l\u2019Etat. Quand c\u2019est le mod\u00e8le priv\u00e9, il y a le risque de l\u2019intervention des actionnaires. Et m\u00eame si c\u2019est le public, il y a le risque que ce public veuille modifier la ligne \u00e9ditoriale du journal. \u00bb<\/p>\n<p><em>\u00a0<strong>Sur le journalisme en p\u00e9riode de crise sanitaire<\/em>\u00a0<\/strong><br \/>\n\u00ab Le COVID-19 a chang\u00e9 \u00e9norm\u00e9ment de chose. \u00bb<br \/>\n\u00ab Les revenus publicitaires ont chut\u00e9 pour tout le monde. L\u2019\u00e9coute radio a chut\u00e9. Tout cela a \u00e9t\u00e9 terrible pour la presse et malgr\u00e9 tout elle a fait un travail remarquable d\u2019\u00e9coute du public, de p\u00e9dagogie, d\u2019interm\u00e9diation, de publications d\u2019avis de d\u00e9c\u00e8s qui prenaient une tout autre dimension. Tout en ayant un r\u00f4le critique du pouvoir politique &#8211; notamment sur le mensonge d\u2019Etat autour du masque. \u00bb<br \/>\n\u00ab J\u2019esp\u00e8re qu\u2019apr\u00e8s la crise des gilets jaunes, le public se sera r\u00e9concili\u00e9 avec ses journaux. \u00bb<div id='gallery-1' class='gallery galleryid-12485 gallery-columns-3 gallery-size-thumbnail'><figure class='gallery-item'>\n\t\t\t<div class='gallery-icon landscape'>\n\t\t\t\t<a href='https:\/\/archives.regards.fr\/wp-content\/uploads\/2020\/09\/capture_d_e_cran_2020-09-29_a_13-3b4.39.09.png'><img loading=\"lazy\" decoding=\"async\" width=\"150\" height=\"150\" src=\"https:\/\/archives.regards.fr\/wp-content\/uploads\/2020\/09\/capture_d_e_cran_2020-09-29_a_13-3b4.39.09-150x150.png\" class=\"attachment-thumbnail size-thumbnail\" alt=\"capture_d_e_cran_2020-09-29_a_13.39.09.png\" \/><\/a>\n\t\t\t<\/div><\/figure>\n\t\t<\/div>\n<\/p>\n","protected":false},"excerpt":{"rendered":"<p>Lundi 28 septembre, dans l\u2019\u00e9mission de Sonia Devillers, L\u2019Instant M sur France Inter, le pr\u00e9sident du CSA a avou\u00e9 l\u2019absence d\u2019instrument pour r\u00e9pondre \u00e0 la droitisation des chaines d\u2019infos. On fait le point avec Alexis Levrier, universitaire et sp\u00e9cialiste de l\u2019histoire du journalisme, invit\u00e9 de #LaMidinale.<\/p>\n","protected":false},"author":1039,"featured_media":29757,"comment_status":"open","ping_status":"open","sticky":false,"template":"","format":"standard","meta":{"_themeisle_gutenberg_block_has_review":false,"footnotes":""},"categories":[238],"tags":[293],"class_list":["post-12485","post","type-post","status-publish","format-standard","has-post-thumbnail","hentry","category-la-midinale","tag-entretien"],"_links":{"self":[{"href":"https:\/\/archives.regards.fr\/index.php?rest_route=\/wp\/v2\/posts\/12485","targetHints":{"allow":["GET"]}}],"collection":[{"href":"https:\/\/archives.regards.fr\/index.php?rest_route=\/wp\/v2\/posts"}],"about":[{"href":"https:\/\/archives.regards.fr\/index.php?rest_route=\/wp\/v2\/types\/post"}],"author":[{"embeddable":true,"href":"https:\/\/archives.regards.fr\/index.php?rest_route=\/wp\/v2\/users\/1039"}],"replies":[{"embeddable":true,"href":"https:\/\/archives.regards.fr\/index.php?rest_route=%2Fwp%2Fv2%2Fcomments&post=12485"}],"version-history":[{"count":0,"href":"https:\/\/archives.regards.fr\/index.php?rest_route=\/wp\/v2\/posts\/12485\/revisions"}],"wp:featuredmedia":[{"embeddable":true,"href":"https:\/\/archives.regards.fr\/index.php?rest_route=\/wp\/v2\/media\/29757"}],"wp:attachment":[{"href":"https:\/\/archives.regards.fr\/index.php?rest_route=%2Fwp%2Fv2%2Fmedia&parent=12485"}],"wp:term":[{"taxonomy":"category","embeddable":true,"href":"https:\/\/archives.regards.fr\/index.php?rest_route=%2Fwp%2Fv2%2Fcategories&post=12485"},{"taxonomy":"post_tag","embeddable":true,"href":"https:\/\/archives.regards.fr\/index.php?rest_route=%2Fwp%2Fv2%2Ftags&post=12485"}],"curies":[{"name":"wp","href":"https:\/\/api.w.org\/{rel}","templated":true}]}}