{"id":12483,"date":"2020-09-28T15:09:07","date_gmt":"2020-09-28T13:09:07","guid":{"rendered":"https:\/\/wp.muchomaas.com\/article-esther-benbassa-je-suis-candidate-pour-presider-le-groupe-ecologiste-du-senat\/"},"modified":"2023-06-24T00:02:57","modified_gmt":"2023-06-23T22:02:57","slug":"article-esther-benbassa-je-suis-candidate-pour-presider-le-groupe-ecologiste-du-senat","status":"publish","type":"post","link":"https:\/\/archives.regards.fr\/?p=12483","title":{"rendered":"Esther Benbassa : \u00ab Je suis candidate pour pr\u00e9sider le groupe \u00e9cologiste du S\u00e9nat \u00bb"},"content":{"rendered":"<p class=\"post_excerpt\">Pas de surprise au lendemain des \u00e9lections s\u00e9natoriales. Une nouveaut\u00e9 en revanche : la r\u00e9apparition d\u2019un groupe \u00e9cologiste dans l\u2019h\u00e9micycle du Palais du Luxembourg. Esther Benbassa, s\u00e9natrice \u00e9cologiste de Paris, ambitionne d\u2019en prendre la pr\u00e9sidence. Elle est l\u2019invit\u00e9e de #LaMidinale. L\u2019occasion d\u2019un petit tour d\u2019actualit\u00e9.<\/p>\n<h2>UNE MIDINALE \u00c0 VOIR&#8230;<\/h2>\n<p><iframe loading=\"lazy\" width=\"490\" height=\"276\" src=\"https:\/\/www.youtube.com\/embed\/ZzfYeNbvNkg\" frameborder=\"0\" allow=\"accelerometer; autoplay; clipboard-write; encrypted-media; gyroscope; picture-in-picture\" allowfullscreen><\/iframe><\/p>\n<p>&nbsp;<\/p>\n<p><h2>ET \u00c0 LIRE&#8230;<\/h2>\n<p><em>\u00a0<strong>Sur l\u2019attaque \u00e0 l\u2019arme blanche \u00e0 Paris<\/em>\u00a0<\/strong><br \/>\n\u00ab C\u2019est un traumatisme. Le matin de ma fen\u00eatre j\u2019ai entendu les sir\u00e8nes comme lors de l\u2019attaque au Bataclan. C\u2019\u00e9tait angoissant. \u00bb<br \/>\n\u00ab Nos plaies ne sont pas referm\u00e9es et elles se rouvrent de nouveau. \u00bb<br \/>\n\u00ab Il aurait \u00e9t\u00e9 tout \u00e0 fait opportun que le pr\u00e9sident de la R\u00e9publique prenne la parole et je ne comprends pas pourquoi il se tait. \u00bb<br \/>\n\u00ab Que Youssef [injustement interpell\u00e9 comme suspect dans l\u2019attaque alors qu\u2019il tent\u00e9 d\u2019attraper l\u2019auteur de l\u2019attaque] obtienne la naturalisation serait la moindre des choses. \u00bb<br \/>\n\u00ab Au lieu de lui rendre hommage ils l\u2019ont mis en garde \u00e0 vue. Il m\u00e9rite qu\u2019on le naturalise et qu\u2019on se dise que tous les arabes et tous les musulmans ne sont pas des terroristes. \u00bb<\/p>\n<p><em>\u00a0<strong>Sur naturalisation et s\u00e9paratisme<\/em>\u00a0<\/strong><br \/>\n\u00ab La naturalisation est un aboutissement de son int\u00e9gration dans un pays et \u00e7 a n\u2019est pas un s\u00e9same qui va int\u00e9grer. \u00bb<br \/>\n\u00ab \u00c7a serait tr\u00e8s grave si la naturalisation devenait un s\u00e9same. \u00bb<br \/>\n\u00ab La naturalisation est un heureux aboutissement de l\u2019int\u00e9gration et ils sont tr\u00e8s nombreux \u00e0 s\u2019int\u00e9grer. Pour beaucoup la R\u00e9publique est un symbole et la naturalisation fait partie de ce symbole. \u00bb<br \/>\n\u00ab C\u2019est ceux qui rejettent les immigr\u00e9s, les gens d\u2019une autre religion, qui attaquent les musulmans et les juifs qui s\u00e9parent. Le racisme n\u2019est pas un mot au singulier mais au pluriel. \u00bb<br \/>\n\u00ab \u00c7a n\u2019est pas le moment de faire une loi pareille [sur les s\u00e9paratisme]. Aujourd\u2019hui, nous avons besoin de s\u00e9r\u00e9nit\u00e9 et de coh\u00e9sion.<br \/>\n\u00ab La maladie domine notre quotidien et faire une loi sur le s\u00e9paratisme c\u2019est diviser la nation. \u00bb<br \/>\n\u00ab Macron va sur le terrain de la droite conservatrice. C\u2019est une porte ouverte \u00e0 l\u2019extr\u00eame droite \u00e0 qui il donne des gages. \u00bb<br \/>\n\u00ab Il faut plus d\u2019\u00e9ducation dans les quartiers, plus de police de proximit\u00e9, plus d\u2019aides aux familles. Nous avons \u00e9chou\u00e9 dans la politique de la vielle et nous nous sommes concentr\u00e9s sur l\u2019Islam politique. \u00bb<br \/>\n\u00ab L\u2019Islam politique est le parti du lait et du pain \u00e0 savoir ceux qui aident les pauvres et l\u00e0 je crois que nos dirigeants ne veulent pas voir cet aspect. \u00bb<\/p>\n<p><em>\u00a0<strong>Sur la Une de Lib\u00e9ration <\/em>\u00a0<\/strong><br \/>\n\u00ab Je suis pour la VI\u00e8 R\u00e9publique et pas pour une R\u00e9publique verticale et je salue toutes ces femmes en Une de Lib\u00e9ration. Il \u00e9tait temps. \u00bb<br \/>\n\u00ab Il faut habituer nos lectrices et lecteurs au fait que les femmes jouent un r\u00f4le important en politique. Mais la parit\u00e9, \u00e7a n\u2019est encore pas pour demain. \u00bb<br \/>\n\u00ab La parit\u00e9 est un objectif non atteint. \u00bb<\/p>\n<p><em>\u00a0<strong>Sur les s\u00e9natoriales 2020 et le nouveau groupe \u00e9cologiste<\/em>\u00a0<\/strong><br \/>\n\u00ab Entre 2011 et 2014 nous avons eu un groupe au S\u00e9nat et nous avions fait plein de choses. \u00bb<br \/>\n\u00ab Faire un groupe, c\u2019est un important pour moi parce que nous servirons d\u2019une pierre, pour l\u2019\u00e9difice, pour cette soci\u00e9t\u00e9 \u00e9cologiste que nous voulons cr\u00e9er. \u00bb<br \/>\n\u00ab Le groupe \u00e9cologiste d\u2019aujourd\u2019hui ne sera pas le m\u00eame que celui de 2011 parce que nous sommes rattrap\u00e9s par la pand\u00e9mie et on voit que les questions environnementales, seules, ne seront pas suffisantes (\u2026). \u00bb<br \/>\n\u00ab L\u2019\u00e9cologie politique est un ensemble et l\u2019\u00e9cologie politique qui ne s\u2019occupe pas du social ne peut plus exister. On a vu avec la maladie combien l\u2019effet grossissant des in\u00e9galit\u00e9s a jou\u00e9 comme une loupe et qu\u2019il n\u2019y a pas d\u2019\u00e9cologie sans justice sociale. \u00bb<br \/>\n\u00ab On a besoin d\u2019un groupe politique \u00e0 l\u2019identit\u00e9 \u00e9cologiste. \u00bb<br \/>\n\u00ab Nous voulons avoir notre identit\u00e9 : on n\u2019est pas des suppl\u00e9tifs ni des socialistes ni des communistes. \u00bb<br \/>\n\u00ab On ne peut pas rester un parti des centre-villes, il faut s\u2019implanter dans les territoires et nos r\u00e9sultats d\u2019hier sont, en ce sens, une victoire. \u00bb<br \/>\n\u00ab J\u2019ai pos\u00e9 ma candidature pour pr\u00e9sider le groupe \u00e9cologiste du S\u00e9nat. \u00bb<\/p>\n<p><em>\u00a0<strong>Sur le d\u00e9bat autour de la 5G<\/em>\u00a0<\/strong><br \/>\n\u00ab Il faut un moratoire sur la 5G avec une \u00e9tude d\u2019impact sanitaire et environnemental et seulement apr\u00e8s on d\u00e9cide. \u00bb<br \/>\n\u00ab Il faut un d\u00e9bat public sur la 5G. \u00bb<br \/>\n\u00ab Pour ou contre : cette binarit\u00e9 n\u2019est jamais positive. La 5G n\u2019est pas une religion : il ne s\u2019agit pas de dire qu\u2019on est pour ou contre. C\u2019est pas un match de foot. Mais on veut \u00eatre renseign\u00e9s. \u00bb<div id='gallery-1' class='gallery galleryid-12483 gallery-columns-3 gallery-size-thumbnail'><figure class='gallery-item'>\n\t\t\t<div class='gallery-icon landscape'>\n\t\t\t\t<a href='https:\/\/archives.regards.fr\/wp-content\/uploads\/2020\/09\/capture_d_e_cran_2020-09-28_a_14-baa.46.38.png'><img loading=\"lazy\" decoding=\"async\" width=\"150\" height=\"150\" src=\"https:\/\/archives.regards.fr\/wp-content\/uploads\/2020\/09\/capture_d_e_cran_2020-09-28_a_14-baa.46.38-150x150.png\" class=\"attachment-thumbnail size-thumbnail\" alt=\"capture_d_e_cran_2020-09-28_a_14.46.38.png\" \/><\/a>\n\t\t\t<\/div><\/figure>\n\t\t<\/div>\n<\/p>\n","protected":false},"excerpt":{"rendered":"<p>Pas de surprise au lendemain des \u00e9lections s\u00e9natoriales. Une nouveaut\u00e9 en revanche : la r\u00e9apparition d\u2019un groupe \u00e9cologiste dans l\u2019h\u00e9micycle du Palais du Luxembourg. Esther Benbassa, s\u00e9natrice \u00e9cologiste de Paris, ambitionne d\u2019en prendre la pr\u00e9sidence. Elle est l\u2019invit\u00e9e de #LaMidinale. L\u2019occasion d\u2019un petit tour d\u2019actualit\u00e9.<\/p>\n","protected":false},"author":1039,"featured_media":29753,"comment_status":"open","ping_status":"open","sticky":false,"template":"","format":"standard","meta":{"_themeisle_gutenberg_block_has_review":false,"footnotes":""},"categories":[238],"tags":[293],"class_list":["post-12483","post","type-post","status-publish","format-standard","has-post-thumbnail","hentry","category-la-midinale","tag-entretien"],"_links":{"self":[{"href":"https:\/\/archives.regards.fr\/index.php?rest_route=\/wp\/v2\/posts\/12483","targetHints":{"allow":["GET"]}}],"collection":[{"href":"https:\/\/archives.regards.fr\/index.php?rest_route=\/wp\/v2\/posts"}],"about":[{"href":"https:\/\/archives.regards.fr\/index.php?rest_route=\/wp\/v2\/types\/post"}],"author":[{"embeddable":true,"href":"https:\/\/archives.regards.fr\/index.php?rest_route=\/wp\/v2\/users\/1039"}],"replies":[{"embeddable":true,"href":"https:\/\/archives.regards.fr\/index.php?rest_route=%2Fwp%2Fv2%2Fcomments&post=12483"}],"version-history":[{"count":0,"href":"https:\/\/archives.regards.fr\/index.php?rest_route=\/wp\/v2\/posts\/12483\/revisions"}],"wp:featuredmedia":[{"embeddable":true,"href":"https:\/\/archives.regards.fr\/index.php?rest_route=\/wp\/v2\/media\/29753"}],"wp:attachment":[{"href":"https:\/\/archives.regards.fr\/index.php?rest_route=%2Fwp%2Fv2%2Fmedia&parent=12483"}],"wp:term":[{"taxonomy":"category","embeddable":true,"href":"https:\/\/archives.regards.fr\/index.php?rest_route=%2Fwp%2Fv2%2Fcategories&post=12483"},{"taxonomy":"post_tag","embeddable":true,"href":"https:\/\/archives.regards.fr\/index.php?rest_route=%2Fwp%2Fv2%2Ftags&post=12483"}],"curies":[{"name":"wp","href":"https:\/\/api.w.org\/{rel}","templated":true}]}}