{"id":12477,"date":"2020-09-24T11:32:21","date_gmt":"2020-09-24T09:32:21","guid":{"rendered":"https:\/\/wp.muchomaas.com\/article-tribune-thomas-portes\/"},"modified":"2023-06-24T00:02:53","modified_gmt":"2023-06-23T22:02:53","slug":"article-tribune-thomas-portes","status":"publish","type":"post","link":"https:\/\/archives.regards.fr\/?p=12477","title":{"rendered":"TRIBUNE. Appel aux forces de gauche et \u00e9cologistes \u00e0 ne pas se r\u00e9signer au pire, mais \u00e0 r\u00eaver !"},"content":{"rendered":"<p class=\"post_excerpt\">Pourquoi n\u2019existe-t-il pas dans ce pays de d\u00e9sir de gauche ? Et comment y rem\u00e9dier ? Tentative de r\u00e9ponse de Thomas Portes, militant politique et syndicaliste CGT-Cheminots.<\/p>\n<p>Alors que la derni\u00e8re enqu\u00eate publi\u00e9e par l\u2019Ifop, le 22 juillet dernier, indiquait que le \u00ab bloc de gauche \u00bb \u00e9tait donn\u00e9 \u00e0 13%, le plus grand danger, dans cette p\u00e9riode, serait le repli sur nous-m\u00eame. Pourquoi n\u2019existe-t-il pas dans ce pays de d\u00e9sir de gauche ? La gauche est \u00e9puis\u00e9e. \u00c9puis\u00e9e de combat interne et externe. \u00c9puis\u00e9e de divisions. Et que dire de notre d\u00e9mocratie ? Ab\u00eem\u00e9e, pour ne pas dire \u00e0 l\u2019article de la mort. Je crois \u00e0 la dynamique populaire et aux passerelles entre mouvement social et politique pour redonner du souffle \u00e0 toute une jeunesse. Il y a urgence \u00e0 faire conjuguer l\u2019avenir de notre pays avec sa devise r\u00e9publicaine : libert\u00e9, \u00e9galit\u00e9, fraternit\u00e9.<\/p>\n<p>&nbsp;<\/p>\n<p>\n<strong>LIRE AUSSI SUR REGARDS.FR<br \/>\n>><\/strong> <em><a href=\"https:\/\/wp.muchomaas.com\/ecologie\/article\/tribune-radicalite-ecologique-et-lutte-des-classes\">TRIBUNE. Radicalit\u00e9 \u00e9cologique et lutte des classes<\/a><\/em><\/p>\n<p>&nbsp;<\/p>\n<p>Je fais partie d\u2019une g\u00e9n\u00e9ration de femmes et d\u2019hommes qui n\u2019a connue aucune victoire politique et syndicale majeure. Aussi je crois que nous avons collectivement la responsabilit\u00e9 de faire sauter les verrous qui ab\u00eement nos espoirs. Tant de g\u00e9n\u00e9rations ont par le pass\u00e9 pris leurs responsabilit\u00e9s pour ouvrir la voie vers un autre chemin. Rien n\u2019est simple, doute et certitude cohabitent en permanence. Mais n\u2019est-il pas venu le moment de renverser la table, sans renier son histoire, mais au contraire pour le mettre au service de la construction de nouveaux jours heureux ? C\u2019est \u00e0 notre g\u00e9n\u00e9ration de d\u00e9cider de son destin.<\/p>\n<p>Mon engagement syndical \u00e0 la CGT, et politique, sur les questions ferroviaires, et plus largement de transports m\u2019a fait beaucoup r\u00e9fl\u00e9chir sur les questions \u00e9cologiques et l\u2019imp\u00e9rieuse n\u00e9cessit\u00e9 de sortir d\u2019un mod\u00e8le post-productiviste qui encha\u00eene les \u00e2mes et brise les espoirs. Va-t-on continuer longtemps \u00e0 regarder la plan\u00e8te br\u00fbler et les in\u00e9galit\u00e9s exploser ?<\/p>\n<p>Cette question de la radicalit\u00e9 \u00e9cologique doit en permanence \u00eatre corr\u00e9l\u00e9e \u00e0 la bataille pour le progr\u00e8s et la justice sociale. Comment s\u2019adresser \u00e0 la jeunesse des quartiers populaires quand pr\u00e9carit\u00e9, ch\u00f4mage et r\u00e9pression sont un quotidien dont nous n\u2019imaginons pas la violence. L\u2019horizon de fin du monde est lointain quand survivre jusqu\u2019\u00e0 la fin du jour est d\u00e9j\u00e0 un combat.<\/p>\n<p>Les prochaines \u00e9ch\u00e9ances \u00e9lectorales, si nous nous en donnons les moyens, peuvent \u00eatre enfin un moment politique d\u00e9terminant nous permettant de d\u00e9gager Emmanuel Macron du pouvoir, tout en barrant la route \u00e0 une extr\u00eame droite de plus en plus puissante, aussi bien dans les t\u00eates que dans les urnes. En moins de 48 heures, la semaine derni\u00e8re, des tags n\u00e9o-nazis ont surgi en province, comme au c\u0153ur de Paris. Les pr\u00e9mices du pire sont l\u00e0. <a href=\"https:\/\/wp.muchomaas.com\/idees-culture\/article\/nouvel-age-et-nouvelles-figures-du-racisme\">Le climat est pestilentiel, l\u2019odeur rance de l\u2019extr\u00eame droite embaume la sph\u00e8re politique et m\u00e9diatique.<\/a> Regardons le d\u00e9bat sur la repr\u00e9sentante de l\u2019UNEF ! Il y a urgence \u00e0 agir. Macron ou Le Pen, nous n\u2019en voulons pas. Personne n\u2019a le droit de nous priver de cet objectif.<\/p>\n<h2>Et si nous r\u00eavions ensemble ?<\/h2>\n<p>Le rassemblement, et c\u2019est un de mes combats depuis que je me suis engag\u00e9 en politique, sera la cl\u00e9 de nouveaux conquis sociaux. Un concept souvent usurp\u00e9, d\u00e9voy\u00e9, mais qui pour moi est la condition pour cr\u00e9er le chemin des possibles.<\/p>\n<p>Comme le dit si justement Angela Davis : <em>\u00ab Les murs renvers\u00e9s deviennent des ponts \u00bb<\/em>. Avec ces ponts, construisons des passerelles, respirons, ouvrons-nous. Notre soci\u00e9t\u00e9 bouillonne de r\u00e9flexions et d\u2019exp\u00e9riences citoyennes. Oui, ouvrons-nous pour que ces passerelles deviennent des \u00e9chelles vers une id\u00e9al progressiste, social et respectueux de l\u2019environnement. Un engagement, c\u2019est des convictions mais aussi une part de r\u00eave. Et si nous r\u00eavions ensemble ?<\/p>\n<p>Aujourd\u2019hui, je souhaite travailler, avec d\u2019autres, et elles et ils sont nombreux, \u00e0 la construction d\u2019un projet \u00e9mancipateur, post-productiviste, d\u00e9mocratique qui place au c\u0153ur de ses pr\u00e9occupations la radicalit\u00e9 \u00e9cologique et la lutte contre les in\u00e9galit\u00e9s sociales et \u00e9conomiques.<\/p>\n<blockquote><p>Ceci est un appel \u00e0 ne pas se r\u00e9signer au pire, se r\u00e9soudre faute de mieux au moindre mal mais \u00e0 r\u00eaver, innover, inventer, se surpasser. Il est temps.<\/p><\/blockquote>\n<p>Ce projet ne pourra \u00e9merger qu\u2019\u00e0 une condition : mettre en mouvement et en synergie les forces de gauche et \u00e9cologistes, mais aussi toutes les expertises associatives, syndicales et citoyennes qui sont la richesse de notre d\u00e9mocratie. Je suis persuad\u00e9 que c\u2019est ce terreau, mouvant et toujours en \u00e9volution, qui doit permettre de sortir des logiques lib\u00e9rales qui nous \u00e9touffent.<\/p>\n<p>Comment \u00eatre utile ? Voil\u00e0 une question qui guide mon engagement quotidien, avec toujours comme perspective de mettre l\u2019int\u00e9r\u00eat g\u00e9n\u00e9ral au c\u0153ur de mes actions. J\u2019ai toujours agi avec passion et conviction, je souhaite aller encore plus loin car je crois que l\u2019urgence impose de franchir une \u00e9tape suppl\u00e9mentaire. Le jour d\u2019apr\u00e8s ne sera pas d\u00e9pos\u00e9 sur un plateau, il faudra aller l\u2019arracher. Tant de chose sont \u00e0 faire, tant de combats sont \u00e0 mener. Je souhaite m\u2019y consacrer pleinement. C\u2019est cela qui m\u2019anime, et je le dois aussi grandement \u00e0 mes parents qui m\u2019ont transmis le sens des valeurs. Je ne peux me r\u00e9soudre \u00e0 \u00eatre \u00ab la g\u00e9n\u00e9ration \u00bb qui va enterrer la plan\u00e8te car c&#8217;est cela dont il est question !<\/p>\n<p>Ces combats sont l\u00e0 matrice de notre g\u00e9n\u00e9ration, le r\u00e9ceptacle de nos col\u00e8res et et la condition de notre survie<\/p>\n<p>J\u2019entends m&#8217;y engager de toutes mes forces avec toute celles et ceux qui partagent ces motivations. Ceci est un appel \u00e0 ne pas se r\u00e9signer au pire, se r\u00e9soudre faute de mieux au moindre mal mais \u00e0 r\u00eaver, innover, inventer, se surpasser. Il est temps.<\/p>\n<p>&nbsp;<\/p>\n<p>\n<a href=\"https:\/\/wp.muchomaas.com\/auteur\/thomas-portes\"><strong>Thomas Portes<\/strong><\/a>, militant politique et syndicaliste CGT-Cheminots<div id='gallery-1' class='gallery galleryid-12477 gallery-columns-3 gallery-size-thumbnail'><figure class='gallery-item'>\n\t\t\t<div class='gallery-icon landscape'>\n\t\t\t\t<a href='https:\/\/archives.regards.fr\/wp-content\/uploads\/2020\/09\/befunky-collage_1_-82-8c3-scaled.jpg'><img loading=\"lazy\" decoding=\"async\" width=\"150\" height=\"150\" src=\"https:\/\/archives.regards.fr\/wp-content\/uploads\/2020\/09\/befunky-collage_1_-82-8c3-150x150.jpg\" class=\"attachment-thumbnail size-thumbnail\" alt=\"befunky-collage_1_-82.jpg\" \/><\/a>\n\t\t\t<\/div><\/figure>\n\t\t<\/div>\n<\/p>\n","protected":false},"excerpt":{"rendered":"<p>Pourquoi n\u2019existe-t-il pas dans ce pays de d\u00e9sir de gauche ? Et comment y rem\u00e9dier ? Tentative de r\u00e9ponse de Thomas Portes, militant politique et syndicaliste CGT-Cheminots.<\/p>\n","protected":false},"author":1,"featured_media":29743,"comment_status":"open","ping_status":"open","sticky":false,"template":"","format":"standard","meta":{"_themeisle_gutenberg_block_has_review":false,"footnotes":""},"categories":[278],"tags":[295],"class_list":["post-12477","post","type-post","status-publish","format-standard","has-post-thumbnail","hentry","category-tribunes","tag-nupes"],"_links":{"self":[{"href":"https:\/\/archives.regards.fr\/index.php?rest_route=\/wp\/v2\/posts\/12477","targetHints":{"allow":["GET"]}}],"collection":[{"href":"https:\/\/archives.regards.fr\/index.php?rest_route=\/wp\/v2\/posts"}],"about":[{"href":"https:\/\/archives.regards.fr\/index.php?rest_route=\/wp\/v2\/types\/post"}],"author":[{"embeddable":true,"href":"https:\/\/archives.regards.fr\/index.php?rest_route=\/wp\/v2\/users\/1"}],"replies":[{"embeddable":true,"href":"https:\/\/archives.regards.fr\/index.php?rest_route=%2Fwp%2Fv2%2Fcomments&post=12477"}],"version-history":[{"count":0,"href":"https:\/\/archives.regards.fr\/index.php?rest_route=\/wp\/v2\/posts\/12477\/revisions"}],"wp:featuredmedia":[{"embeddable":true,"href":"https:\/\/archives.regards.fr\/index.php?rest_route=\/wp\/v2\/media\/29743"}],"wp:attachment":[{"href":"https:\/\/archives.regards.fr\/index.php?rest_route=%2Fwp%2Fv2%2Fmedia&parent=12477"}],"wp:term":[{"taxonomy":"category","embeddable":true,"href":"https:\/\/archives.regards.fr\/index.php?rest_route=%2Fwp%2Fv2%2Fcategories&post=12477"},{"taxonomy":"post_tag","embeddable":true,"href":"https:\/\/archives.regards.fr\/index.php?rest_route=%2Fwp%2Fv2%2Ftags&post=12477"}],"curies":[{"name":"wp","href":"https:\/\/api.w.org\/{rel}","templated":true}]}}