{"id":12476,"date":"2020-09-23T14:41:02","date_gmt":"2020-09-23T12:41:02","guid":{"rendered":"https:\/\/wp.muchomaas.com\/article-le-plan-sitot-recree-sitot-trahi\/"},"modified":"2023-07-03T14:32:22","modified_gmt":"2023-07-03T12:32:22","slug":"article-le-plan-sitot-recree-sitot-trahi","status":"publish","type":"post","link":"https:\/\/archives.regards.fr\/?p=12476","title":{"rendered":"Le Plan, sit\u00f4t recr\u00e9\u00e9 sit\u00f4t trahi !"},"content":{"rendered":"<p class=\"post_excerpt\">Le commissaire Fran\u00e7ois Bayrou a un plan, para\u00eet-il. Bernard Marx le matraque&#8230;<\/p>\n<p><strong>MAD MARX.<\/strong> Fran\u00e7ois Bayrou, le fra\u00eechement nomm\u00e9 Haut-Commissaire au Plan, a pr\u00e9sent\u00e9 le 22 septembre sa m\u00e9thode et son agenda devant le Conseil \u00c9conomique Social et Environnemental. Il avait re\u00e7u une lettre de mission du pr\u00e9sident de la R\u00e9publique dont l\u2019AFP nous a appris, le m\u00eame jour, que celui-ci lui avait demand\u00e9 d\u2019\u00eatre particuli\u00e8rement attentif \u00e0 la question des in\u00e9galit\u00e9s. <em>\u00ab Je consid\u00e8re que la prise en compte du long terme est pour notre temps une imp\u00e9rieuse obligation. Elle a \u00e9t\u00e9, ces derni\u00e8res d\u00e9cennies, trop absente des m\u00e9canismes de la d\u00e9cision publique \u00bb<\/em>. La phrase aurait \u00e9t\u00e9 r\u00e9ellement audacieuse si elle avait vis\u00e9 l\u2019incapacit\u00e9 dramatique de l&#8217;\u00c9tat fran\u00e7ais \u00e0 pr\u00e9voir et \u00e0 organiser, et si le Pr\u00e9sident avait donn\u00e9 mission au Haut-Commissariat d\u2019en proposer un diagnostic et de mettre en d\u00e9bat les r\u00e9formes structurelles. Le court-termisme, la trag\u00e9die des horizons ne sont pas simplement le fait de l\u2019\u00c9tat mais du capitalisme financiaris\u00e9.<\/p>\n<p>&nbsp;<\/p>\n<p>\n<strong>LIRE AUSSI SUR REGARDS.FR<br \/>\n>><\/strong> <em><a href=\"https:\/\/wp.muchomaas.com\/economie\/article\/chronique-du-covid-partie-i-capitalisme-et-macronisme-a-l-epreuve-d-une\">Capitalisme et macronisme \u00e0 l\u2019\u00e9preuve d\u2019une pand\u00e9mie r\u00e9sistible<\/a><\/em><\/p>\n<p>&nbsp;<\/p>\n<p><a href=\"https:\/\/www.lecese.fr\/intervention-du-haut-commissaire-au-plan-au-cese\">Le discours de politique g\u00e9n\u00e9rale du Haut-Commissaire Bayrou a \u00e9t\u00e9 d\u2019une grande platitude<\/a>. Il a fustig\u00e9 <em>\u00ab l\u2019id\u00e9e que notre action publique devait s\u2019effacer enti\u00e8rement devant les initiatives priv\u00e9es \u00bb<\/em>, affirm\u00e9 p\u00e9nurie de masques et parac\u00e9tamol \u00e0 l\u2019appui que <em>\u00ab la pr\u00e9occupation des profits est parfaitement l\u00e9gitime pour une entreprise priv\u00e9e ! Mais lorsque les int\u00e9r\u00eats particuliers contredisent l\u2019int\u00e9r\u00eat g\u00e9n\u00e9ral, alors il y a un devoir de la puissance publique, un devoir de la d\u00e9mocratie de les prendre en charge. \u00bb<\/em><\/p>\n<p>Le Haut-Commissaire s\u2019est accord\u00e9, un large rayon d\u2019action. Il a list\u00e9 trois grands th\u00e8mes de travail.<\/p>\n<ul>\n<li> La <em>\u00ab vitalit\u00e9 de la France \u00bb<\/em>, ce qui recouvre selon lui les champs de l\u2019\u00e9cologie, de la d\u00e9mographie, de l\u2019identit\u00e9, de la francophonie, de la recherche et de l\u2019innovation.<\/li>\n<\/ul>\n<ul>\n<li> <em>\u00ab L\u2019ind\u00e9pendance \u00bb<\/em> par quoi il faut entendre les chantiers des relocalisations, des productions vitales, de la souverainet\u00e9 agricole ou de la dette publique\u2026<\/li>\n<\/ul>\n<ul>\n<li> Enfin, la <em>\u00ab justice \u00bb<\/em>. Ce qui renvoie sans doute \u00e0 l\u2019injonction d\u2019\u00eatre attentif aux in\u00e9galit\u00e9s. On parlera donc, \u00e9ducation puisque <em>\u00ab l\u2019\u00e9ducation, c\u2019est la justice en actes \u00bb<\/em> ! Mais aussi sant\u00e9, am\u00e9nagement du territoire, d\u00e9veloppement : <em>\u00ab Je pense par exemple \u00e0 l\u2019Afrique, aujourd\u2019hui trop souvent en d\u00e9sh\u00e9rence, alors que sa jeunesse et sa volont\u00e9 de d\u00e9fricher l\u2019avenir sont remarquables. Si nous ne parvenons pas \u00e0 \u00e9laborer une r\u00e9ponse \u00e0 cette question, alors nous rencontrerons des drames in\u00e9luctables\u2026C\u2019est un enjeu \u00e0 la dimension de l\u2019Europe toute enti\u00e8re. Encore faut-il que la France montre l\u2019exemple et le chemin ! \u00bb<\/em><\/li>\n<\/ul>\n<p>Au-del\u00e0 de ces promesses qui n\u2019engagent que ceux qui y croient, la feuille de route auto-dress\u00e9e par le Haut-Commissaire Bayrou a aussi quelque chose d\u2019effrayant. On y cherchera en vain l\u2019objectif du plein emploi. Et m\u00eame, m\u2019a-t-il sembl\u00e9, le mot <em>emploi<\/em> n\u2019a pas \u00e9t\u00e9 une seule fois prononc\u00e9.<\/p>\n<p>Emmanuel Macron a donc \u00ab recr\u00e9\u00e9 \u00bb le Commissariat au plan. Mais en m\u00eame temps, lui-m\u00eame et le Haut-Commissaire d\u00e9sign\u00e9 abandonnent l\u2019objectif soci\u00e9tal majeur qui \u00e9tait au centre de sa mission. Alors m\u00eame que la crise actuelle aura un impact consid\u00e9rable sur l\u2019emploi, le Plan devrait plus que jamais se fixer l\u2019objectif soci\u00e9tal d\u2019un plein et d\u2019un meilleur emploi dans un nouveau mode d\u00e9veloppement.<\/p>\n<p>&nbsp;<\/p>\n<p>\n<a href=\"https:\/\/wp.muchomaas.com\/auteur\/bernard-marx\"><strong>Bernard Marx<\/strong><\/a><div id='gallery-1' class='gallery galleryid-12476 gallery-columns-3 gallery-size-thumbnail'><figure class='gallery-item'>\n\t\t\t<div class='gallery-icon landscape'>\n\t\t\t\t<a href='https:\/\/archives.regards.fr\/wp-content\/uploads\/2020\/09\/marx_matraque-ed8-scaled.jpg'><img loading=\"lazy\" decoding=\"async\" width=\"150\" height=\"150\" src=\"https:\/\/archives.regards.fr\/wp-content\/uploads\/2020\/09\/marx_matraque-ed8-150x150.jpg\" class=\"attachment-thumbnail size-thumbnail\" alt=\"marx_matraque.jpg\" \/><\/a>\n\t\t\t<\/div><\/figure>\n\t\t<\/div>\n<\/p>\n","protected":false},"excerpt":{"rendered":"<p>Le commissaire Fran\u00e7ois Bayrou a un plan, para\u00eet-il. Bernard Marx le matraque&#8230;<\/p>\n","protected":false},"author":1240,"featured_media":29741,"comment_status":"open","ping_status":"open","sticky":false,"template":"","format":"standard","meta":{"_themeisle_gutenberg_block_has_review":false,"footnotes":""},"categories":[272],"tags":[359],"class_list":["post-12476","post","type-post","status-publish","format-standard","has-post-thumbnail","hentry","category-mad-marx","tag-exclure-de-la-home"],"_links":{"self":[{"href":"https:\/\/archives.regards.fr\/index.php?rest_route=\/wp\/v2\/posts\/12476","targetHints":{"allow":["GET"]}}],"collection":[{"href":"https:\/\/archives.regards.fr\/index.php?rest_route=\/wp\/v2\/posts"}],"about":[{"href":"https:\/\/archives.regards.fr\/index.php?rest_route=\/wp\/v2\/types\/post"}],"author":[{"embeddable":true,"href":"https:\/\/archives.regards.fr\/index.php?rest_route=\/wp\/v2\/users\/1240"}],"replies":[{"embeddable":true,"href":"https:\/\/archives.regards.fr\/index.php?rest_route=%2Fwp%2Fv2%2Fcomments&post=12476"}],"version-history":[{"count":0,"href":"https:\/\/archives.regards.fr\/index.php?rest_route=\/wp\/v2\/posts\/12476\/revisions"}],"wp:featuredmedia":[{"embeddable":true,"href":"https:\/\/archives.regards.fr\/index.php?rest_route=\/wp\/v2\/media\/29741"}],"wp:attachment":[{"href":"https:\/\/archives.regards.fr\/index.php?rest_route=%2Fwp%2Fv2%2Fmedia&parent=12476"}],"wp:term":[{"taxonomy":"category","embeddable":true,"href":"https:\/\/archives.regards.fr\/index.php?rest_route=%2Fwp%2Fv2%2Fcategories&post=12476"},{"taxonomy":"post_tag","embeddable":true,"href":"https:\/\/archives.regards.fr\/index.php?rest_route=%2Fwp%2Fv2%2Ftags&post=12476"}],"curies":[{"name":"wp","href":"https:\/\/api.w.org\/{rel}","templated":true}]}}