{"id":12470,"date":"2020-09-22T11:53:11","date_gmt":"2020-09-22T09:53:11","guid":{"rendered":"https:\/\/wp.muchomaas.com\/article-louis-boyard-on-sait-tous-que-les-facs-vont-etre-fermees-avant-la-fin-du\/"},"modified":"2023-06-24T00:02:42","modified_gmt":"2023-06-23T22:02:42","slug":"article-louis-boyard-on-sait-tous-que-les-facs-vont-etre-fermees-avant-la-fin-du","status":"publish","type":"post","link":"https:\/\/archives.regards.fr\/?p=12470","title":{"rendered":"Louis Boyard : \u00ab On sait tous que les facs vont \u00eatre ferm\u00e9es avant la fin du premier semestre \u00bb"},"content":{"rendered":"<p class=\"post_excerpt\">En France, on compte pr\u00e8s de 20% d\u2019\u00e9tudiants qui vivent sous le seuil de pauvret\u00e9. Avec la crise, ce chiffre pourrait doubler mais les \u00e9tudiants pr\u00e9f\u00e8rent souvent abandonner leurs \u00e9tudes. Louis Boyard, pr\u00e9sident du Mouvement des Solidarit\u00e9s Etudiantes, veut cr\u00e9er une association nationale pour lutter contre la pr\u00e9carit\u00e9 \u00e9tudiante. Il est l\u2019invit\u00e9 de #LaMidinale. <\/p>\n<h2><strong><em>UNE MIDINALE \u00c0 VOIR&#8230;<\/h2>\n<p><iframe loading=\"lazy\" width=\"490\" height=\"276\" src=\"https:\/\/www.youtube.com\/embed\/JUA38GGVUZE\" frameborder=\"0\" allow=\"accelerometer; autoplay; clipboard-write; encrypted-media; gyroscope; picture-in-picture\" allowfullscreen><\/iframe><\/p>\n<p>&nbsp;<\/p>\n<p><h2>ET \u00c0 LIRE&#8230;<\/h2>\n<p><\/strong><\/em><br \/>\n<em>\u00a0<strong>Sur le mouvement des solidarit\u00e9s \u00e9tudiantes<\/em>\u00a0<\/strong><br \/>\n\u00ab On essaie de f\u00e9d\u00e9rer les associations de solidarit\u00e9 \u00e9tudiante en se fixant trois objectifs : le premier c\u2019est la lutte contre la pr\u00e9carit\u00e9 \u00e9tudiante en distribuant des denr\u00e9es alimentaires, des produits vestimentaires et des produits d\u2019hygi\u00e8ne. Le deuxi\u00e8me objectif c\u2019est de d\u00e9noncer l\u2019inaction de l\u2019Etat (\u2026). Enfin, le troisi\u00e8me objectif c\u2019est de construire une association nationale de lutte contre la pr\u00e9carit\u00e9 \u00e9tudiante &#8211; en gros, les resto du coeur \u00e9tudiants. \u00bb<br \/>\n\u00ab Il y a 20% des \u00e9tudiants qui vivent sous le seuil de pauvret\u00e9 et il n\u2019est pas normal qu\u2019il n\u2019y ait pas d\u2019association nationale qui lutte contre \u00e7a. \u00bb<br \/>\n\u00ab La gauche a abandonn\u00e9 le milieu \u00e9tudiant. \u00bb<\/p>\n<p><em>\u00a0<strong>Sur les solidarit\u00e9s entre \u00e9tudiants <\/em>\u00a0<\/strong><br \/>\n\u00ab Je distingue la solidarit\u00e9 de la charit\u00e9. \u00bb<br \/>\n\u00ab Quand on parle de solidarit\u00e9 c\u2019est des personnes qui sont dans la m\u00eame situation, la m\u00eame aide, et qui se disent que collectivement ils peuvent tous se tirer vers le haut. \u00bb<br \/>\n\u00ab L\u2019id\u00e9e c\u2019est d\u2019avoir une organisation collective qui permette \u00e0 tout le monde la fois de r\u00e9ussir ses \u00e9tudes, \u00e0 la fois de r\u00e9pondre aux imp\u00e9ratifs de la vie et en m\u00eame temps de s\u2019entre-aider. \u00bb<\/p>\n<p><em>\u00a0<strong>Sur les jobs \u00e9tudiants <\/em>\u00a0<\/strong><br \/>\n\u00ab Cette crise \u00e9conomique d\u00e9montre l\u2019absurdit\u00e9 du syst\u00e8me social dans lequel se trouvent les \u00e9tudiants. \u00bb<br \/>\n\u00ab Il n\u2019y a plus de taf et du coup les \u00e9tudiants sont en gal\u00e8re \u00e0 la fin du mois. \u00bb<br \/>\n\u00ab \u00c0 cause de la crise, sans moyens, les \u00e9tudiants vont finir par d\u00e9serter les facs. \u00bb<br \/>\n\u00ab On travaille sur l\u2019id\u00e9e d\u2019un revenu \u00e9tudiant. Il n\u2019y a pas d\u2019autonomie pendant ses \u00e9tudes sans autonomie financi\u00e8re. \u00bb<\/p>\n<p><em>\u00a0<strong>Sur l\u2019universit\u00e9 en temps de crise sanitaire<\/em>\u00a0<\/strong><br \/>\n\u00ab C\u2019est pas bien organis\u00e9. C\u2019est aux universit\u00e9s de g\u00e9rer au cas par cas. \u00bb<br \/>\n\u00ab On n\u2019a pas tous des masques. Les masques coutent cher. \u00bb<br \/>\n\u00ab On sait tous que les facs vont \u00eatre ferm\u00e9es avant la fin du premier semestre. \u00bb<\/p>\n<p><em>\u00a0<strong>Sur la hausse des inscriptions \u00e0 l\u2019universit\u00e9 <\/em>\u00a0<\/strong><br \/>\n\u00ab Il faut beaucoup plus de places \u00e0 l\u2019universit\u00e9 que les 30000 qui ont \u00e9t\u00e9 annonc\u00e9es par la ministre Fr\u00e9d\u00e9rique Vidal. \u00bb<br \/>\n\u00ab On a besoin de 100000 places dans l\u2019enseignement sup\u00e9rieur. \u00bb<br \/>\n\u00ab On a aucune pr\u00e9vision de long terme sur l\u2019ouverture de places qu\u2019on doit avoir pour compenser ce qui n\u2019a pas \u00e9t\u00e9 fait ces trente derni\u00e8res ann\u00e9es et pour pr\u00e9voir les entr\u00e9es qu\u2019il va y avoir dans l\u2019enseignement sup\u00e9rieur. \u00bb<\/p>\n<p><em>\u00a0<strong>Sur Parcoursup<\/em>\u00a0<\/strong><br \/>\n\u00ab J\u2019ai fait deux fois l\u2019exp\u00e9rience de Parcoursup et \u00e7a s\u2019est tr\u00e8s mal pass\u00e9. \u00bb<br \/>\n\u00ab Il y a des embouteillages \u00e9normes qui sont faits sur des crit\u00e8res m\u00e9ritocraties, qui sont des crit\u00e8res sociaux. \u00bb<br \/>\n\u00ab Parcousup c\u2019est un tri social : un \u00e9l\u00e8ve du lyc\u00e9e Henry IV aura forc\u00e9ment plus de chance d\u2019acc\u00e9der \u00e0 l\u2019universit\u00e9 qu\u2019un \u00e9l\u00e8ve qui vient d\u2019un lyc\u00e9e de quartier populaire. \u00bb<br \/>\n\u00ab Etudier est un droit. Parcoursup, en faisant du tri social, bafoue ce droit. \u00bb<\/p>\n<p><em>\u00a0<strong>Sur les jeunes face au Covid-19<\/em>\u00a0<\/strong><br \/>\n\u00ab Il faut toujours un coupable. Pour une fois, \u00e7a n\u2019est pas les musulmans. \u00bb<br \/>\n\u00ab Dans la jeunesse, certains font des conneries en ne portant pas le masque. Mais la plupart respecte les r\u00e8gles impos\u00e9es. \u00bb<br \/>\n\u00ab Vis-\u00e0-vis de la jeunesse, pas grand chose n\u2019a \u00e9t\u00e9 fait. J\u2019aimerais que madame Vidal annonce des masques gratuits pour tous les jeunes. \u00bb<\/p>\n<p><em>\u00a0<strong>Sur Maryam Pougetoux, vice-pr\u00e9sidente de l&#8217;UNEF<\/em>\u00a0<\/strong><br \/>\n\u00ab Cette s\u00e9quence m\u2019a r\u00e9volt\u00e9. Et \u00e7a m\u2019a fait pense \u00e0 ce qui s\u2019\u00e9tait pass\u00e9 quelques jours auparavant avec Imane qui avait juste fait une vid\u00e9o pour parler de ses recettes cuisines destin\u00e9es aux \u00e9tudiants pr\u00e9caires. Parce que cette femme portait un voile, on l\u2019a assimil\u00e9 au terrorisme. M\u00eame chose avec Maryam Pougetoux, auditionn\u00e9e \u00e0 l\u2019assembl\u00e9e nationale, qui a \u00e9t\u00e9 assimil\u00e9e \u00e0 l\u2019islam politique. \u00bb<br \/>\n\u00ab Les repr\u00e9sentants syndicaux ont le droit de porter les signes religieux qu\u2019ils veulent. \u00bb<br \/>\n\u00ab Ce qui est insupportable c\u2019est qu\u2019on n\u2019\u00e9coute pas les personnes concern\u00e9es. Et c\u2019est d\u2019autant plus violent pour Maryam Pougetoux qui avait donn\u00e9 une interview \u00e0 France 3 pour parler de Parcoursup et Charlie Hebdo avait fait une Une sur elle uniquement parce qu\u2019elle portait un voile. L\u00e0, elle vient \u00e0 l\u2019assembl\u00e9e nationale pour parler des \u00e9tudiants pr\u00e9caires et on ne parle d\u2019elle que parce qu\u2019elle porte un voile. Qu\u2019est-ce qui se passe dans ce pays ? Les femmes voil\u00e9es n\u2019ont pas le droit de parler ? \u00bb<br \/>\n\u00ab Il y a une ultra-discrimination des musulmans dans notre pays. \u00bb<div id='gallery-1' class='gallery galleryid-12470 gallery-columns-3 gallery-size-thumbnail'><figure class='gallery-item'>\n\t\t\t<div class='gallery-icon landscape'>\n\t\t\t\t<a href='https:\/\/archives.regards.fr\/wp-content\/uploads\/2020\/09\/capture_d_e_cran_2020-09-22_a_11-86e.43.03.png'><img loading=\"lazy\" decoding=\"async\" width=\"150\" height=\"150\" src=\"https:\/\/archives.regards.fr\/wp-content\/uploads\/2020\/09\/capture_d_e_cran_2020-09-22_a_11-86e.43.03-150x150.png\" class=\"attachment-thumbnail size-thumbnail\" alt=\"capture_d_e_cran_2020-09-22_a_11.43.03.png\" \/><\/a>\n\t\t\t<\/div><\/figure>\n\t\t<\/div>\n<\/p>\n","protected":false},"excerpt":{"rendered":"<p>En France, on compte pr\u00e8s de 20% d\u2019\u00e9tudiants qui vivent sous le seuil de pauvret\u00e9. Avec la crise, ce chiffre pourrait doubler mais les \u00e9tudiants pr\u00e9f\u00e8rent souvent abandonner leurs \u00e9tudes. Louis Boyard, pr\u00e9sident du Mouvement des Solidarit\u00e9s Etudiantes, veut cr\u00e9er une association nationale pour lutter contre la pr\u00e9carit\u00e9 \u00e9tudiante. Il est l\u2019invit\u00e9 de #LaMidinale. <\/p>\n","protected":false},"author":1204,"featured_media":29735,"comment_status":"open","ping_status":"open","sticky":false,"template":"","format":"standard","meta":{"_themeisle_gutenberg_block_has_review":false,"footnotes":""},"categories":[238],"tags":[293],"class_list":["post-12470","post","type-post","status-publish","format-standard","has-post-thumbnail","hentry","category-la-midinale","tag-entretien"],"_links":{"self":[{"href":"https:\/\/archives.regards.fr\/index.php?rest_route=\/wp\/v2\/posts\/12470","targetHints":{"allow":["GET"]}}],"collection":[{"href":"https:\/\/archives.regards.fr\/index.php?rest_route=\/wp\/v2\/posts"}],"about":[{"href":"https:\/\/archives.regards.fr\/index.php?rest_route=\/wp\/v2\/types\/post"}],"author":[{"embeddable":true,"href":"https:\/\/archives.regards.fr\/index.php?rest_route=\/wp\/v2\/users\/1204"}],"replies":[{"embeddable":true,"href":"https:\/\/archives.regards.fr\/index.php?rest_route=%2Fwp%2Fv2%2Fcomments&post=12470"}],"version-history":[{"count":0,"href":"https:\/\/archives.regards.fr\/index.php?rest_route=\/wp\/v2\/posts\/12470\/revisions"}],"wp:featuredmedia":[{"embeddable":true,"href":"https:\/\/archives.regards.fr\/index.php?rest_route=\/wp\/v2\/media\/29735"}],"wp:attachment":[{"href":"https:\/\/archives.regards.fr\/index.php?rest_route=%2Fwp%2Fv2%2Fmedia&parent=12470"}],"wp:term":[{"taxonomy":"category","embeddable":true,"href":"https:\/\/archives.regards.fr\/index.php?rest_route=%2Fwp%2Fv2%2Fcategories&post=12470"},{"taxonomy":"post_tag","embeddable":true,"href":"https:\/\/archives.regards.fr\/index.php?rest_route=%2Fwp%2Fv2%2Ftags&post=12470"}],"curies":[{"name":"wp","href":"https:\/\/api.w.org\/{rel}","templated":true}]}}