{"id":12467,"date":"2020-09-21T13:09:57","date_gmt":"2020-09-21T11:09:57","guid":{"rendered":"https:\/\/wp.muchomaas.com\/article-aurore-lalucq-on-ne-fait-plus-de-politique-au-nom-de-l-interet-general\/"},"modified":"2023-06-24T00:02:32","modified_gmt":"2023-06-23T22:02:32","slug":"article-aurore-lalucq-on-ne-fait-plus-de-politique-au-nom-de-l-interet-general","status":"publish","type":"post","link":"https:\/\/archives.regards.fr\/?p=12467","title":{"rendered":"Aurore Lalucq : \u00ab On ne fait plus de politique au nom de l\u2019int\u00e9r\u00eat g\u00e9n\u00e9ral \u00bb"},"content":{"rendered":"<p class=\"post_excerpt\">Aurore Lalucq est d\u00e9put\u00e9e europ\u00e9enne, membre de Place publique. Elle publie <em>Reconqu\u00eate, au nom de l\u2019int\u00e9r\u00eat g\u00e9n\u00e9ral<\/em>, aux \u00c9ditions Les Petits Matins. Elle est l\u2019invit\u00e9e de #LaMidinale.<\/p>\n<h2><strong><em>UNE MIDINALE \u00c0 VOIR&#8230;<\/h2>\n<p><iframe loading=\"lazy\" width=\"490\" height=\"276\" src=\"https:\/\/www.youtube.com\/embed\/crurFxol1kw\" frameborder=\"0\" allow=\"accelerometer; autoplay; clipboard-write; encrypted-media; gyroscope; picture-in-picture\" allowfullscreen><\/iframe><\/p>\n<p>&nbsp;<\/p>\n<p><h2>ET \u00c0 LIRE&#8230;<\/h2>\n<p><\/strong><\/em><br \/>\n<em>\u00a0<strong>Sur l\u2019int\u00e9r\u00eat g\u00e9n\u00e9ral en politique <\/em>\u00a0<\/strong><br \/>\n\u00ab On ne fait plus de politique au nom de l\u2019int\u00e9r\u00eat g\u00e9n\u00e9ral. \u00bb<br \/>\n\u00ab On n\u2019a jamais autant \u00e9t\u00e9 dans un moment de lutte des classes, avec une classe qui a gagn\u00e9. \u00bb<br \/>\n\u00ab Les gouvernants travaillent aujourd\u2019hui principalement pour les plus puissants. \u00bb<br \/>\n\u00ab Il nous faut des politiques qui renouent avec l\u2019int\u00e9r\u00eat g\u00e9n\u00e9ral. \u00bb<\/p>\n<p><em>\u00a0<strong>Sur la crise sanitaire<\/em>\u00a0<\/strong><br \/>\n\u00ab Certaines des d\u00e9cisions qui ont \u00e9t\u00e9 prises pendant la crise sanitaire l\u2019ont \u00e9t\u00e9 au nom de l\u2019int\u00e9r\u00eat g\u00e9n\u00e9ral. D\u2019autres pas du tout. \u00bb<br \/>\n\u00ab Une politique publique pour qu\u2019elle soit efficace, elle doit \u00eatre simple. Et l\u00e0, on est dans tout sauf de la simplicit\u00e9. \u00bb<br \/>\n\u00ab Les gouvernants se sont auto-persuad\u00e9s de l\u2019incapacit\u00e9 de l\u2019Etat. \u00bb<br \/>\n\u00ab Un gouvernement, dans des moments de crises, est sens\u00e9 convoquer les partenaires sociaux. R\u00e9quisitionner. Donner des directives. Et \u00e7a ne s\u2019est pas fait. On a un probl\u00e8me d\u2019Etat profond et dont on pense la puissance publique. \u00bb<br \/>\n\u00ab Plus qu\u2019un probl\u00e8me d\u2019int\u00e9r\u00eat g\u00e9n\u00e9ral on a un probl\u00e8me de service public et de politique publique. \u00bb<\/p>\n<p><em>\u00a0<strong>Sur la souverainet\u00e9, le protectionnisme<\/em>\u00a0<\/strong><br \/>\n\u00ab Il y a une d\u00e9gradation des termes du d\u00e9bat. \u00bb<br \/>\n\u00ab Dire que tout ira pour le mieux dans le meilleur des mondes parce qu\u2019on aura relocalis\u00e9 la production, c\u2019est faux. Et c\u2019est d\u2019autant plus faux que d\u2019un point de vue environnemental, ce sont souvent les derniers kilom\u00e8tres qui polluent le plus. \u00bb<br \/>\n\u00ab Certaines choses doivent pouvoir continuer \u00e0 \u00eatre produites ailleurs et tant mieux. La Feta, j\u2019ai envie qu\u2019elle vienne de Gr\u00e8ce et je n\u2019ai pas envie qu\u2019elle soit produite ailleurs. \u00bb<br \/>\n\u00ab Il faut sortir de la d\u00e9mesure. \u00bb<br \/>\n\u00ab Le terme de souverainet\u00e9 tend \u00e0 me gonfler parce que \u00e7a ne veut strictement rien dire. \u00bb<br \/>\n\u00ab En France, on est souverain, on d\u00e9cide de nos politiques. \u00bb<\/p>\n<p><em>\u00a0<strong>Sur les indicateurs \u00e9conomiques<\/em>\u00a0<\/strong><br \/>\n\u00ab Un bon indicateur c\u2019est celui qui permet d\u2019aider les personnes en charge du d\u00e9veloppement d\u2019un pays de savoir si elles vont dans le bon chemin ou pas. Et dans ce cadre, le PIB n\u2019est plus un bon indicateur. \u00bb<br \/>\n\u00ab En tant qu\u2019\u00e9lue, l\u2019indicateur PIB ne me dit rien sur l\u2019\u00e9tat des in\u00e9galit\u00e9s, sur la diversit\u00e9 ou sur les questions environnementales et sociales. \u00bb<br \/>\n\u00ab On est en train de vouloir faire la transition \u00e9cologique et sociale avec un indicateur qui date des ann\u00e9es 30 et 40. C\u2019est pas possible. \u00bb<br \/>\n\u00ab Le PIB continue d\u2019augmenter et le bien \u00eatre des pays dits d\u00e9velopp\u00e9s reste stable. \u00bb<\/p>\n<p><em>\u00a0<strong>Sur le post-capitalisme <\/em>\u00a0<\/strong><br \/>\n\u00ab Je ne sais pas si c\u2019est une soci\u00e9t\u00e9 post capitaliste \u00e0 laquelle j\u2019aspire. Parce que si je suis honn\u00eate intellectuellement, et pour avoir lu Marx, Smith, Veblen ou Galbraith, je n\u2019arrive toujours pas \u00e0 mettre une d\u00e9finition pr\u00e9cise sur le capitalisme. \u00bb<br \/>\n\u00ab Je ne sais pas comment on arrive \u00e0 un syst\u00e8me o\u00f9 il n\u2019y a pas de domination. \u00bb<br \/>\n\u00ab Ce qui m\u2019int\u00e9resse, c\u2019est changer les vies quotidiennes et vivre mieux. \u00bb<br \/>\n\u00ab On vit dans une sorte d\u2019infocratie o\u00f9 on doit se positionner sur des d\u00e9bats peu int\u00e9ressants de mani\u00e8re binaire. \u00bb<br \/>\n\u00ab Il faut ralentir notre rythme. \u00bb<\/p>\n<p><em>\u00a0<strong>Sur l\u2019annulation de la dette<\/em>\u00a0<\/strong><br \/>\n\u00ab Face \u00e0 la situation, face aux risques, il nous faut une solution technique : l\u2019annulation de la dette est une solution que l\u2019on met sur la table. C\u2019est une solution qui prend. \u00bb<br \/>\n\u00ab \u00catre radical, c\u2019est avant tout \u00eatre s\u00e9rieux. \u00bb<br \/>\n\u00ab On nous a fait le proc\u00e8s du manque de s\u00e9rieux. Argument balay\u00e9. On a d\u00e9nonc\u00e9 l\u2019impossibilit\u00e9 technique. Argument balay\u00e9. Et maintenant, on nous fait le proc\u00e8s en cr\u00e9dibilit\u00e9. \u00c7a n\u2019est pas aux experts de juger de la cr\u00e9dibilit\u00e9 des propositions mais aux citoyens. \u00bb<br \/>\n\u00ab On cr\u00e8ve de la question de la cr\u00e9dibilit\u00e9 \u00e0 gauche. Parce qu\u2019on prive les gens de d\u00e9bat. \u00bb<br \/>\n\u00ab Les utopistes sont ceux qui pensent qu\u2019on va pouvoir continuer comme avant. \u00bb<br \/>\n\u00ab La biosph\u00e8re a ses limites. Penser qu\u2019on va pouvoir faire du business ad vitam aeternam, sans respecter les limites de la biosph\u00e8re, me parait peu probable. Penser qu\u2019on va pouvoir faire du business ad vitam aeternam, avec une mont\u00e9e de l\u2019extr\u00eame droite, c\u2019est possible mais \u00e7a ne va pas le faire tr\u00e8s longtemps. \u00bb <\/p>\n<p><em>\u00a0<strong>Sur l\u2019Etat<\/em>\u00a0<\/strong><br \/>\n\u00ab Il nous faut plus de puissance publique. Il nous faut plus d\u2019Etat strat\u00e8ge. \u00bb<br \/>\n\u00ab On a besoin d\u2019un Etat strat\u00e8ge, producteur, providence. \u00bb<br \/>\n\u00ab \u00c7a ne veut pas dire qu\u2019on a besoin d\u2019un Etat centralisateur, surtout dans ce pays, on en cr\u00e8ve. \u00bb<\/p>\n<p><em>\u00a0<strong>Sur le plein-emploi <\/em>\u00a0<\/strong><br \/>\n\u00ab Il faut r\u00e9organiser la r\u00e9duction du temps de travail parce que c\u2019est l\u2019une des meilleures solutions pour la transition \u00e9cologique. \u00bb<br \/>\n\u00ab Il nous faut des fonctionnaires parce que \u00e7a ne coute pas cher. Et c\u2019est un investissement tr\u00e8s important. Il faut arr\u00eater de r\u00e9fl\u00e9chir en termes de couts. \u00bb<\/p>\n<p><em>\u00a0<strong>Sur la conqu\u00eate du pouvoir<\/em>\u00a0<\/strong><br \/>\n\u00ab Il faut reconqu\u00e9rir les id\u00e9es et il faut que les femmes reconqui\u00e8rent le pouvoir parce qu\u2019on ne nous laissera pas la place. \u00bb<br \/>\n\u00ab Je ne suis pas optimiste pour 2022, mais je suis tr\u00e8s combattive. \u00bb<div id='gallery-1' class='gallery galleryid-12467 gallery-columns-3 gallery-size-thumbnail'><figure class='gallery-item'>\n\t\t\t<div class='gallery-icon landscape'>\n\t\t\t\t<a href='https:\/\/archives.regards.fr\/wp-content\/uploads\/2020\/09\/capture_d_e_cran_2020-09-21_a_12-9a4.53.32.png'><img loading=\"lazy\" decoding=\"async\" width=\"150\" height=\"150\" src=\"https:\/\/archives.regards.fr\/wp-content\/uploads\/2020\/09\/capture_d_e_cran_2020-09-21_a_12-9a4.53.32-150x150.png\" class=\"attachment-thumbnail size-thumbnail\" alt=\"capture_d_e_cran_2020-09-21_a_12.53.32.png\" \/><\/a>\n\t\t\t<\/div><\/figure>\n\t\t<\/div>\n<\/p>\n","protected":false},"excerpt":{"rendered":"<p>Aurore Lalucq est d\u00e9put\u00e9e europ\u00e9enne, membre de Place publique. Elle publie <em>Reconqu\u00eate, au nom de l\u2019int\u00e9r\u00eat g\u00e9n\u00e9ral<\/em>, aux \u00c9ditions Les Petits Matins. Elle est l\u2019invit\u00e9e de #LaMidinale.<\/p>\n","protected":false},"author":1039,"featured_media":29729,"comment_status":"open","ping_status":"open","sticky":false,"template":"","format":"standard","meta":{"_themeisle_gutenberg_block_has_review":false,"footnotes":""},"categories":[238],"tags":[293],"class_list":["post-12467","post","type-post","status-publish","format-standard","has-post-thumbnail","hentry","category-la-midinale","tag-entretien"],"_links":{"self":[{"href":"https:\/\/archives.regards.fr\/index.php?rest_route=\/wp\/v2\/posts\/12467","targetHints":{"allow":["GET"]}}],"collection":[{"href":"https:\/\/archives.regards.fr\/index.php?rest_route=\/wp\/v2\/posts"}],"about":[{"href":"https:\/\/archives.regards.fr\/index.php?rest_route=\/wp\/v2\/types\/post"}],"author":[{"embeddable":true,"href":"https:\/\/archives.regards.fr\/index.php?rest_route=\/wp\/v2\/users\/1039"}],"replies":[{"embeddable":true,"href":"https:\/\/archives.regards.fr\/index.php?rest_route=%2Fwp%2Fv2%2Fcomments&post=12467"}],"version-history":[{"count":0,"href":"https:\/\/archives.regards.fr\/index.php?rest_route=\/wp\/v2\/posts\/12467\/revisions"}],"wp:featuredmedia":[{"embeddable":true,"href":"https:\/\/archives.regards.fr\/index.php?rest_route=\/wp\/v2\/media\/29729"}],"wp:attachment":[{"href":"https:\/\/archives.regards.fr\/index.php?rest_route=%2Fwp%2Fv2%2Fmedia&parent=12467"}],"wp:term":[{"taxonomy":"category","embeddable":true,"href":"https:\/\/archives.regards.fr\/index.php?rest_route=%2Fwp%2Fv2%2Fcategories&post=12467"},{"taxonomy":"post_tag","embeddable":true,"href":"https:\/\/archives.regards.fr\/index.php?rest_route=%2Fwp%2Fv2%2Ftags&post=12467"}],"curies":[{"name":"wp","href":"https:\/\/api.w.org\/{rel}","templated":true}]}}