{"id":12461,"date":"2020-09-18T12:16:52","date_gmt":"2020-09-18T10:16:52","guid":{"rendered":"https:\/\/wp.muchomaas.com\/article-pierre-henri-gouyon-on-fait-peur-aux-gens-en-convoquant-la-science-afin-qu-ils\/"},"modified":"2023-06-24T00:02:17","modified_gmt":"2023-06-23T22:02:17","slug":"article-pierre-henri-gouyon-on-fait-peur-aux-gens-en-convoquant-la-science-afin-qu-ils","status":"publish","type":"post","link":"https:\/\/archives.regards.fr\/?p=12461","title":{"rendered":"Pierre-Henri Gouyon : \u00ab On fait peur aux gens en convoquant la science afin qu\u2019ils soient ob\u00e9issants \u00bb"},"content":{"rendered":"<p class=\"post_excerpt\">Avec plusieurs chercheurs, intellectuels, universitaires, scientifiques, il d\u00e9nonce dans une tribune le \u00ab gouvernement de la peur \u00bb. Pierre-Henri Gouyon, biologiste, est l\u2019invit\u00e9 de #LaMidinale.<\/p>\n<h2><strong><em>UNE MIDINALE \u00c0 VOIR&#8230;<\/h2>\n<p><iframe loading=\"lazy\" width=\"490\" height=\"276\" src=\"https:\/\/www.youtube.com\/embed\/Z8FydPMrlYA\" frameborder=\"0\" allow=\"accelerometer; autoplay; clipboard-write; encrypted-media; gyroscope; picture-in-picture\" allowfullscreen><\/iframe><\/p>\n<p>&nbsp;<\/p>\n<p><h2>ET \u00c0 LIRE&#8230;<\/h2>\n<p><\/strong><\/em><br \/>\n<em>\u00a0<strong>Sur le gouvernement de la peur<\/em>\u00a0<\/strong><br \/>\n\u00ab Ce qui suscite la peur, \u00e7a n\u2019est pas les mesures que l\u2019on prend, c\u2019est la communication qu\u2019on met autour et qui sert \u00e0 justifier les mesures qui sont discutables. \u00bb<br \/>\n\u00ab On fait peur aux gens. On dit par exemple que 9 personnes sur 10 qui meurent du Covid ont plus de 65 ans sans dire que c\u2019est vrai aussi pour toutes les autres causes de mortalit\u00e9. \u00bb<br \/>\n\u00ab Beaucoup de choses sont dites et qui sont destin\u00e9es \u00e0 faire peur aux gens. \u00bb<br \/>\n\u00ab On fait peur aux gens en convoquant la science afin qu\u2019ils soient ob\u00e9issants. \u00bb<br \/>\n\u00ab Nos dirigeants jouent sur cette peur et les m\u00e9dias relaient avec beaucoup de complaisance. Et beaucoup de scientifiques acceptent de jouer le jeu. \u00bb<\/p>\n<p><em>\u00a0<strong>Sur les mesures prises dans le cadre de la crise sanitaire <\/em>\u00a0<\/strong><br \/>\n\u00ab Il y a un \u00e9tat d\u2019esprit global qui consiste \u00e0 penser que les gens sont idiots et qu\u2019ils faut leur imposer des trucs, \u00e9ventuellement exag\u00e9r\u00e9es, de mani\u00e8re \u00e0 obtenir le minimum. \u00bb<br \/>\n\u00ab Il y a tr\u00e8s peu de cas de contagion en plein air donc le fait d\u2019obliger le port du masque dans les rues d\u00e9sertes ne sert \u00e0 rien. La seule justification possible c\u2019est de dire que si on ne fait pas \u00e7a, les gens ne le feront pas ailleurs. Le r\u00e9sultat est l\u2019inverse : si on oblige les gens \u00e0 faire des choses qui n\u2019ont pas de sens au bout d\u2019un moment ils n\u2019ob\u00e9issent plus. \u00bb<\/p>\n<p><em>\u00a0<strong>Sur le comit\u00e9 et la communaut\u00e9 scientifiques<\/em>\u00a0<\/strong><br \/>\n\u00ab Il y a un comit\u00e9 scientifique qui ne repr\u00e9sente que lui-m\u00eame. Il n\u2019y a pas de d\u00e9bat dans la communaut\u00e9 scientifique qui serve \u00e0 \u00e9clairer les d\u00e9cisions \u00e0 prendre. \u00bb<br \/>\n\u00ab Les dirigeants n\u2019ont pas demand\u00e9 \u00e0 la communaut\u00e9 scientifique de lui donner des r\u00e9ponses. \u00bb<br \/>\n\u00ab On peut reprocher \u00e0 la communaut\u00e9 scientifique de ne pas s\u2019\u00eatre auto-organis\u00e9e pour donner une r\u00e9ponse collective mais on peut aussi reprocher aux gens qui ont besoin d\u2019avoir des r\u00e9ponses de ne pas avoir demand\u00e9 \u00e0 la communaut\u00e9 scientifique de s\u2019organiser. Et \u00e7a n\u2019a pas \u00e9t\u00e9 demand\u00e9. \u00bb<br \/>\n\u00ab Si la communaut\u00e9 scientifique avait \u00e9t\u00e9 sollicit\u00e9e, \u00e7a aurait donn\u00e9 lieu \u00e0 des d\u00e9bats contradictoires et \u00e7a aurait donn\u00e9 lieu \u00e0 des choses tr\u00e8s int\u00e9ressantes. \u00bb<br \/>\n\u00ab Il faudrait discuter non seulement avec la communaut\u00e9 scientifique mais aussi avec les m\u00e9decins, les praticiens, les g\u00e9n\u00e9ralistes et avec les citoyens pour savoir ce qui est acceptable et ce qui ne l\u2019est pas. C\u2019est ce qui manque dans notre soci\u00e9t\u00e9 qui ne fonctionne que de mani\u00e8re descendante. \u00bb<br \/>\n\u00ab La gestion est tout \u00e0 fait mauvaise et les mesures qui sont prises actuellement ne sont pas totalement efficaces. \u00bb<\/p>\n<p><em>\u00a0<strong>Sur le consensus scientifique<\/em>\u00a0<\/strong><br \/>\n\u00ab\u00a0La communaut\u00e9 scientifique sait arriver \u00e0 des consensus scientifiques sur un certain nombre de points.\u00a0\u00bb<br \/>\n\u00ab\u00a0Quelques experts se sont mis en avant pendant cette crise de la Covid &#8211; comme Didier Raoult, mais il n\u2019a pas plus de comp\u00e9tences qu\u2019\u00e9norm\u00e9ment d\u2019autres gens en France. Mais comme il faisait semblant d\u2019\u00eatre un hors syst\u00e8me et un rebelle alors m\u00eame que pas grand monde a plus d\u2019argent que lui pour faire tourner son laboratoire, il a r\u00e9ussi \u00e0 capter l\u2019attention des m\u00e9dias de fa\u00e7on tout \u00e0 fait exag\u00e9r\u00e9e.\u00a0\u00bb<br \/>\n\u00ab\u00a0On a eu l\u2019impression qu\u2019il y a eu un d\u00e9bat scientifique mais il n\u2019y en a pas eu.\u00a0\u00bb<br \/>\n\u00ab\u00a0Vous dites que les m\u00e9dias ont organis\u00e9 le d\u00e9bat scientifique : leurs choix \u00e9taient seulement guid\u00e9s par le buzz. Le d\u00e9bat n\u2019a, au contraire, pas \u00e9t\u00e9 organis\u00e9 et le r\u00e9sultat, on le voit bien.\u00a0\u00bb<\/p>\n<p><em>\u00a0<strong>Sur la v\u00e9rit\u00e9 scientifique<\/em>\u00a0<\/strong><br \/>\n\u00ab\u00a0Dans les domaines scientifiques, on arrive \u00e0 des consensus qu\u2019on consid\u00e8re comme \u00e9tant ce que l\u2019on peut faire de mieux en termes de v\u00e9rit\u00e9.\u00a0\u00bb<br \/>\n\u00ab\u00a0La v\u00e9rit\u00e9 scientifique concerne des faits et ne peut concerner des concepts de l\u2019ordre du bien et du mal.\u00a0\u00bb<br \/>\n\u00ab\u00a0Quand il s\u2019agit de savoir ce qu\u2019il faut faire, cela d\u00e9passe largement les comp\u00e9tences des scientifiques.\u00a0\u00bb<br \/>\n\u00ab\u00a0Le Conseil scientifique ne repr\u00e9sente l\u2019ensemble des comp\u00e9tences de la communaut\u00e9 scientifique &#8211; il y avait vraiment moyen de faire mieux.\u00a0\u00bb<br \/>\n\u00ab\u00a0Quand on convoque la science pour pr\u00e9tendre que les solutions qui sont propos\u00e9es sont les seules possibles, on abuse.\u00a0\u00bb<\/p>\n<p><em>\u00a0<strong>Sur l\u2019\u00e9ducation scientifique<\/em>\u00a0<\/strong><br \/>\n\u00ab\u00a0Toute \u00e9ducation est bonne : l\u2019\u00e9ducation scientifique, philosophique et \u00e0 l\u2019esprit critique.\u00a0\u00bb<br \/>\n\u00ab\u00a0A l\u2019heure actuelle, l\u2019\u00e9ducation scientifique bat de l\u2019aile en France : on diminue la capacit\u00e9 des citoyens fran\u00e7ais \u00e0 conna\u00eetre scientifiquement les sujets dont on parle. L\u2019enseignement de la biologie a, par exemple, \u00e9t\u00e9 tr\u00e8s diminu\u00e9 dans les \u00e9tudes au lyc\u00e9e.\u00a0\u00bb<br \/>\n\u00ab\u00a0Le XXI\u00e8 si\u00e8cle sera un si\u00e8cle dans lequel les questions de biologie vont \u00eatre tr\u00e8s importantes, conf\u00e8rent l\u2019environnement ou les \u00e9pid\u00e9mies.\u00a0\u00bb<br \/>\n\u00ab\u00a0M\u00eame si les gens n\u2019ont pas le niveau scientifique, on peut essayer de communiquer sur la science, l\u2019expliquer et en parler &#8211; simplement, il faut se donner un peu de mal pour \u00e7a.\u00a0\u00bb<br \/>\n\u00ab\u00a0On est en train de cr\u00e9er une haine de la science chez certains de nos concitoyens.\u00a0\u00bb<br \/>\n\u00ab\u00a0Si la science devient un instrument de coercition, elle va devenir de moins en moins respect\u00e9e &#8211; et si elle est de moins en moins respect\u00e9e, ce sera n\u2019importe quelle croyance qui prendra le dessus, ce qui est rarement bon\u2026\u00a0\u00bb<div id='gallery-1' class='gallery galleryid-12461 gallery-columns-3 gallery-size-thumbnail'><figure class='gallery-item'>\n\t\t\t<div class='gallery-icon landscape'>\n\t\t\t\t<a href='https:\/\/archives.regards.fr\/wp-content\/uploads\/2020\/09\/capture_d_e_cran_2020-09-18_a_12-ea2.01.23.png'><img loading=\"lazy\" decoding=\"async\" width=\"150\" height=\"150\" src=\"https:\/\/archives.regards.fr\/wp-content\/uploads\/2020\/09\/capture_d_e_cran_2020-09-18_a_12-ea2.01.23-150x150.png\" class=\"attachment-thumbnail size-thumbnail\" alt=\"capture_d_e_cran_2020-09-18_a_12.01.23.png\" \/><\/a>\n\t\t\t<\/div><\/figure>\n\t\t<\/div>\n<\/p>\n","protected":false},"excerpt":{"rendered":"<p>Avec plusieurs chercheurs, intellectuels, universitaires, scientifiques, il d\u00e9nonce dans une tribune le \u00ab gouvernement de la peur \u00bb. Pierre-Henri Gouyon, biologiste, est l\u2019invit\u00e9 de #LaMidinale.<\/p>\n","protected":false},"author":1204,"featured_media":29719,"comment_status":"open","ping_status":"open","sticky":false,"template":"","format":"standard","meta":{"_themeisle_gutenberg_block_has_review":false,"footnotes":""},"categories":[238],"tags":[],"class_list":["post-12461","post","type-post","status-publish","format-standard","has-post-thumbnail","hentry","category-la-midinale"],"_links":{"self":[{"href":"https:\/\/archives.regards.fr\/index.php?rest_route=\/wp\/v2\/posts\/12461","targetHints":{"allow":["GET"]}}],"collection":[{"href":"https:\/\/archives.regards.fr\/index.php?rest_route=\/wp\/v2\/posts"}],"about":[{"href":"https:\/\/archives.regards.fr\/index.php?rest_route=\/wp\/v2\/types\/post"}],"author":[{"embeddable":true,"href":"https:\/\/archives.regards.fr\/index.php?rest_route=\/wp\/v2\/users\/1204"}],"replies":[{"embeddable":true,"href":"https:\/\/archives.regards.fr\/index.php?rest_route=%2Fwp%2Fv2%2Fcomments&post=12461"}],"version-history":[{"count":0,"href":"https:\/\/archives.regards.fr\/index.php?rest_route=\/wp\/v2\/posts\/12461\/revisions"}],"wp:featuredmedia":[{"embeddable":true,"href":"https:\/\/archives.regards.fr\/index.php?rest_route=\/wp\/v2\/media\/29719"}],"wp:attachment":[{"href":"https:\/\/archives.regards.fr\/index.php?rest_route=%2Fwp%2Fv2%2Fmedia&parent=12461"}],"wp:term":[{"taxonomy":"category","embeddable":true,"href":"https:\/\/archives.regards.fr\/index.php?rest_route=%2Fwp%2Fv2%2Fcategories&post=12461"},{"taxonomy":"post_tag","embeddable":true,"href":"https:\/\/archives.regards.fr\/index.php?rest_route=%2Fwp%2Fv2%2Ftags&post=12461"}],"curies":[{"name":"wp","href":"https:\/\/api.w.org\/{rel}","templated":true}]}}