{"id":12460,"date":"2020-09-18T09:57:39","date_gmt":"2020-09-18T07:57:39","guid":{"rendered":"https:\/\/wp.muchomaas.com\/article-eric-beynel-solidaires-les-premiers-des-corvees-sont-redevenus-invisibles\/"},"modified":"2023-06-24T00:02:17","modified_gmt":"2023-06-23T22:02:17","slug":"article-eric-beynel-solidaires-les-premiers-des-corvees-sont-redevenus-invisibles","status":"publish","type":"post","link":"https:\/\/archives.regards.fr\/?p=12460","title":{"rendered":"\u00c9ric Beynel (Solidaires) : \u00ab Les premiers des corv\u00e9es sont redevenus invisibles \u00bb"},"content":{"rendered":"<p class=\"post_excerpt\">Ce jeudi 18 septembre s\u2019ouvre une nouvelle journ\u00e9e de mobilisations partout en France dans les secteurs des transports, de la sant\u00e9, de l\u2019\u00e9ducation. Eric Beynel, porte-parole de l\u2019Union syndicale Solidaires, est l\u2019invit\u00e9 de #LaMidinale.<\/p>\n<h2>UNE MIDINALE \u00c0 VOIR&#8230;<\/h2>\n<p><iframe loading=\"lazy\" width=\"490\" height=\"276\" src=\"https:\/\/www.youtube.com\/embed\/d2yEWESdmyM\" frameborder=\"0\" allow=\"accelerometer; autoplay; clipboard-write; encrypted-media; gyroscope; picture-in-picture\" allowfullscreen><\/iframe><\/p>\n<p>&nbsp;<\/p>\n<p><h2>ET \u00c0 LIRE&#8230;<\/h2>\n<p><em> <strong>Sur la fermeture de Bridgestone<\/strong> <\/em><br \/>\n\u00ab Le gouvernement et Xavier Bertrand sont responsables pour partie de la situation dans laquelle l\u2019industrie se trouve. \u00bb<br \/>\n\u00ab On parle depuis hier de Bridgestone et nos camarades de sud Chimie qui sont bien implant\u00e9s de cette entreprise ont pris un r\u00e9el coup de massue sur la t\u00eate. \u00bb<br \/>\n\u00ab Bridgestone est une entreprise parmi d\u2019autres parce qu\u2019on sait que beaucoup d\u2019autres entreprises sont en train de fermer dans le pays de mani\u00e8re directe ou indirecte. \u00bb<br \/>\n\u00ab Tout le secteur industriel est impact\u00e9 par la crise. Le probl\u00e8me, c\u2019est que rien n\u2019a \u00e9t\u00e9 mis en place, rien n\u2019a \u00e9t\u00e9 anticip\u00e9 avant la catastrophe. \u00bb<br \/>\n\u00ab Les salari\u00e9s de ces entreprises savaient qu\u2019il fallait r\u00e9fl\u00e9chir, aller en avant et se projeter. Mais on pr\u00e9f\u00e8re donner des cadeaux aux entreprises plut\u00f4t que d\u2019\u00e9couter les salari\u00e9s. \u00bb <\/p>\n<p><em> <strong>Sur ce que peut l\u2019Etat<\/strong> <\/em><br \/>\n\u00ab L\u2019Etat peut sans doute beaucoup de choses mais le mouvement social peut aussi des choses. On a trop laiss\u00e9 les choses aux mains des politiques. C\u2019est au mouvement syndical et social de prendre la main. On a des propositions. \u00bb<br \/>\n\u00ab On sait que sur le pneumatique, il y a des \u00e9volutions. On sait qu\u2019il y une course \u00e0 la concurrence avec d\u2019autres pays. Il y a d\u2019autres pistes que celle du patron de Bridgestone qui cherche juste \u00e0 maximiser ses profits comme d\u2019habitude. \u00bb<br \/>\n\u00ab Je ne sais pas si les salari\u00e9s pourront reprendre l\u2019entreprise et si \u00e7a peut \u00eatre tent\u00e9. \u00c7a a d\u00e9j\u00e0 \u00e9t\u00e9 fait par le pass\u00e9 avec d\u2019autres entreprises. \u00bb<br \/>\n\u00ab On est \u00e0 l\u2019initiative d\u2019une coop\u00e9rative de fabrication de masque en Bretagne. Une usine de masques avait \u00e9t\u00e9 ferm\u00e9e pour des raisons de profitabilit\u00e9 et nous on relance un projet en installant cette coop\u00e9rative. On lance une souscription. On va donc cr\u00e9er des masques et produire des masques dont a un cruellement besoin. \u00bb<\/p>\n<p><em> <strong>Sur la journ\u00e9e de mobilisation <\/strong>  <\/em><br \/>\n\u00ab Il y a beaucoup de lots d\u2019ordre parce qu\u2019il y a beaucoup de choses qui ne vont pas \u00e0 commencer par le S\u00e9gur de la sant\u00e9. \u00bb<br \/>\n\u00ab On ne peut pas avoir pr\u00e9tendu que les salari\u00e9s de la sant\u00e9 devaient \u00eatre mieux trait\u00e9s et de se contenter du S\u00e9gur. On est loin du compte en termes d\u2019emplois, de conditions de travail, de salaires, de perspectives d\u2019\u00e9volution du syst\u00e8me hospitalier. \u00bb<br \/>\n\u00ab Il ne s\u2019est rien pass\u00e9 sur la fiche de paie des premiers de corv\u00e9es. Il n\u2019y a eu aucun changement sur leur fiche de paie. Ils sont redevenus invisibles. \u00bb<br \/>\n\u00ab Le plan de relance n\u2019est pas \u00e0 la hauteur. \u00bb<br \/>\n\u00ab On ne peut pas rester dans le flou sur la r\u00e9forme des retraites. On veut un message clair : retrait complet de ce syst\u00e8me de retraite \u00e0 points. \u00bb<\/p>\n<p><em> <strong>Sur le ch\u00f4mage partiel et les licenciements<\/strong><br \/>\n <\/em><br \/>\n\u00ab Il faut interdire les licenciements. \u00bb<br \/>\n\u00ab Il y a encore d\u2019\u00e9normes profits qui sont faits. \u00bb<br \/>\n\u00ab On a un syst\u00e8me absurde qui renforce les in\u00e9galit\u00e9s. \u00bb<br \/>\n\u00ab Il faut partager le temps de travail et \u00e7a passe par une r\u00e9duction du temps de travail. \u00bb<br \/>\n\u00ab Pour que les TPE\/PME puisse travailler, ils faut que les gens aient les moyens de venir dans ces entreprises. \u00c7a passe par une augmentation des salaires. \u00bb<\/p>\n<p><em> <strong>Sur la division du front syndical<\/strong> <\/em><br \/>\n\u00ab Nous ne sommes pas unis sur cette journ\u00e9e mais nous ne sommes pas divis\u00e9s. Nous continuons de travailler avec FO et la CFE-CGC. Mais on ne travaille pas qu\u2019avec les syndicats, on continue de travailler avec le tissu associatif &#8211; pour le logement ou le climat par exemple. Il y a des fronts qui se construisent. \u00bb<br \/>\n\u00ab Il y a besoin aujourd\u2019hui de construire un front uni et de porter des revendications qui soient \u00e0 la hauteur de la situation. \u00bb<br \/>\n\u00ab Les sans papiers doivent \u00eatre r\u00e9gularis\u00e9s et beaucoup d\u2019entre eux ont fait partie des invisibles pendant le confinement. \u00bb<\/p>\n<p><em> <strong>Sur le d\u00e9passement des organisations et la construction de l\u2019alternative<\/strong> <\/em><br \/>\n\u00ab Il faut faire force commune. \u00bb<br \/>\n\u00ab Solidaires a un peu plus de vingt ans aujourd\u2019hui. Dans nos statuts nous avons mis que notre organisation n\u2019\u00e9tait pas une fin en soi. C\u2019est pas notre organisation l\u2019essentiel. L\u2019essentiel c\u2019est ce que nous portons. \u00bb<br \/>\n\u00ab Dans cette crise sociale, \u00e9cologique, \u00e9conomique, il faut apporter des solutions avec d\u2019autres &#8211; y compris parfois avec des partis politiques quand c\u2019est n\u00e9cessaire. \u00bb<br \/>\n\u00ab Il faut construire un monde plus juste en mati\u00e8re de r\u00e9partition des richesses et d\u2019envol\u00e9e des in\u00e9galit\u00e9s. \u00bb<br \/>\n\u00ab On a une urgence et face \u00e0 elle, on n\u2019aura jamais trop d\u2019unit\u00e9. \u00bb<br \/>\n\u00ab On compte sur la mobilisation sociale. Sans rapport de force, on n\u2019aboutira \u00e0 rien. \u00bb<div id='gallery-1' class='gallery galleryid-12460 gallery-columns-3 gallery-size-thumbnail'><figure class='gallery-item'>\n\t\t\t<div class='gallery-icon landscape'>\n\t\t\t\t<a href='https:\/\/archives.regards.fr\/wp-content\/uploads\/2020\/09\/screenshot_2020-09-18_at_09-ad3.57.02.png'><img loading=\"lazy\" decoding=\"async\" width=\"150\" height=\"150\" src=\"https:\/\/archives.regards.fr\/wp-content\/uploads\/2020\/09\/screenshot_2020-09-18_at_09-ad3.57.02-150x150.png\" class=\"attachment-thumbnail size-thumbnail\" alt=\"screenshot_2020-09-18_at_09.57.02.png\" \/><\/a>\n\t\t\t<\/div><\/figure>\n\t\t<\/div>\n<\/p>\n","protected":false},"excerpt":{"rendered":"<p>Ce jeudi 18 septembre s\u2019ouvre une nouvelle journ\u00e9e de mobilisations partout en France dans les secteurs des transports, de la sant\u00e9, de l\u2019\u00e9ducation. Eric Beynel, porte-parole de l\u2019Union syndicale Solidaires, est l\u2019invit\u00e9 de #LaMidinale.<\/p>\n","protected":false},"author":1039,"featured_media":29717,"comment_status":"open","ping_status":"open","sticky":false,"template":"","format":"standard","meta":{"_themeisle_gutenberg_block_has_review":false,"footnotes":""},"categories":[238],"tags":[293],"class_list":["post-12460","post","type-post","status-publish","format-standard","has-post-thumbnail","hentry","category-la-midinale","tag-entretien"],"_links":{"self":[{"href":"https:\/\/archives.regards.fr\/index.php?rest_route=\/wp\/v2\/posts\/12460","targetHints":{"allow":["GET"]}}],"collection":[{"href":"https:\/\/archives.regards.fr\/index.php?rest_route=\/wp\/v2\/posts"}],"about":[{"href":"https:\/\/archives.regards.fr\/index.php?rest_route=\/wp\/v2\/types\/post"}],"author":[{"embeddable":true,"href":"https:\/\/archives.regards.fr\/index.php?rest_route=\/wp\/v2\/users\/1039"}],"replies":[{"embeddable":true,"href":"https:\/\/archives.regards.fr\/index.php?rest_route=%2Fwp%2Fv2%2Fcomments&post=12460"}],"version-history":[{"count":0,"href":"https:\/\/archives.regards.fr\/index.php?rest_route=\/wp\/v2\/posts\/12460\/revisions"}],"wp:featuredmedia":[{"embeddable":true,"href":"https:\/\/archives.regards.fr\/index.php?rest_route=\/wp\/v2\/media\/29717"}],"wp:attachment":[{"href":"https:\/\/archives.regards.fr\/index.php?rest_route=%2Fwp%2Fv2%2Fmedia&parent=12460"}],"wp:term":[{"taxonomy":"category","embeddable":true,"href":"https:\/\/archives.regards.fr\/index.php?rest_route=%2Fwp%2Fv2%2Fcategories&post=12460"},{"taxonomy":"post_tag","embeddable":true,"href":"https:\/\/archives.regards.fr\/index.php?rest_route=%2Fwp%2Fv2%2Ftags&post=12460"}],"curies":[{"name":"wp","href":"https:\/\/api.w.org\/{rel}","templated":true}]}}