{"id":12453,"date":"2020-09-15T12:52:38","date_gmt":"2020-09-15T10:52:38","guid":{"rendered":"https:\/\/wp.muchomaas.com\/article-pascal-boniface-ne-pas-etre-charlie-c-est-etre-charlie-puisque-charlie-plaide\/"},"modified":"2023-06-24T00:02:09","modified_gmt":"2023-06-23T22:02:09","slug":"article-pascal-boniface-ne-pas-etre-charlie-c-est-etre-charlie-puisque-charlie-plaide","status":"publish","type":"post","link":"https:\/\/archives.regards.fr\/?p=12453","title":{"rendered":"Pascal Boniface : \u00ab Ne pas \u00eatre Charlie, c\u2019est \u00eatre Charlie puisque Charlie plaide la libert\u00e9 \u00bb"},"content":{"rendered":"<p class=\"post_excerpt\">\u00c0 l\u2019occasion de l\u2019ouverture du proc\u00e8s des assassins de Charlie Hebdo, Pascal Boniface, fondateur et directeur de l\u2019IRIS, a \u00e9t\u00e9 l\u2019objet de violentes critiques sur les r\u00e9seaux sociaux. Il est l\u2019invit\u00e9 de #LaMidinale. L\u2019occasion de revenir sur l\u2019actualit\u00e9 du Moyen-Orient mais aussi de revenir sur le d\u00e9bat public particuli\u00e8rement \u00ab ensauvag\u00e9 \u00bb du moment.<\/p>\n<h2>UNE MIDINALE \u00c0 VOIR&#8230;<\/h2>\n<p><iframe loading=\"lazy\" width=\"490\" height=\"276\" src=\"https:\/\/www.youtube.com\/embed\/JeFRb1Q-tKI\" frameborder=\"0\" allow=\"accelerometer; autoplay; clipboard-write; encrypted-media; gyroscope; picture-in-picture\" allowfullscreen><\/iframe><\/p>\n<h2>ET \u00c0 LIRE&#8230;<\/h2>\n<p><em>\u00a0<strong>Sur ce qui fait la puissance d\u2019un Etat<\/em>\u00a0<\/strong><br \/>\n\u00ab On distingue traditionnellement la puissance dure de la puissance douce. La puissance dure, c\u2019est l\u2019\u00e9conomie et le pouvoir militaire c\u2019est \u00e0 dire le pouvoir de contraindre. Et la puissance douce, c\u2019est l\u2019attractivit\u00e9, l\u2019influence, le prestige : la philosophie, les footballeurs, les artistes, les paysages, etc. \u00bb<br \/>\n\u00ab La puissance est un ensemble de tout et c\u2019est difficile de la mesurer parce qu\u2019il faut un peu de tout. \u00bb<br \/>\n\u00ab Si vous avez une forte population mais que votre \u00e9conomie est faible, vous n\u2019\u00eates pas une puissance. Vous \u00eates en situation de faiblesse. \u00bb<br \/>\n\u00ab L\u2019\u00e9conomie, la technologie, la formation, sont des atouts indispensables. La possession de mati\u00e8re premi\u00e8re a \u00e9t\u00e9 vue de mani\u00e8re extr\u00eamement importante. \u00c7a a \u00e9t\u00e9 d\u00e9consid\u00e9r\u00e9 un temps mais elle revient au premier plan aujourd\u2019hui. \u00bb<\/p>\n<p><em>\u00a0<strong>Sur la place de la France et de l\u2019Europe<\/em>\u00a0<\/strong><br \/>\n\u00ab Il faut \u00e0 la France et \u00e0 l\u2019Europe, exister, d\u00e9finir leurs propres int\u00e9r\u00eats et ne pas s\u2019accrocher aux int\u00e9r\u00eats des autres. Il leur faut \u00eatre autonomes. C\u2019est un d\u00e9fi pour l\u2019Europe puisque nous avons une tradition de d\u00e9pendance vis-\u00e0-vis des Etats-Unis. \u00bb<br \/>\n\u00ab Il y a une impasse qui consiste \u00e0 dire qu\u2019on ne p\u00e8se plus rien. On n\u2019est plus une puissance. \u00bb<br \/>\n\u00ab Le projet fran\u00e7ais depuis longtemps, et qui a du mal \u00e0 percer, c\u2019est d\u2019avoir une Europe autonome. \u00bb<\/p>\n<p><em>\u00a0<strong>Sur l\u2019accord Isra\u00ebl et les \u00c9mirats arabes unis<\/em>\u00a0<\/strong><br \/>\n\u00ab Ils ont une menace qui est commune : l\u2019Iran. \u00bb<br \/>\n\u00ab Il commence \u00e0 y avoir la reconnaissance de l\u2019Etat d\u2019Isra\u00ebl mais toujours pas la reconnaissance de l\u2019Etat palestinien. \u00bb<br \/>\n\u00ab D\u2019autres pays frappent \u00e0 la porte : on parle d\u2019Oman, du Soudan. Le chantage de Trump c\u2019est par exemple de retirer le Soudan de la liste des Etats qui ont soutenu le terrorisme tout en levant les sanctions \u00e9conomiques en \u00e9change d\u2019une reconnaissance de l\u2019\u00e9tat d\u2019Isra\u00ebl. \u00bb<br \/>\n\u00ab Ces accords ne sont pas accept\u00e9s par les populations de ces pays parce la cause palestiniens reste tr\u00e8s sensible et reste l\u2019un des rares sujets d\u2019unit\u00e9 des populations arabes. \u00bb<br \/>\n\u00ab Il y a comme un effet de somnif\u00e8re car on ne r\u00e8gle pas le probl\u00e8me et on le met dans le formole. \u00bb`<br \/>\n\u00ab Isra\u00ebl a l\u2019impression de triompher &#8211; et quelque part c\u2019est un succ\u00e8s pour Netanyahu et Trump &#8211; mais la question palestinienne n\u2019est pas r\u00e9gl\u00e9e. \u00bb<br \/>\n\u00ab Quelque part, on fabrique des catastrophes pour demain. \u00bb<br \/>\n\u00ab Les Emirats Arabes Unis mettent en avant qu\u2019Isra\u00ebl a renonc\u00e9 \u00e0 l\u2019annexion les territoires palestiniens. \u00bb<br \/>\n\u00ab Il y a un abandon de la question palestinienne par les diplomaties. \u00bb<\/p>\n<p><em>\u00a0<strong>Sur la nouvelle carte du Moyen-Orient<\/em>\u00a0<\/strong><br \/>\n\u00ab L\u2019Iran perd des points sur le plan \u00e9conomique. Les durs ont pris le pouvoir. On l\u2019a vu encore ce weekend avec l\u2019ex\u00e9cution d\u2019un sportif. \u00bb<br \/>\n\u00ab Isra\u00ebl a marqu\u00e9 des points parce qu\u2019il y a une reconnaissance diplomatique. Les palestiniens ont perdu beaucoup. C\u2019est un jeu constant de red\u00e9finitions. L\u2019Arabie saoudite est en difficult\u00e9 parce que sa politique un peu dure avec les voisins, au Qatar, au Liban, au Yemen, a \u00e9chou\u00e9. Les Emirats arabes unis marquent des points. Ils sont un pays qui montent en fl\u00e8che pendant que l\u2019Egypte est profond\u00e9ment affaiblie par sa situation \u00e9conomique et politique interne. \u00bb<br \/>\n\u00ab Erdogan veut endosser les habits du leader du monde sunnite puisqu\u2019il n\u2019y pas de pays arabe qui joue se leader. \u00bb<br \/>\n\u00ab Erdogan est \u00e0 la t\u00eate d\u2019un pays affaiblit \u00e9conomiquement. \u00bb<\/p>\n<p><em>\u00a0<strong>Sur Charlie Hebdo<\/em>\u00a0<\/strong><br \/>\n\u00ab Ne pas \u00eatre Charlie c\u2019est \u00eatre Charlie puisque Charlie plaide la libert\u00e9. \u00bb<br \/>\n\u00ab Si \u00eatre Charlie, c\u2019est condamner et s\u2019\u00e9lever contre les attentats, contre le meurtre de journalistes, oui, je suis Charlie. \u00bb<br \/>\n\u00ab Je suis Charlie dans le sens ou Charlie a le droite de publier ce qu\u2019il veut. Mais j\u2019ai aussi le droit de ne pas \u00eatre d\u2019accord. De ne pas acheter Charlie et de le critiquer. \u00bb<br \/>\n\u00ab \u00c0 ceux qui m\u2019attribuent une responsabilit\u00e9 dans les attentats de 2015, la tuerie de 2015, parce que j\u2019avais critiqu\u00e9 la ligne de Charlie trois ans auparavant, en 2012, je leur demande : on a le droit de critiquer Mahomet mais pas Charlie ? \u00bb<br \/>\n\u00ab Utiliser des morts pour r\u00e9gler des comptes personnels, c\u2019est pas tr\u00e8s beau. \u00bb<br \/>\n\u00ab Il faut continuer \u00e0 d\u00e9battre et lutter contre les violences. \u00bb<br \/>\n\u00ab Il faut lutter contre le terrorisme intellectuel. Il y a un vrai terrorisme qui tue, qui a tu\u00e9 en janvier, qui a tu\u00e9 en novembre et il y a un autre terrorisme qui consiste \u00e0 tuer les libert\u00e9s : c\u2019est le terrorisme intellectuel. \u00bb <\/p>\n<p><em>\u00a0<strong>Sur l\u2019affaire Waintraub et le climat du d\u00e9bat public<\/em>\u00a0<\/strong><br \/>\n\u00ab Les menaces que Judith Waintraub a re\u00e7u sont condamnables et inacceptables et je suis solidaire avec elle dans ces menaces de mort et par contre je trouve que son tweet est un amalgame raciste qui a tendance a assimiler tous les musulmans aux attentats du 11 septembre. \u00bb<br \/>\n\u00ab Judith Waintraub a le droit de dire ce qu\u2019elle veut mais on a le droit de la critiquer. \u00bb<br \/>\n\u00ab Malheureusement, le racisme n\u2019est pas nouveau et au moins aujourd\u2019hui on consid\u00e8re que c\u2019est inacceptable. \u00bb<br \/>\n\u00ab L\u2019expression raciste a moins de place aujourd\u2019hui qu\u2019il y a trente ans, dans la soci\u00e9t\u00e9. \u00bb<br \/>\n\u00ab Pendant tr\u00e8s longtemps, on interdisait la parole de l\u2019extr\u00eame droite dans les m\u00e9dias, et je trouvais \u00e7a regrettable. Aujourd\u2019hui, dans certaines tables rondes que l\u2019on peut voir \u00e0 la t\u00e9l\u00e9vision, la proportion de gens d\u2019extr\u00eame droite est bien sup\u00e9rieure \u00e0 ce qu\u2019ils repr\u00e9sentent dans la soci\u00e9t\u00e9. \u00bb<br \/>\n\u00ab Il y a un ensauvagement du d\u00e9bat public et des m\u00e9dias et l\u2019extr\u00eame droite est en train d\u2019avancer dans la bataille intellectuelle et occupe sur la sc\u00e8ne m\u00e9diatique une importance beaucoup plus importante que ce qu\u2019elle n\u2019a dans le pays. \u00bb<br \/>\n\u00ab Darmanin aurait pu appeler et conforter cette jeune personne [Imane] qui n\u2019a pas la surface sociale de Judith Waintraub, qui n\u2019a pas ses r\u00e9seaux, qui n\u2019a pas ses soutiens. \u00bb<br \/>\n\u00ab La parole politique suit ce qu\u2019elle croit \u00eatre l\u2019opinion et elle confond l\u2019opinion avec certaines chaines l\u2018information permanente. \u00bb<div id='gallery-1' class='gallery galleryid-12453 gallery-columns-3 gallery-size-thumbnail'><figure class='gallery-item'>\n\t\t\t<div class='gallery-icon landscape'>\n\t\t\t\t<a href='https:\/\/archives.regards.fr\/wp-content\/uploads\/2020\/09\/capture_d_e_cran_2020-09-15_a_12-066.46.24.png'><img loading=\"lazy\" decoding=\"async\" width=\"150\" height=\"150\" src=\"https:\/\/archives.regards.fr\/wp-content\/uploads\/2020\/09\/capture_d_e_cran_2020-09-15_a_12-066.46.24-150x150.png\" class=\"attachment-thumbnail size-thumbnail\" alt=\"capture_d_e_cran_2020-09-15_a_12.46.24.png\" \/><\/a>\n\t\t\t<\/div><\/figure>\n\t\t<\/div>\n<\/p>\n","protected":false},"excerpt":{"rendered":"<p>\u00c0 l\u2019occasion de l\u2019ouverture du proc\u00e8s des assassins de Charlie Hebdo, Pascal Boniface, fondateur et directeur de l\u2019IRIS, a \u00e9t\u00e9 l\u2019objet de violentes critiques sur les r\u00e9seaux sociaux. Il est l\u2019invit\u00e9 de #LaMidinale. L\u2019occasion de revenir sur l\u2019actualit\u00e9 du Moyen-Orient mais aussi de revenir sur le d\u00e9bat public particuli\u00e8rement \u00ab ensauvag\u00e9 \u00bb du moment.<\/p>\n","protected":false},"author":1039,"featured_media":29707,"comment_status":"open","ping_status":"open","sticky":false,"template":"","format":"standard","meta":{"_themeisle_gutenberg_block_has_review":false,"footnotes":""},"categories":[238],"tags":[293],"class_list":["post-12453","post","type-post","status-publish","format-standard","has-post-thumbnail","hentry","category-la-midinale","tag-entretien"],"_links":{"self":[{"href":"https:\/\/archives.regards.fr\/index.php?rest_route=\/wp\/v2\/posts\/12453","targetHints":{"allow":["GET"]}}],"collection":[{"href":"https:\/\/archives.regards.fr\/index.php?rest_route=\/wp\/v2\/posts"}],"about":[{"href":"https:\/\/archives.regards.fr\/index.php?rest_route=\/wp\/v2\/types\/post"}],"author":[{"embeddable":true,"href":"https:\/\/archives.regards.fr\/index.php?rest_route=\/wp\/v2\/users\/1039"}],"replies":[{"embeddable":true,"href":"https:\/\/archives.regards.fr\/index.php?rest_route=%2Fwp%2Fv2%2Fcomments&post=12453"}],"version-history":[{"count":0,"href":"https:\/\/archives.regards.fr\/index.php?rest_route=\/wp\/v2\/posts\/12453\/revisions"}],"wp:featuredmedia":[{"embeddable":true,"href":"https:\/\/archives.regards.fr\/index.php?rest_route=\/wp\/v2\/media\/29707"}],"wp:attachment":[{"href":"https:\/\/archives.regards.fr\/index.php?rest_route=%2Fwp%2Fv2%2Fmedia&parent=12453"}],"wp:term":[{"taxonomy":"category","embeddable":true,"href":"https:\/\/archives.regards.fr\/index.php?rest_route=%2Fwp%2Fv2%2Fcategories&post=12453"},{"taxonomy":"post_tag","embeddable":true,"href":"https:\/\/archives.regards.fr\/index.php?rest_route=%2Fwp%2Fv2%2Ftags&post=12453"}],"curies":[{"name":"wp","href":"https:\/\/api.w.org\/{rel}","templated":true}]}}