{"id":12448,"date":"2020-09-14T13:33:06","date_gmt":"2020-09-14T11:33:06","guid":{"rendered":"https:\/\/wp.muchomaas.com\/article-jerome-gleizes-le-choc-des-cultures-entre-les-ecologistes-et-les-sociaux\/"},"modified":"2023-06-24T00:02:00","modified_gmt":"2023-06-23T22:02:00","slug":"article-jerome-gleizes-le-choc-des-cultures-entre-les-ecologistes-et-les-sociaux","status":"publish","type":"post","link":"https:\/\/archives.regards.fr\/?p=12448","title":{"rendered":"J\u00e9r\u00f4me Gleizes : \u00ab Le choc des cultures entre les \u00e9cologistes et les sociaux-d\u00e9mocrates n\u2019est pas nouveau \u00bb"},"content":{"rendered":"<p class=\"post_excerpt\">Alors que les \u00e9cologistes bousculent nos modes de pens\u00e9e, ils sont critiqu\u00e9s de toute part. Quelle place dans la gauche ? J\u00e9r\u00f4me Gleizes, conseiller de Paris EELV, co-auteur du Manifeste du Temps des Communs (\u00e9ditions Arcane 17), est l\u2019invit\u00e9 de #LaMidinale.<\/p>\n<h2>UNE MIDINALE \u00c0 VOIR&#8230;<\/h2>\n<p><iframe loading=\"lazy\" width=\"490\" height=\"276\" src=\"https:\/\/www.youtube.com\/embed\/piAbmIGUh9s\" frameborder=\"0\" allow=\"accelerometer; autoplay; encrypted-media; gyroscope; picture-in-picture\" allowfullscreen><\/iframe><\/p>\n<h2>ET \u00c0 LIRE&#8230;<\/h2>\n<p><em>\u00a0<strong>Sur les propositions des \u00e9cologistes <\/em>\u00a0<\/strong><br \/>\n\u00ab La politique d\u2019aujourd\u2019hui n\u2019est que dans le buzz et la communication sans essayer de comprendre la coh\u00e9rence des mesures propos\u00e9es. \u00bb<br \/>\n\u00ab On dit que le Tour de France est une ode au v\u00e9lo mais c\u2019est avant tout la caravane publicitaire avec les centaines de v\u00e9hicules qui sont derri\u00e8res. \u00bb<br \/>\n\u00ab On pr\u00e9f\u00e8re faire du buzz plut\u00f4t que de regarder l\u2019ensemble de ce qui a \u00e9t\u00e9 dit. \u00bb<br \/>\n\u00ab Le Tour de France est beaucoup moins populaire qu\u2019autrefois. C\u2019est une course o\u00f9 les gens sont avant tout dop\u00e9s et on en parle plus. \u00bb<br \/>\n\u00ab Les \u00e9cologistes ont toujours \u00e9t\u00e9 ceux qui ont critiqu\u00e9 le progr\u00e8s. Le progr\u00e8s n\u2019est pas une fin en soi. \u00bb<br \/>\n\u00ab La 5G, \u00e7a n\u2019est pas le progr\u00e8s. C\u2019est la technologie, c\u2019est le capitalisme. \u00bb<br \/>\n\u00ab Ce que nous d\u00e9non\u00e7ons et qui rend la 5G totalement inop\u00e9rant d\u2019un point de vue \u00e9cologiste, c\u2019est la quantit\u00e9 d\u2019\u00e9nergie qu\u2019il faut pour utiliser la 5G. \u00bb<br \/>\n\u00ab Si on veut \u00eatre coh\u00e9rent avec les enjeux climatiques, on ne peut pas utiliser la 5G. \u00bb<br \/>\n\u00ab Il y a plein d\u2019\u00e9l\u00e9ments qui sont aujourd\u2019hui contre la 5G et qui ne sont pas li\u00e9es uniquement aux raisons \u00e9cologiques : la question g\u00e9opolitique en fait partie. \u00bb<\/p>\n<p><em>\u00a0<strong>Sur EELV et la majorit\u00e9 municipale parisienne <\/em>\u00a0<\/strong><br \/>\n\u00ab Si Anne Hidalgo a des soucis, c\u2019est pas avec Alice Cofin et Rapha\u00eblle R\u00e9my-Leleu, c\u2019est avec l\u2019ensemble du groupe \u00e9cologiste qui avait protest\u00e9 contre la nomination de Christophe Girard. \u00bb<br \/>\n\u00ab Christophe Girard a menti sur ses relations avec Matzneff. \u00bb<br \/>\n\u00ab Le choc des cultures, entre les \u00e9cologistes et les socio-d\u00e9mocrates, n\u2019est pas nouveau. \u00bb<br \/>\n\u00ab Les socialistes parisiens n\u2019ont pas reconnu encore totalement leur erreur [sur l\u2019affaire Girard]. \u00bb<br \/>\n\u00ab Plusieurs \u00e9lu-es ont \u00e9t\u00e9 sanctionn\u00e9s. On a retir\u00e9 des postes \u00e0 certains \u00e9lu-es : Fatoumata Kone, notre pr\u00e9sidente de groupe, s\u2019est vue retirer son poste \u00e0 la SEM de la Tour Eiffel. C\u2019est d\u00e9gueulasse. Il y a eu des repr\u00e9sailles anormales. \u00bb<br \/>\n\u00ab Il est toujours possible que les \u00e9cologistes l\u00e2chent la majorit\u00e9 [municipale parisienne]. \u00bb<br \/>\n\u00ab Les socialistes n\u2019ont pas su g\u00e9rer le probl\u00e8me en interne. \u00bb<\/p>\n<p><em>\u00a0<strong>Sur le Manifeste du Temps des Communs (Editions Arcane17)<\/em>\u00a0<\/strong><br \/>\n\u00ab Un manifeste s\u2019inclut dans une temporalit\u00e9 particuli\u00e8re. Des personnes d\u2019origines diff\u00e9rentes se sont retrouv\u00e9es pour \u00e9crire une synth\u00e8se et dire ce qu\u2019il faudrait faire aujourd\u2019hui. \u00bb<br \/>\n\u00ab On propose ce Manifeste du Temps des Communs que l\u2019on met sur la table pour discuter. Il faut passer maintenant \u00e0 la phase programme. \u00bb<div id='gallery-1' class='gallery galleryid-12448 gallery-columns-3 gallery-size-thumbnail'><figure class='gallery-item'>\n\t\t\t<div class='gallery-icon landscape'>\n\t\t\t\t<a href='https:\/\/archives.regards.fr\/wp-content\/uploads\/2020\/09\/capture_d_e_cran_2020-09-14_a_13-756.15.58.png'><img loading=\"lazy\" decoding=\"async\" width=\"150\" height=\"150\" src=\"https:\/\/archives.regards.fr\/wp-content\/uploads\/2020\/09\/capture_d_e_cran_2020-09-14_a_13-756.15.58-150x150.png\" class=\"attachment-thumbnail size-thumbnail\" alt=\"capture_d_e_cran_2020-09-14_a_13.15.58.png\" \/><\/a>\n\t\t\t<\/div><\/figure>\n\t\t<\/div>\n<\/p>\n","protected":false},"excerpt":{"rendered":"<p>Alors que les \u00e9cologistes bousculent nos modes de pens\u00e9e, ils sont critiqu\u00e9s de toute part. Quelle place dans la gauche ? J\u00e9r\u00f4me Gleizes, conseiller de Paris EELV, co-auteur du Manifeste du Temps des Communs (\u00e9ditions Arcane 17), est l\u2019invit\u00e9 de #LaMidinale.<\/p>\n","protected":false},"author":1204,"featured_media":29701,"comment_status":"open","ping_status":"open","sticky":false,"template":"","format":"standard","meta":{"_themeisle_gutenberg_block_has_review":false,"footnotes":""},"categories":[238],"tags":[293],"class_list":["post-12448","post","type-post","status-publish","format-standard","has-post-thumbnail","hentry","category-la-midinale","tag-entretien"],"_links":{"self":[{"href":"https:\/\/archives.regards.fr\/index.php?rest_route=\/wp\/v2\/posts\/12448","targetHints":{"allow":["GET"]}}],"collection":[{"href":"https:\/\/archives.regards.fr\/index.php?rest_route=\/wp\/v2\/posts"}],"about":[{"href":"https:\/\/archives.regards.fr\/index.php?rest_route=\/wp\/v2\/types\/post"}],"author":[{"embeddable":true,"href":"https:\/\/archives.regards.fr\/index.php?rest_route=\/wp\/v2\/users\/1204"}],"replies":[{"embeddable":true,"href":"https:\/\/archives.regards.fr\/index.php?rest_route=%2Fwp%2Fv2%2Fcomments&post=12448"}],"version-history":[{"count":0,"href":"https:\/\/archives.regards.fr\/index.php?rest_route=\/wp\/v2\/posts\/12448\/revisions"}],"wp:featuredmedia":[{"embeddable":true,"href":"https:\/\/archives.regards.fr\/index.php?rest_route=\/wp\/v2\/media\/29701"}],"wp:attachment":[{"href":"https:\/\/archives.regards.fr\/index.php?rest_route=%2Fwp%2Fv2%2Fmedia&parent=12448"}],"wp:term":[{"taxonomy":"category","embeddable":true,"href":"https:\/\/archives.regards.fr\/index.php?rest_route=%2Fwp%2Fv2%2Fcategories&post=12448"},{"taxonomy":"post_tag","embeddable":true,"href":"https:\/\/archives.regards.fr\/index.php?rest_route=%2Fwp%2Fv2%2Ftags&post=12448"}],"curies":[{"name":"wp","href":"https:\/\/api.w.org\/{rel}","templated":true}]}}