{"id":12447,"date":"2020-09-11T12:27:48","date_gmt":"2020-09-11T10:27:48","guid":{"rendered":"https:\/\/wp.muchomaas.com\/article-il-faut-redonner-du-sens-a-un-projet-emancipateur\/"},"modified":"2023-06-24T00:01:59","modified_gmt":"2023-06-23T22:01:59","slug":"article-il-faut-redonner-du-sens-a-un-projet-emancipateur","status":"publish","type":"post","link":"https:\/\/archives.regards.fr\/?p=12447","title":{"rendered":"\u00ab Il faut redonner du sens \u00e0 un projet \u00e9mancipateur \u00bb"},"content":{"rendered":"<p class=\"post_excerpt\">Plusieurs personnalit\u00e9s, issues de sensibilit\u00e9s et d\u2019horizons divers, publient <em>le Manifeste du Temps des Communs<\/em> aux Editions Arcane 17. Marie Luchi, responsable du projet de G\u00e9n\u00e9ration.s et Pierre-Fran\u00e7ois Grond, membre d\u2019Ensemble, tous deux co-animateurs du Big-Bang, sont les invit\u00e9s de #LaMidinale.<\/p>\n<h2>UNE MIDINALE \u00c0 VOIR&#8230;<\/h2>\n<p><iframe loading=\"lazy\" width=\"490\" height=\"276\" src=\"https:\/\/www.youtube.com\/embed\/T5oIu5J7t9s\" frameborder=\"0\" allow=\"accelerometer; autoplay; encrypted-media; gyroscope; picture-in-picture\" allowfullscreen><\/iframe><\/p>\n<p>&nbsp;<\/p>\n<p><h2>ET \u00c0 LIRE&#8230;<\/h2>\n<p><em>\u00a0<strong>Sur le Manifeste du temps des communs<br \/>\nMarie Luchi (G\u00e9n\u00e9ration.s)<\/em>\u00a0<\/strong><br \/>\n\u00ab C\u2019est un manifeste qui vient d\u2019assez loin. L\u2019envie de cr\u00e9er une culture commune vient de l\u2019appel du Big-Bang qu\u2019on a lanc\u00e9 en juin 2019. \u00bb<br \/>\n\u00ab Le confinement nous a donn\u00e9 du temps pour \u00e9crire. \u00bb<br \/>\n\u00ab On a voulu \u00e9crire une contribution pour construire ensemble l\u2019ann\u00e9e et demie qui s\u2019ouvre. \u00bb<\/p>\n<p><em>\u00a0<strong>Pierre-Fran\u00e7ois Grond (Ensemble)<\/em>\u00a0<\/strong><br \/>\n\u00ab Il se joue en ce moment des mobilisations sociales qu\u2019on sent multiformes et qui peuvent changer la donne. \u00bb<br \/>\n\u00ab Notre id\u00e9e, \u00e7a a \u00e9t\u00e9 de dire qu\u2019il faut donner une orientation et un cap politique. Il faut redonner du sens \u00e0 un projet \u00e9mancipateur. \u00bb<br \/>\n\u00ab La crise du Covid a \u00e9t\u00e9 l\u2019occasion d\u2019\u00e9crire et de mettre en contributions deux questions que l\u2019on veut croiser : la question de l\u2019\u00e9mancipation sociale et la question \u00e9cologique. \u00bb<br \/>\n\u00ab On a cherch\u00e9 \u00e0 organiser des croisements programmatiques qui viennent de diff\u00e9rentes cultures. Nous avons fait la d\u00e9monstration que c\u2019\u00e9tait possible et que l\u2019on peut se rassembler. \u00bb<br \/>\n\u00ab Possiblement, il y a un rassemblement politique qui est possible. Voil\u00e0 le pari du livre. \u00bb<\/p>\n<p><em>\u00a0<strong>Sur la question programmatique<br \/>\nMarie Luchi (G\u00e9n\u00e9ration.s)<\/em>\u00a0<\/strong><br \/>\n\u00ab Il n\u2019y aura pas d\u2019avanc\u00e9e commune, il n\u2019y aura pas d\u2019union, si on ne se met pas d\u2019accord sur un projet. \u00bb<br \/>\n\u00ab Il existe des diff\u00e9rences, des concurrences et c\u2019est normal. La question c\u2019est comment on les d\u00e9passe. \u00bb<br \/>\n\u00ab L\u2019accord su le programme, sur le fond, est indispensable si l\u2019on veut avancer. \u00bb<\/p>\n<p><em>\u00a0<strong>Pierre-Fran\u00e7ois Grond (Ensemble)<\/em>\u00a0<\/strong><br \/>\n\u00ab On peut \u00e0 la fois entrer dans le r\u00e9armement id\u00e9ologique, produire des id\u00e9es, prendre le meilleur du pass\u00e9 et aborder les temps nouveaux. Et dans le m\u00eame temps, pr\u00e9parer des \u00e9ch\u00e9ances politiques pour battre Macron et transformer en profondeur la soci\u00e9t\u00e9, une soci\u00e9t\u00e9 post capitaliste. Pour \u00e7a, il faut se rassembler. \u00bb<\/p>\n<p><em>\u00a0<strong>Sur les d\u00e9saccords politiques<br \/>\nMarie Luchi (G\u00e9n\u00e9ration.s)<\/em>\u00a0<\/strong><br \/>\n\u00ab Les d\u00e9saccords politiques ne sont pas insurmontables. \u00bb<br \/>\n\u00ab Si la question est de savoir si \u00e0 gauche il faudra faire des compromis dans la construction de l\u2019alternative, la r\u00e9ponse est oui. \u00bb<br \/>\n\u00ab L\u2019urgence sociale et \u00e9cologique est l\u00e0. On sait que les politiques men\u00e9es aujourd\u2019hui ne permettent pas de r\u00e9pondre \u00e0 cette double crise. \u00bb<\/p>\n<p><em>\u00a0<strong>Pierre-Fran\u00e7ois Grond (Ensemble)<\/em>\u00a0<\/strong><br \/>\n\u00ab Parlons de base de rassemblent. Ce qu\u2019il fait c\u2019est enregistrer ce qui a march\u00e9 et ce qui nous a emmen\u00e9 \u00e0 l\u2019\u00e9chec. Donc le livre il ne vise pas \u00e0 convaincre Fran\u00e7ois Hollande et Manuel Valls. \u00bb<br \/>\n\u00ab On veut cr\u00e9er une dynamique et il y a des millions de gens qui sont pr\u00eats \u00e0 entendre notre message politique. Il faut se remettre en mouvement. Et nous on essaie de se remettre en mouvement sur le terrain des id\u00e9es. \u00bb<div id='gallery-1' class='gallery galleryid-12447 gallery-columns-3 gallery-size-thumbnail'><figure class='gallery-item'>\n\t\t\t<div class='gallery-icon landscape'>\n\t\t\t\t<a href='https:\/\/archives.regards.fr\/wp-content\/uploads\/2020\/09\/capture_d_e_cran_2020-09-11_a_12-673.06.50.png'><img loading=\"lazy\" decoding=\"async\" width=\"150\" height=\"150\" src=\"https:\/\/archives.regards.fr\/wp-content\/uploads\/2020\/09\/capture_d_e_cran_2020-09-11_a_12-673.06.50-150x150.png\" class=\"attachment-thumbnail size-thumbnail\" alt=\"capture_d_e_cran_2020-09-11_a_12.06.50.png\" \/><\/a>\n\t\t\t<\/div><\/figure>\n\t\t<\/div>\n<\/p>\n","protected":false},"excerpt":{"rendered":"<p>Plusieurs personnalit\u00e9s, issues de sensibilit\u00e9s et d\u2019horizons divers, publient <em>le Manifeste du Temps des Communs<\/em> aux Editions Arcane 17. Marie Luchi, responsable du projet de G\u00e9n\u00e9ration.s et Pierre-Fran\u00e7ois Grond, membre d\u2019Ensemble, tous deux co-animateurs du Big-Bang, sont les invit\u00e9s de #LaMidinale.<\/p>\n","protected":false},"author":1039,"featured_media":29699,"comment_status":"open","ping_status":"open","sticky":false,"template":"","format":"standard","meta":{"_themeisle_gutenberg_block_has_review":false,"footnotes":""},"categories":[238],"tags":[293],"class_list":["post-12447","post","type-post","status-publish","format-standard","has-post-thumbnail","hentry","category-la-midinale","tag-entretien"],"_links":{"self":[{"href":"https:\/\/archives.regards.fr\/index.php?rest_route=\/wp\/v2\/posts\/12447","targetHints":{"allow":["GET"]}}],"collection":[{"href":"https:\/\/archives.regards.fr\/index.php?rest_route=\/wp\/v2\/posts"}],"about":[{"href":"https:\/\/archives.regards.fr\/index.php?rest_route=\/wp\/v2\/types\/post"}],"author":[{"embeddable":true,"href":"https:\/\/archives.regards.fr\/index.php?rest_route=\/wp\/v2\/users\/1039"}],"replies":[{"embeddable":true,"href":"https:\/\/archives.regards.fr\/index.php?rest_route=%2Fwp%2Fv2%2Fcomments&post=12447"}],"version-history":[{"count":0,"href":"https:\/\/archives.regards.fr\/index.php?rest_route=\/wp\/v2\/posts\/12447\/revisions"}],"wp:featuredmedia":[{"embeddable":true,"href":"https:\/\/archives.regards.fr\/index.php?rest_route=\/wp\/v2\/media\/29699"}],"wp:attachment":[{"href":"https:\/\/archives.regards.fr\/index.php?rest_route=%2Fwp%2Fv2%2Fmedia&parent=12447"}],"wp:term":[{"taxonomy":"category","embeddable":true,"href":"https:\/\/archives.regards.fr\/index.php?rest_route=%2Fwp%2Fv2%2Fcategories&post=12447"},{"taxonomy":"post_tag","embeddable":true,"href":"https:\/\/archives.regards.fr\/index.php?rest_route=%2Fwp%2Fv2%2Ftags&post=12447"}],"curies":[{"name":"wp","href":"https:\/\/api.w.org\/{rel}","templated":true}]}}