{"id":12442,"date":"2020-09-09T12:21:23","date_gmt":"2020-09-09T10:21:23","guid":{"rendered":"https:\/\/wp.muchomaas.com\/article-paul-poulain-l-annee-derniere-on-a-recense-1089-accidents-technologiques-en\/"},"modified":"2023-06-24T00:01:52","modified_gmt":"2023-06-23T22:01:52","slug":"article-paul-poulain-l-annee-derniere-on-a-recense-1089-accidents-technologiques-en","status":"publish","type":"post","link":"https:\/\/archives.regards.fr\/?p=12442","title":{"rendered":"\u00ab En 2019, on a recens\u00e9 1089 accidents technologiques en France, soit environ 3 par jour \u00bb"},"content":{"rendered":"<p class=\"post_excerpt\">Apr\u00e8s Lubrizol le 26 septembre 2019 et Beyrouth le 4 ao\u00fbt dernier, les risques technologiques sont au coeur des d\u00e9bats. Pour Paul Poulain, sp\u00e9cialiste en s\u00e9curit\u00e9 incendie et dans la ma\u00eetrise des risques industriels, la r\u00e9ponse doit passer par les citoyens.<\/p>\n<h2>UNE MIDINALE \u00c0 VOIR&#8230;<\/h2>\n<p><iframe loading=\"lazy\" width=\"490\" height=\"276\" src=\"https:\/\/www.youtube.com\/embed\/i6Qi_XTvT-k\" frameborder=\"0\" allow=\"accelerometer; autoplay; encrypted-media; gyroscope; picture-in-picture\" allowfullscreen><\/iframe><\/p>\n<p>&nbsp;<\/p>\n<p><p>&nbsp;<\/p>\n<p>\n<strong>LIRE AUSSI SUR REGARDS.FR<br \/>\n>><\/strong> <em><a href=\"hhttps:\/\/wp.muchomaas.com\/ecologie\/article\/tribune-notre-maison-brule-et-nous-ne-regarderons-plus-ailleurs\">Notre maison br\u00fble et nous ne regarderons plus ailleurs<\/a><\/em><\/p>\n<p>&nbsp;<\/p>\n<p><h2>ET \u00c0 LIRE&#8230;<\/h2>\n<p><em>\u00a0<strong>Sur l\u2019incendie de l\u2019usine Lubrizol le 26 septembre 2019<\/em>\u00a0<\/strong><br \/>\n\u00ab Lubrizol est un des 1.300 sites SEVESO en France donc faisait partie des sites les plus inspect\u00e9s. Le probl\u00e8me, d\u2019apr\u00e8s l\u2019enqu\u00eate parlementaire, viendrait d\u2019un incendie chez Normandie Logistique, une entreprise voisine, qui se serait propag\u00e9 chez Lubrizol. Et eux n\u2019\u00e9taient pas inspect\u00e9s m\u00eame s\u2019ils faisaient partie d\u2019un des 459.000 sites soumis \u00e0 d\u00e9claration en France. \u00bb<br \/>\n\u00ab Il faut appliquer la r\u00e9glementation : la r\u00e9glementation fran\u00e7aise est vraiment bonne \u00e0 quelques d\u00e9tails pr\u00e8s. Mais elle n\u2019est pas appliqu\u00e9e. \u00bb<br \/>\n\u00ab Dans le cas de Lubrizol, il aurait fallu que l\u2019entreprise Normandie Logistique soit \u00e9quip\u00e9e de syst\u00e8mes de s\u00e9curit\u00e9 incendie, notamment de syst\u00e8mes d\u2019extinction automatique ou de compartimentage. \u00bb<br \/>\n\u00ab En France, l\u2019ann\u00e9e derni\u00e8re, il y a eu quelque 18.000 inspections mais seulement 9.000 sites inspect\u00e9s, dont certains plusieurs fois. \u00bb<br \/>\n\u00ab L\u2019ann\u00e9e derni\u00e8re, on a eu 1.089 accidents technologiques en France, c\u2019est-\u00e0-dire environ 3 par jour. \u00bb<br \/>\n\u00ab Presque paradoxalement, Lubrizol est l\u2019une des entreprises qui a investi le plus en s\u00e9curit\u00e9 ces 5 derni\u00e8res ann\u00e9es mais cela n\u2019a pas emp\u00each\u00e9 un incendie qui a trouv\u00e9 sa source \u00e0 c\u00f4t\u00e9. \u00bb<\/p>\n<p><em>\u00a0<strong>Sur les risques incendie<\/em>\u00a0<\/strong><br \/>\n\u00ab Depuis 40 ans, la ma\u00eetrise des risques technologiques en France met en danger la population et l\u2019environnement : c\u2019est ce qui ressort d\u2019un rapport s\u00e9natorial publi\u00e9 en juin. \u00bb<br \/>\n \u00ab Les budgets de pr\u00e9vention des risques technologiques sont vraiment cons\u00e9quents pour les entreprises\u2026 dans une logique de comp\u00e9titivit\u00e9, il a toujours une recherche de diminution des frais fixes donc \u00e0 \u00e9viter d\u2019avoir des syst\u00e8mes de s\u00e9curit\u00e9. \u00bb<br \/>\n\u00ab Dans une logique assurancielle, certains sites vont plus loin que la r\u00e9glementation pour se prot\u00e9ger. \u00bb<br \/>\n\u00ab On pourrait fermer une entreprise pour des raisons de risques incendie mais l\u2019autorit\u00e9 de la ma\u00eetrise des risques technologiques d\u00e9pend du pr\u00e9fet\u2026 qui est toujours en train d\u2019arbitrer entre le d\u00e9veloppement \u00e9conomique de son territoire qui est en concurrence avec d\u2019autres et la s\u00e9curit\u00e9 de la population. C\u2019est dramatique. C\u2019est pourquoi des partis comme la France insoumise sont en train de travailler \u00e0 une proposition de loi pour la cr\u00e9ation d\u2019une autorit\u00e9 de s\u00fbret\u00e9 ind\u00e9pendante des installations class\u00e9es pour la protection de l\u2019environnement, inspir\u00e9e de ce qui s\u2019est pass\u00e9 dans le nucl\u00e9aire. \u00bb<\/p>\n<p><em>\u00a0<strong>Sur le nitrate d\u2019ammonium (responsable de l\u2019explosion de Beyrouth le 4 ao\u00fbt dernier et dont la France consomme 8% de la production mondiale)<\/em>\u00a0<\/strong><br \/>\n\u00ab 80% du nitrate d\u2019ammonium est utilis\u00e9 dans l\u2019agriculture comme engrais chimique et 20% pour cr\u00e9er des explosifs, notamment pour le b\u00e2timent, les carri\u00e8res et la route. \u00bb<br \/>\n\u00ab Fait int\u00e9ressant : le nitrate d\u2019ammonium agricole n\u2019est pas consid\u00e9r\u00e9 comme explosif. L\u2019Orange Book, le livre de l\u2019Organisation des Nations Unies sur les mati\u00e8res dangereuses, \u00e9voque que le nitrate d\u2019ammonium agricole est un comburant mais pas un explosif. Scientifiquement c\u2019est vrai mais \u00e0 partir de 0,2% de mati\u00e8re organique, c\u2019est-\u00e0-dire de la poussi\u00e8re de paille ou de la vapeur d\u2019eau, le nitrate d\u2019ammonium agricole se retrouve dans une situation explosive. \u00bb<br \/>\n\u00ab En Irlande comme dans 6 autres pays europ\u00e9ens, le nitrate d\u2019ammonium en tant qu\u2019engrais est interdit. Et les pays qui ne l\u2019interdisent pas r\u00e9glementent bien plus que la France. \u00bb<br \/>\n\u00ab En France, vous \u00eates r\u00e9glement\u00e9 \u00e0 partir du moment o\u00f9 vous stockez plus de 500.000 kilos de nitrate d\u2019ammonium agricole. Aux Etats-Unis, c\u2019est limit\u00e9 \u00e0 454 kilos. \u00bb<br \/>\n\u00ab Il y a le risque d\u2019explosion mais aussi le risque terroriste. \u00bb<br \/>\n\u00ab On a 177 sites qui stockent en France plus de 500.000 kilos de nitrate d\u2019ammonium. Les plus gros stockages sont \u00e0 Yara \u00e0 Amb\u00e8s (Gironde) et \u00e0 Montoir-de-Bretagne (Loire-Atlantique). A Amb\u00e8s, ils sont autoris\u00e9s \u00e0 stocker jusqu\u2019\u00e0 168.000 tonnes de nitrate d\u2019ammonium, c\u2019est-\u00e0-dire 25 fois plus qu\u2019\u00e0 Beyrouth. S\u2019il y avait une explosion, ce serait catastrophique car cela toucherait Bordeaux qui se trouve \u00e0 une vingtaine de kilom\u00e8tres (\u2026). N\u00e9anmoins, ce site-l\u00e0 n\u2019est pas mis en demeure par l\u2019administration vis-\u00e0-vis du risque d\u2019explosion : les risques sont sur la pollution de l\u2019air et de l\u2019eau. \u00bb<br \/>\n\u00ab Le nitrate d\u2019ammonium agricole, contrairement au lubrifiant automobile de Lubrizol, nous pouvons nous en passer tr\u00e8s rapidement. En passant en agriculture paysanne, nous nous passerons petit \u00e0 petit des engrais chimiques et nous supprimerons le risque \u00e0 la source. \u00bb<\/p>\n<p><em>\u00a0<strong>Sur l\u2019appel \u00e0 des mobilisations le 26 septembre prochain \u00ab Notre maison br\u00fble, et nous ne regarderons plus ailleurs \u00bb<\/em>\u00a0<\/strong><br \/>\n\u00ab Dans l\u2019appel sign\u00e9 par \u00e0 peu pr\u00e8s tous les partis politiques de gauche et les associations environnementales qui traitent des sujets des risques technologiques, des gilets jaunes, des citoyens de la Convention citoyenne pour le climat, on propose de faire le travail que l\u2019Etat ne fait pas aujourd\u2019hui en s\u2019auto-formant collectivement. \u00bb<br \/>\n\u00ab Je ne fais confiance ni en l\u2019Etat ni en les entreprises priv\u00e9es ; ce n\u2019est pas pour cela que j\u2019ai une totale m\u00e9fiance vis-\u00e0-vis d\u2019eux non plus. \u00bb<br \/>\n\u00ab Il faut faire de l\u2019\u00e9ducation populaire dans une logique horizontale pour discuter collectivement de ces sujets et partager des connaissances sans d\u00e9pendre de l\u2019Etat ou des entreprises priv\u00e9es. \u00bb<br \/>\n\u00ab Une \u00e9tude est parue la semaine derni\u00e8re sur le risque de s\u00e9isme qui \u00e9voquait une faille jug\u00e9e inactive dans les \u00e9tudes sismologiques s\u2019est r\u00e9veill\u00e9e l\u2019ann\u00e9e derni\u00e8re au Teil en Ard\u00e8che, \u00e0 c\u00f4t\u00e9 d\u2019une centrale nucl\u00e9aire\u2026 \u00bb<br \/>\n\u00ab Sans tomber dans la panique, il faut sortir de la logique que l\u2019humain ma\u00eetrise tout \u2013 comme on l\u2019a vu avec le coronavirus. \u00bb<br \/>\n\u00ab Il faut \u00e9viter de suivre aveugl\u00e9ment l\u2019\u00e9lite \u00e9clair\u00e9e qui nous amene dans un corner qui fait qu\u2019une partie de la gauche n\u2019arrive plus \u00e0 parler aux gens \u2013 mais rien n\u2019est perdu, on est capable de le faire ! \u00bb<div id='gallery-1' class='gallery galleryid-12442 gallery-columns-3 gallery-size-thumbnail'><figure class='gallery-item'>\n\t\t\t<div class='gallery-icon landscape'>\n\t\t\t\t<a href='https:\/\/archives.regards.fr\/wp-content\/uploads\/2020\/09\/capture_d_e_cran_2020-09-09_a_12-4bf.07.16.png'><img loading=\"lazy\" decoding=\"async\" width=\"150\" height=\"150\" src=\"https:\/\/archives.regards.fr\/wp-content\/uploads\/2020\/09\/capture_d_e_cran_2020-09-09_a_12-4bf.07.16-150x150.png\" class=\"attachment-thumbnail size-thumbnail\" alt=\"capture_d_e_cran_2020-09-09_a_12.07.16.png\" \/><\/a>\n\t\t\t<\/div><\/figure>\n\t\t<\/div>\n<\/p>\n","protected":false},"excerpt":{"rendered":"<p>Apr\u00e8s Lubrizol le 26 septembre 2019 et Beyrouth le 4 ao\u00fbt dernier, les risques technologiques sont au coeur des d\u00e9bats. Pour Paul Poulain, sp\u00e9cialiste en s\u00e9curit\u00e9 incendie et dans la ma\u00eetrise des risques industriels, la r\u00e9ponse doit passer par les citoyens.<\/p>\n","protected":false},"author":1204,"featured_media":29691,"comment_status":"open","ping_status":"open","sticky":false,"template":"","format":"standard","meta":{"_themeisle_gutenberg_block_has_review":false,"footnotes":""},"categories":[238],"tags":[293],"class_list":["post-12442","post","type-post","status-publish","format-standard","has-post-thumbnail","hentry","category-la-midinale","tag-entretien"],"_links":{"self":[{"href":"https:\/\/archives.regards.fr\/index.php?rest_route=\/wp\/v2\/posts\/12442","targetHints":{"allow":["GET"]}}],"collection":[{"href":"https:\/\/archives.regards.fr\/index.php?rest_route=\/wp\/v2\/posts"}],"about":[{"href":"https:\/\/archives.regards.fr\/index.php?rest_route=\/wp\/v2\/types\/post"}],"author":[{"embeddable":true,"href":"https:\/\/archives.regards.fr\/index.php?rest_route=\/wp\/v2\/users\/1204"}],"replies":[{"embeddable":true,"href":"https:\/\/archives.regards.fr\/index.php?rest_route=%2Fwp%2Fv2%2Fcomments&post=12442"}],"version-history":[{"count":0,"href":"https:\/\/archives.regards.fr\/index.php?rest_route=\/wp\/v2\/posts\/12442\/revisions"}],"wp:featuredmedia":[{"embeddable":true,"href":"https:\/\/archives.regards.fr\/index.php?rest_route=\/wp\/v2\/media\/29691"}],"wp:attachment":[{"href":"https:\/\/archives.regards.fr\/index.php?rest_route=%2Fwp%2Fv2%2Fmedia&parent=12442"}],"wp:term":[{"taxonomy":"category","embeddable":true,"href":"https:\/\/archives.regards.fr\/index.php?rest_route=%2Fwp%2Fv2%2Fcategories&post=12442"},{"taxonomy":"post_tag","embeddable":true,"href":"https:\/\/archives.regards.fr\/index.php?rest_route=%2Fwp%2Fv2%2Ftags&post=12442"}],"curies":[{"name":"wp","href":"https:\/\/api.w.org\/{rel}","templated":true}]}}