{"id":12439,"date":"2020-09-08T14:45:38","date_gmt":"2020-09-08T12:45:38","guid":{"rendered":"https:\/\/wp.muchomaas.com\/article-thierry-labica-en-grande-bretagne-le-brexit-favorise-les-opinions\/"},"modified":"2023-06-24T00:01:47","modified_gmt":"2023-06-23T22:01:47","slug":"article-thierry-labica-en-grande-bretagne-le-brexit-favorise-les-opinions","status":"publish","type":"post","link":"https:\/\/archives.regards.fr\/?p=12439","title":{"rendered":"Thierry Labica : \u00ab En Grande-Bretagne, le Brexit favorise les opinions ind\u00e9pendantistes \u00bb"},"content":{"rendered":"<p class=\"post_excerpt\">Aujourd&#8217;hui commence le huiti\u00e8me round de n\u00e9gociations sur les relations entre l&#8217;Union europ\u00e9enne et la Grande-Bretagne. L&#8217;objectif ? Un accord pour le Conseil europ\u00e9en du 15 octobre prochain et une entr\u00e9e en vigueur \u00e0 partir du 1er janvier 2021. Mais il semble y avoir encore beaucoup d&#8217;obstacles&#8230; On en parle avec Thierry Labica, ma\u00eetre de conf\u00e9rence en \u00e9tudes britanniques \u00e0 l&#8217;Universit\u00e9 Paris-Nanterre.<\/p>\n<h2>UNE MIDINALE \u00c0 VOIR&#8230;<\/h2>\n<p><iframe loading=\"lazy\" width=\"490\" height=\"276\" src=\"https:\/\/www.youtube.com\/embed\/355vOD3hDuI\" frameborder=\"0\" allow=\"accelerometer; autoplay; encrypted-media; gyroscope; picture-in-picture\" allowfullscreen><\/iframe><\/p>\n<p>&nbsp;<\/p>\n<p><h2>ET \u00c0 LIRE&#8230;<\/h2>\n<p><em>\u00a0<strong>Sur la posture Boris Jonhson<\/em>\u00a0<\/strong><br \/>\n\u00ab Il y a un signe de confusion extr\u00eame qui ne fait que r\u00e9v\u00e9ler un certain charlatanisme de la part de Boris Johnson. \u00bb<br \/>\n\u00ab Johnson r\u00e9introduit une esp\u00e8ce de concurrence fatale entre le droit britannique &#8211; les normes commerciales britanniques au sein du Royaume-Uni &#8211; et les normes europ\u00e9ennes. \u00bb<br \/>\n\u00ab Ce contexte pose de gros probl\u00e8mes, notamment commerciaux : par exemple, la grande distribution ne sait pas quel label mettre sur les produits qu\u2019ils vont vendre en Irlande du Nord. \u00bb<br \/>\n\u00ab Il y a de l\u2019anxi\u00e9t\u00e9 du c\u00f4t\u00e9 de la grande distribution et du c\u00f4t\u00e9 des consommateurs. \u00bb<br \/>\n\u00ab En terme r\u00e9putationnel, pour la Grande Bretagne c\u2019est tr\u00e8s grave puisqu\u2019ils sont en train de remettre en cause un accord qui a \u00e9t\u00e9 n\u00e9goci\u00e9 il y a un an. \u00bb<\/p>\n<p><em>\u00a0<strong>Sur les cons\u00e9quences et les alternatives pour le Royaume-Uni<\/em>\u00a0<\/strong><br \/>\n\u00ab La situation est grave de tout point de vue. \u00bb<br \/>\n\u00ab Johnson a voulu faire croire qu\u2019il y avait un projet commercial alternatif avec les Etats-Unis. Ce projet n\u2019avance pas. Il n\u2019y a pas d\u2019accord sur la question de l\u2019industrie pharmaceutique et de l\u2019agri-business &#8211; les anglais ne veulent pas revoir \u00e0 la baisse les normes sanitaires. \u00bb<br \/>\n\u00ab Cet accord avec les Etats-Unis ne va pas avoir lieu. \u00bb<br \/>\n\u00ab En janvier, la Grande-Bretagne avait n\u00e9goci\u00e9 avec la Chine le d\u00e9veloppement de la 5G en Grande-Bretagne, avec l\u2019entreprise Huawei. Sous pression am\u00e9ricaine, la Grande-Bretagne a fini par renoncer \u00e0 ce qui \u00e9tait sign\u00e9 avec la Chine (\u2026). Les relations commerciales avec la Chine sont pour partie compromises &#8211; la Chine \u00e9tant vend debout contre la Grande Bretagne. \u00bb<\/p>\n<p><em>\u00a0<strong>Sur l\u2019unit\u00e9 chez les conservateurs<\/em>\u00a0<\/strong><br \/>\n\u00ab Il y a un cumul de facteurs hostiles et difficiles qui ont vocation \u00e0 cr\u00e9er des dissensions tr\u00e8s fortes au sein m\u00eame des conservateurs. \u00bb<br \/>\n\u00ab Les perspectives sont difficiles \u00e0 pr\u00e9voir. \u00bb<\/p>\n<p><em>\u00a0<strong>Sur les cons\u00e9quences du Brexit sur les britanniques<\/strong>\u00a0<\/em><br \/>\n\u00ab Les programmes europ\u00e9ens, sur les budgets 2014-2020, c\u2019est plus de 26 milliards d\u2019euros. \u00bb<br \/>\n\u00ab Le Pays de Galle d\u00e9pend dans sa globalit\u00e9 tr\u00e8s lourdement des programmes europ\u00e9ens. Une grande partie de l\u2019Ecosse d\u00e9pend aussi de ces fonds. \u00bb<br \/>\n\u00ab Personne ne sait si l\u2019Etat britannique va compenser ce trou de 26 milliards d\u2019euros &#8211; d\u2019autant que la situation est tr\u00e8s aggrav\u00e9e par le Covid. \u00bb<br \/>\n\u00ab Certaines personnes en Ecosse se disent que s\u2019ils \u00e9taient rest\u00e9s en Europe [avec l\u2019accord sur le plan europ\u00e9en de 750 milliards d\u2019euros] ils auraient touch\u00e9s 5,4 milliards d\u2019euros. Le r\u00e9sultat c\u2019est que depuis quelques mois, l\u2019opinion publique en Ecosse est devenue tr\u00e8s nettement favorable \u00e0 l\u2019ind\u00e9pendance. \u00bb<\/p>\n<p><em>\u00a0<strong>Sur le compromis possible entre Royaume Uni et l\u2019Union europ\u00e9enne<\/em>\u00a0<\/strong><br \/>\n\u00ab Il est difficile de se dire que l\u2019Europe pourrait se dire tant pis si un accord d\u2019intervenait pas. Le volume des accords avec l\u2019Europe est gigantesque. La Grande Bretagne importe \u00e9norm\u00e9ment d\u2019Allemagne. \u00bb<\/p>\n<p><em>\u00a0<strong>Sur la mont\u00e9e des ind\u00e9pendantismes<\/em>\u00a0<\/strong><br \/>\n\u00ab Il y a une r\u00e9affirmation d\u2019un pouvoir centralis\u00e9 londonien sur les assembl\u00e9es qui sont n\u00e9es de la d\u00e9volution, en Ecosse et au Pays de Galle. \u00bb<br \/>\n\u00ab Le projet de loi sur le commerce int\u00e9rieur qui est pressenti depuis hier, remet en cause toute une s\u00e9rie de pr\u00e9rogatives de l\u2019assembl\u00e9e galloise. \u00bb<br \/>\n\u00ab Il y a beaucoup d\u2019\u00e9l\u00e9ments de crise constitutionnelle qui favorisent les opinions ind\u00e9pendantistes et nationalistes &#8211; notamment en Irlande du Nord o\u00f9 l\u2019\u00e9ventualit\u00e9 d\u2019une r\u00e9unification parait pr\u00e9f\u00e9rable pour une majorit\u00e9 de ses habitants. \u00bb <div id='gallery-1' class='gallery galleryid-12439 gallery-columns-3 gallery-size-thumbnail'><figure class='gallery-item'>\n\t\t\t<div class='gallery-icon landscape'>\n\t\t\t\t<a href='https:\/\/archives.regards.fr\/wp-content\/uploads\/2020\/09\/capture_d_e_cran_2020-09-08_a_12-b48.42.00.png'><img loading=\"lazy\" decoding=\"async\" width=\"150\" height=\"150\" src=\"https:\/\/archives.regards.fr\/wp-content\/uploads\/2020\/09\/capture_d_e_cran_2020-09-08_a_12-b48.42.00-150x150.png\" class=\"attachment-thumbnail size-thumbnail\" alt=\"capture_d_e_cran_2020-09-08_a_12.42.00.png\" \/><\/a>\n\t\t\t<\/div><\/figure>\n\t\t<\/div>\n<\/p>\n","protected":false},"excerpt":{"rendered":"<p>Aujourd&#8217;hui commence le huiti\u00e8me round de n\u00e9gociations sur les relations entre l&#8217;Union europ\u00e9enne et la Grande-Bretagne. L&#8217;objectif ? Un accord pour le Conseil europ\u00e9en du 15 octobre prochain et une entr\u00e9e en vigueur \u00e0 partir du 1er janvier 2021. Mais il semble y avoir encore beaucoup d&#8217;obstacles&#8230; On en parle avec Thierry Labica, ma\u00eetre de conf\u00e9rence en \u00e9tudes britanniques \u00e0 l&#8217;Universit\u00e9 Paris-Nanterre.<\/p>\n","protected":false},"author":1039,"featured_media":29687,"comment_status":"open","ping_status":"open","sticky":false,"template":"","format":"standard","meta":{"_themeisle_gutenberg_block_has_review":false,"footnotes":""},"categories":[238],"tags":[293],"class_list":["post-12439","post","type-post","status-publish","format-standard","has-post-thumbnail","hentry","category-la-midinale","tag-entretien"],"_links":{"self":[{"href":"https:\/\/archives.regards.fr\/index.php?rest_route=\/wp\/v2\/posts\/12439","targetHints":{"allow":["GET"]}}],"collection":[{"href":"https:\/\/archives.regards.fr\/index.php?rest_route=\/wp\/v2\/posts"}],"about":[{"href":"https:\/\/archives.regards.fr\/index.php?rest_route=\/wp\/v2\/types\/post"}],"author":[{"embeddable":true,"href":"https:\/\/archives.regards.fr\/index.php?rest_route=\/wp\/v2\/users\/1039"}],"replies":[{"embeddable":true,"href":"https:\/\/archives.regards.fr\/index.php?rest_route=%2Fwp%2Fv2%2Fcomments&post=12439"}],"version-history":[{"count":0,"href":"https:\/\/archives.regards.fr\/index.php?rest_route=\/wp\/v2\/posts\/12439\/revisions"}],"wp:featuredmedia":[{"embeddable":true,"href":"https:\/\/archives.regards.fr\/index.php?rest_route=\/wp\/v2\/media\/29687"}],"wp:attachment":[{"href":"https:\/\/archives.regards.fr\/index.php?rest_route=%2Fwp%2Fv2%2Fmedia&parent=12439"}],"wp:term":[{"taxonomy":"category","embeddable":true,"href":"https:\/\/archives.regards.fr\/index.php?rest_route=%2Fwp%2Fv2%2Fcategories&post=12439"},{"taxonomy":"post_tag","embeddable":true,"href":"https:\/\/archives.regards.fr\/index.php?rest_route=%2Fwp%2Fv2%2Ftags&post=12439"}],"curies":[{"name":"wp","href":"https:\/\/api.w.org\/{rel}","templated":true}]}}